{"id":20256,"date":"2026-09-05T01:16:54","date_gmt":"2026-09-05T01:16:54","guid":{"rendered":"https:\/\/congresogro.gob.mx\/inicio\/?p=20256"},"modified":"2026-09-05T01:18:32","modified_gmt":"2026-09-05T01:18:32","slug":"multas-por-danos-ambientales-se-destinen-a-trabajos-de-restauracion-propone-diputada-en-una-nueva-ley","status":"publish","type":"post","link":"https:\/\/congresogro.gob.mx\/inicio\/multas-por-danos-ambientales-se-destinen-a-trabajos-de-restauracion-propone-diputada-en-una-nueva-ley\/","title":{"rendered":"Multas por da\u00f1os ambientales se destinen a trabajos de restauraci\u00f3n, propone diputada en una nueva Ley"},"content":{"rendered":"\t\t<div data-elementor-type=\"wp-post\" data-elementor-id=\"20256\" class=\"elementor elementor-20256\">\n\t\t\t\t<div class=\"elementor-element elementor-element-ab28e0d e-flex e-con-boxed e-con e-parent\" data-id=\"ab28e0d\" data-element_type=\"container\">\n\t\t\t\t\t<div class=\"e-con-inner\">\n\t\t\t\t<div class=\"elementor-element elementor-element-9358435 elementor-widget elementor-widget-text-editor\" data-id=\"9358435\" data-element_type=\"widget\" data-widget_type=\"text-editor.default\">\n\t\t\t\t<div class=\"elementor-widget-container\">\n\t\t\t\t\t\t\t<p style=\"text-align: justify;\"><strong>Chilpancingo, Gro., 04 de septiembre de 2026.-<\/strong> Con el fin de dotar a la entidad de un marco jur\u00eddico y procesal especializado que garantice la reparaci\u00f3n material y obligatoria de los da\u00f1os causados a los ecosistemas, asegurando que las sanciones econ\u00f3micas se destinen \u00edntegramente a la restauraci\u00f3n y conservaci\u00f3n de la biodiversidad, la diputada Obdulia Naranjo Cabrera (PVEM) present\u00f3 una iniciativa de Ley de Responsabilidad Ambiental del Estado de Guerrero.<\/p><p style=\"text-align: justify;\">Al fundamentar su propuesta desde tribuna, la legisladora refiri\u00f3 que su propuesta representa un cambio de paradigma en la defensa del entorno ecol\u00f3gico, transformando la visi\u00f3n tradicional y meramente recaudatoria en una obligaci\u00f3n firme de resarcimiento material de las afectaciones provocadas a la naturaleza, luego de que durante d\u00e9cadas el marco legal ha permitido que la contaminaci\u00f3n sea asumida como un simple costo operacional. <\/p><p style=\"text-align: justify;\">Abund\u00f3 que este nuevo ordenamiento busca materializar el principio de que &#8220;el que contamina paga&#8221;, garantizando que quien atente contra los recursos naturales financie y ejecute las acciones t\u00e9cnicas necesarias para devolver los ecosistemas a su estado original.<\/p><p style=\"text-align: justify;\">Naranjo Cabrera puntualiz\u00f3 que actualmente Guerrero carece de una legislaci\u00f3n especializada propia en justicia ambiental civil, lo que genera un vac\u00edo jur\u00eddico para la ciudadan\u00eda y las instituciones locales al momento de exigir la restituci\u00f3n del equilibrio ecol\u00f3gico. <\/p><p style=\"text-align: justify;\">Con ello, afirm\u00f3, la entidad avanzar\u00e1 a la vanguardia nacional, a la par de estados como Michoac\u00e1n, Sonora, Coahuila y Quintana Roo, dotando a los tribunales y autoridades guerrerenses de soberan\u00eda judicial para resolver estos litigios de forma eficaz.<\/p><p style=\"text-align: justify;\">La propuesta fue turnada a la Comisi\u00f3n de Recursos Naturales, Desarrollo Sustentable y Cambio Clim\u00e1tico, para su correspondiente an\u00e1lisis y dictaminaci\u00f3n.<\/p>\t\t\t\t\t\t<\/div>\n\t\t\t\t<\/div>\n\t\t\t\t\t<\/div>\n\t\t\t\t<\/div>\n\t\t\t\t<\/div>\n\t\t","protected":false},"excerpt":{"rendered":"<p>Chilpancingo, Gro., 04 de septiembre de 2026.- Con el fin de dotar a la entidad de un marco jur\u00eddico y procesal especializado que garantice la reparaci\u00f3n material y obligatoria de los da\u00f1os causados a los ecosistemas, asegurando que las sanciones econ\u00f3micas se destinen \u00edntegramente a la restauraci\u00f3n y conservaci\u00f3n de la biodiversidad, la diputada Obdulia [&hellip;]<\/p>\n","protected":false},"author":3,"featured_media":20257,"comment_status":"closed","ping_status":"open","sticky":false,"template":"","format":"standard","meta":{"_seopress_robots_primary_cat":"","_seopress_titles_title":"","_seopress_titles_desc":"","_seopress_robots_index":"","footnotes":""},"categories":[178],"tags":[108],"class_list":["post-20256","post","type-post","status-publish","format-standard","has-post-thumbnail","hentry","category-recursos-naturales-desarrollo-sustentable-y-cambio-climatico","tag-obdulia-naranjo-cabrera"],"_links":{"self":[{"href":"https:\/\/congresogro.gob.mx\/inicio\/wp-json\/wp\/v2\/posts\/20256","targetHints":{"allow":["GET"]}}],"collection":[{"href":"https:\/\/congresogro.gob.mx\/inicio\/wp-json\/wp\/v2\/posts"}],"about":[{"href":"https:\/\/congresogro.gob.mx\/inicio\/wp-json\/wp\/v2\/types\/post"}],"author":[{"embeddable":true,"href":"https:\/\/congresogro.gob.mx\/inicio\/wp-json\/wp\/v2\/users\/3"}],"replies":[{"embeddable":true,"href":"https:\/\/congresogro.gob.mx\/inicio\/wp-json\/wp\/v2\/comments?post=20256"}],"version-history":[{"count":4,"href":"https:\/\/congresogro.gob.mx\/inicio\/wp-json\/wp\/v2\/posts\/20256\/revisions"}],"predecessor-version":[{"id":20261,"href":"https:\/\/congresogro.gob.mx\/inicio\/wp-json\/wp\/v2\/posts\/20256\/revisions\/20261"}],"wp:featuredmedia":[{"embeddable":true,"href":"https:\/\/congresogro.gob.mx\/inicio\/wp-json\/wp\/v2\/media\/20257"}],"wp:attachment":[{"href":"https:\/\/congresogro.gob.mx\/inicio\/wp-json\/wp\/v2\/media?parent=20256"}],"wp:term":[{"taxonomy":"category","embeddable":true,"href":"https:\/\/congresogro.gob.mx\/inicio\/wp-json\/wp\/v2\/categories?post=20256"},{"taxonomy":"post_tag","embeddable":true,"href":"https:\/\/congresogro.gob.mx\/inicio\/wp-json\/wp\/v2\/tags?post=20256"}],"curies":[{"name":"wp","href":"https:\/\/api.w.org\/{rel}","templated":true}]}}