{"id":20250,"date":"2026-09-05T01:11:30","date_gmt":"2026-09-05T01:11:30","guid":{"rendered":"https:\/\/congresogro.gob.mx\/inicio\/?p=20250"},"modified":"2026-09-05T01:12:59","modified_gmt":"2026-09-05T01:12:59","slug":"plantean-que-sefina-garantice-recursos-a-organizaciones-civiles-contra-el-cancer","status":"publish","type":"post","link":"https:\/\/congresogro.gob.mx\/inicio\/plantean-que-sefina-garantice-recursos-a-organizaciones-civiles-contra-el-cancer\/","title":{"rendered":"Plantean que Sefina garantice recursos a organizaciones civiles contra el c\u00e1ncer"},"content":{"rendered":"\t\t<div data-elementor-type=\"wp-post\" data-elementor-id=\"20250\" class=\"elementor elementor-20250\">\n\t\t\t\t<div class=\"elementor-element elementor-element-8dc80f9 e-flex e-con-boxed e-con e-parent\" data-id=\"8dc80f9\" data-element_type=\"container\">\n\t\t\t\t\t<div class=\"e-con-inner\">\n\t\t\t\t<div class=\"elementor-element elementor-element-5e6ae27 elementor-widget elementor-widget-text-editor\" data-id=\"5e6ae27\" data-element_type=\"widget\" data-widget_type=\"text-editor.default\">\n\t\t\t\t<div class=\"elementor-widget-container\">\n\t\t\t\t\t\t\t<p>Lorem ipsum dolor sit amet, consectetur adipiscing elit. Ut elit tellus, luctus nec ullamcorper mattis, pulvinar dapibus leo.<\/p>\t\t\t\t\t\t<\/div>\n\t\t\t\t<\/div>\n\t\t\t\t\t<\/div>\n\t\t\t\t<\/div>\n\t\t<div class=\"elementor-element elementor-element-a82ec7a e-flex e-con-boxed e-con e-parent\" data-id=\"a82ec7a\" data-element_type=\"container\">\n\t\t\t\t\t<div class=\"e-con-inner\">\n\t\t\t\t<div class=\"elementor-element elementor-element-8d3c1e7 elementor-widget elementor-widget-text-editor\" data-id=\"8d3c1e7\" data-element_type=\"widget\" data-widget_type=\"text-editor.default\">\n\t\t\t\t<div class=\"elementor-widget-container\">\n\t\t\t\t\t\t\t<p style=\"text-align: justify;\"><strong>Chilpancingo, Gro., 04 de septiembre de 2026.-<\/strong> Para fortalecer las acciones de organizaciones de la sociedad civil que brindan atenci\u00f3n, acompa\u00f1amiento y apoyo a personas, ni\u00f1os y ni\u00f1as que enfrentan el c\u00e1ncer, el diputado Juli\u00e1n L\u00f3pez Galeana propuso un exhorto a la Secretar\u00eda de Finanzas y Administraci\u00f3n del Estado para que analice la asignaci\u00f3n de recursos para este efecto en el Presupuesto de Egresos 2027.<\/p><p style=\"text-align: justify;\">El legislador se\u00f1al\u00f3 que de acuerdo con informaci\u00f3n del Instituto Nacional de Estad\u00edstica y Geograf\u00eda (Inegi), durante el 2024 se registr\u00f3 en Guerrero una tasa de mortalidad por tumores malignos de 50.7 por cada cien mil habitantes, lo que hace ver el problema como un asunto mayor.<\/p><p style=\"text-align: justify;\">Abund\u00f3 que existen organizaciones como la Asociaci\u00f3n Mexicana de Ayuda a Ni\u00f1os con C\u00e1ncer (AMANC) y Grupo Reto Guerrero que operan s\u00f3lo con base en las donaciones, mismas que durante a\u00f1os han acompa\u00f1ado a personas diagnosticadas con c\u00e1ncer y a sus familias, brind\u00e1ndoles apoyos que contribuyen a disminuir las dificultades econ\u00f3micas propias de los tratamientos.<\/p><p style=\"text-align: justify;\">Por lo anterior, el diputado propuso exhortar a dicha dependencia para que, de conformidad con las disposiciones legales aplicables y la disponibilidad presupuestaria, analice y, en su caso, considere la asignaci\u00f3n de recursos en el presupuesto del pr\u00f3ximo a\u00f1o, con miras a fortalecer las acciones de estas organizaciones que brindan atenci\u00f3n, acompa\u00f1amiento y apoyo a quienes enfrentan esta dif\u00edcil enfermedad. <\/p><p style=\"text-align: justify;\">Dicho punto de acuerdo fue turnado a las Comisiones Unidas de Salud y de los Derechos de las Ni\u00f1as, Ni\u00f1os y Adolescentes, mismo al que se adhirieron las diputadas Glafira Meraza Prudente, Mar\u00eda del Pilar Vadillo Ruiz, Leticia Mosso Hern\u00e1ndez, Obdulia Naranjo Cabrera, Araceli Ocampo Manzanares, Mar\u00eda Irene Montiel Serv\u00edn y el diputado Edgar Ventura de la Cruz.<\/p>\t\t\t\t\t\t<\/div>\n\t\t\t\t<\/div>\n\t\t\t\t\t<\/div>\n\t\t\t\t<\/div>\n\t\t\t\t<\/div>\n\t\t","protected":false},"excerpt":{"rendered":"<p>Lorem ipsum dolor sit amet, consectetur adipiscing elit. Ut elit tellus, luctus nec ullamcorper mattis, pulvinar dapibus leo. Chilpancingo, Gro., 04 de septiembre de 2026.- Para fortalecer las acciones de organizaciones de la sociedad civil que brindan atenci\u00f3n, acompa\u00f1amiento y apoyo a personas, ni\u00f1os y ni\u00f1as que enfrentan el c\u00e1ncer, el diputado Juli\u00e1n L\u00f3pez Galeana [&hellip;]<\/p>\n","protected":false},"author":3,"featured_media":20251,"comment_status":"closed","ping_status":"open","sticky":false,"template":"","format":"standard","meta":{"_seopress_robots_primary_cat":"","_seopress_titles_title":"","_seopress_titles_desc":"","_seopress_robots_index":"","footnotes":""},"categories":[176,135],"tags":[96,88,118,107,79,109,84,108],"class_list":["post-20250","post","type-post","status-publish","format-standard","has-post-thumbnail","hentry","category-derechos-de-las-ninas-ninos-y-adolescentes","category-salud","tag-araceli-ocampo-manzanares","tag-edgar-ventura-de-la-cruz","tag-glafira-meraza-prudente","tag-julian-lopez-galeana","tag-leticia-mosso-hernandez","tag-ma-del-pilar-vadillo-ruiz","tag-maria-irene-montiel-servin-2","tag-obdulia-naranjo-cabrera"],"_links":{"self":[{"href":"https:\/\/congresogro.gob.mx\/inicio\/wp-json\/wp\/v2\/posts\/20250","targetHints":{"allow":["GET"]}}],"collection":[{"href":"https:\/\/congresogro.gob.mx\/inicio\/wp-json\/wp\/v2\/posts"}],"about":[{"href":"https:\/\/congresogro.gob.mx\/inicio\/wp-json\/wp\/v2\/types\/post"}],"author":[{"embeddable":true,"href":"https:\/\/congresogro.gob.mx\/inicio\/wp-json\/wp\/v2\/users\/3"}],"replies":[{"embeddable":true,"href":"https:\/\/congresogro.gob.mx\/inicio\/wp-json\/wp\/v2\/comments?post=20250"}],"version-history":[{"count":4,"href":"https:\/\/congresogro.gob.mx\/inicio\/wp-json\/wp\/v2\/posts\/20250\/revisions"}],"predecessor-version":[{"id":20255,"href":"https:\/\/congresogro.gob.mx\/inicio\/wp-json\/wp\/v2\/posts\/20250\/revisions\/20255"}],"wp:featuredmedia":[{"embeddable":true,"href":"https:\/\/congresogro.gob.mx\/inicio\/wp-json\/wp\/v2\/media\/20251"}],"wp:attachment":[{"href":"https:\/\/congresogro.gob.mx\/inicio\/wp-json\/wp\/v2\/media?parent=20250"}],"wp:term":[{"taxonomy":"category","embeddable":true,"href":"https:\/\/congresogro.gob.mx\/inicio\/wp-json\/wp\/v2\/categories?post=20250"},{"taxonomy":"post_tag","embeddable":true,"href":"https:\/\/congresogro.gob.mx\/inicio\/wp-json\/wp\/v2\/tags?post=20250"}],"curies":[{"name":"wp","href":"https:\/\/api.w.org\/{rel}","templated":true}]}}