{"id":20236,"date":"2026-09-04T00:22:20","date_gmt":"2026-09-04T00:22:20","guid":{"rendered":"https:\/\/congresogro.gob.mx\/inicio\/?p=20236"},"modified":"2026-09-04T00:23:56","modified_gmt":"2026-09-04T00:23:56","slug":"que-haya-representacion-indigena-en-el-poder-judicial-plantea-el-congreso","status":"publish","type":"post","link":"https:\/\/congresogro.gob.mx\/inicio\/que-haya-representacion-indigena-en-el-poder-judicial-plantea-el-congreso\/","title":{"rendered":"Que haya representaci\u00f3n ind\u00edgena en el Poder Judicial, plantea el Congreso"},"content":{"rendered":"\t\t<div data-elementor-type=\"wp-post\" data-elementor-id=\"20236\" class=\"elementor elementor-20236\">\n\t\t\t\t<div class=\"elementor-element elementor-element-8c67cf1 e-flex e-con-boxed e-con e-parent\" data-id=\"8c67cf1\" data-element_type=\"container\">\n\t\t\t\t\t<div class=\"e-con-inner\">\n\t\t\t\t<div class=\"elementor-element elementor-element-7470128 elementor-widget elementor-widget-text-editor\" data-id=\"7470128\" data-element_type=\"widget\" data-widget_type=\"text-editor.default\">\n\t\t\t\t<div class=\"elementor-widget-container\">\n\t\t\t\t\t\t\t<p style=\"text-align: justify;\"><strong>Chilpancingo, Gro., 3 de septiembre de 2026.<\/strong>&#8211; Por la importancia de que el Poder Judicial est\u00e9 integrado tambi\u00e9n por personas provenientes de las comunidades y pueblos ind\u00edgenas, el Congreso del Estado aprob\u00f3 un exhorto del diputado Arist\u00f3teles Tito Arroyo (Morena).<\/p><p style=\"text-align: justify;\">La propuesta avalada es para que los titulares de los Poderes Ejecutivo y Judicial, en conjunto con el Poder Legislativo, establezcan mesas de trabajo interinstitucional para analizar y proponer la nueva forma de su integraci\u00f3n, la operatividad de las salas y el cumplimiento de la representatividad ind\u00edgena en las magistraturas y jueces, a elegirse en el a\u00f1o 2028.<\/p><p style=\"text-align: justify;\">Tito Arroyo se\u00f1al\u00f3 que la Constituci\u00f3n Pol\u00edtica reconoce a los pueblos originarios como sujetos de derecho p\u00fablico, lo que debe traducirse en hechos. \u201cNo basta con reconocer derechos, si nuestras instituciones no est\u00e1n preparadas para hacerlos efectivos\u201d, subray\u00f3. <\/p><p style=\"text-align: justify;\">Abund\u00f3 que es necesaria la participaci\u00f3n de personas pertenecientes a pueblos originarios dentro del Poder Judicial, ya que su conocimiento, experiencia y pertenencia comunitaria pueden contribuir a construir una justicia m\u00e1s cercana, leg\u00edtima y sensible a la realidad de Guerrero.<\/p><p style=\"text-align: justify;\">El diputado record\u00f3 que, independientemente del proceso de renovaci\u00f3n previsto para 2028, existen magistraturas vacantes y nombramientos pendientes, lo que hace impostergable entrar a un proceso de discusi\u00f3n, para establecer criterios, analizar alternativas y escuchar a las comunidades y pueblos originarios.<\/p><p style=\"text-align: justify;\">El exhorto plantea establecer mesas de trabajo con responsabilidad y visi\u00f3n de Estado, que permitan avanzar hacia una representaci\u00f3n ind\u00edgena de al menos el 30 por ciento en las magistraturas y judicaturas, garantizando una justicia incluyente y con perspectiva de pluralismo jur\u00eddico.<\/p><p style=\"text-align: justify;\">Precisa, por \u00faltimo, que dichas mesas deber\u00e1n contar con la participaci\u00f3n de diputadas y diputados de la Comisi\u00f3n de Asuntos Pol\u00edticos y Gobernaci\u00f3n, el presidente del Tribunal Superior de Justicia del Estado, la Secretar\u00eda General de Gobierno y la Consejer\u00eda Jur\u00eddica del Gobierno del Estado, adem\u00e1s de magistradas y magistrados interesados en el asunto. <\/p>\t\t\t\t\t\t<\/div>\n\t\t\t\t<\/div>\n\t\t\t\t\t<\/div>\n\t\t\t\t<\/div>\n\t\t\t\t<\/div>\n\t\t","protected":false},"excerpt":{"rendered":"<p>Chilpancingo, Gro., 3 de septiembre de 2026.&#8211; Por la importancia de que el Poder Judicial est\u00e9 integrado tambi\u00e9n por personas provenientes de las comunidades y pueblos ind\u00edgenas, el Congreso del Estado aprob\u00f3 un exhorto del diputado Arist\u00f3teles Tito Arroyo (Morena). La propuesta avalada es para que los titulares de los Poderes Ejecutivo y Judicial, en [&hellip;]<\/p>\n","protected":false},"author":3,"featured_media":20237,"comment_status":"closed","ping_status":"open","sticky":false,"template":"","format":"standard","meta":{"_seopress_robots_primary_cat":"","_seopress_titles_title":"","_seopress_titles_desc":"","_seopress_robots_index":"","footnotes":""},"categories":[92],"tags":[104],"class_list":["post-20236","post","type-post","status-publish","format-standard","has-post-thumbnail","hentry","category-asuntos-politicos-y-gobernacion","tag-aristoteles-tito-arroyo"],"_links":{"self":[{"href":"https:\/\/congresogro.gob.mx\/inicio\/wp-json\/wp\/v2\/posts\/20236","targetHints":{"allow":["GET"]}}],"collection":[{"href":"https:\/\/congresogro.gob.mx\/inicio\/wp-json\/wp\/v2\/posts"}],"about":[{"href":"https:\/\/congresogro.gob.mx\/inicio\/wp-json\/wp\/v2\/types\/post"}],"author":[{"embeddable":true,"href":"https:\/\/congresogro.gob.mx\/inicio\/wp-json\/wp\/v2\/users\/3"}],"replies":[{"embeddable":true,"href":"https:\/\/congresogro.gob.mx\/inicio\/wp-json\/wp\/v2\/comments?post=20236"}],"version-history":[{"count":4,"href":"https:\/\/congresogro.gob.mx\/inicio\/wp-json\/wp\/v2\/posts\/20236\/revisions"}],"predecessor-version":[{"id":20241,"href":"https:\/\/congresogro.gob.mx\/inicio\/wp-json\/wp\/v2\/posts\/20236\/revisions\/20241"}],"wp:featuredmedia":[{"embeddable":true,"href":"https:\/\/congresogro.gob.mx\/inicio\/wp-json\/wp\/v2\/media\/20237"}],"wp:attachment":[{"href":"https:\/\/congresogro.gob.mx\/inicio\/wp-json\/wp\/v2\/media?parent=20236"}],"wp:term":[{"taxonomy":"category","embeddable":true,"href":"https:\/\/congresogro.gob.mx\/inicio\/wp-json\/wp\/v2\/categories?post=20236"},{"taxonomy":"post_tag","embeddable":true,"href":"https:\/\/congresogro.gob.mx\/inicio\/wp-json\/wp\/v2\/tags?post=20236"}],"curies":[{"name":"wp","href":"https:\/\/api.w.org\/{rel}","templated":true}]}}