{"id":20224,"date":"2026-09-03T22:31:25","date_gmt":"2026-09-03T22:31:25","guid":{"rendered":"https:\/\/congresogro.gob.mx\/inicio\/?p=20224"},"modified":"2026-09-03T22:33:10","modified_gmt":"2026-09-03T22:33:10","slug":"protege-el-congreso-la-economia-familiar-evitando-cobros-excesivos-en-ayuntamientos","status":"publish","type":"post","link":"https:\/\/congresogro.gob.mx\/inicio\/protege-el-congreso-la-economia-familiar-evitando-cobros-excesivos-en-ayuntamientos\/","title":{"rendered":"Protege el Congreso la econom\u00eda familiar evitando cobros excesivos en Ayuntamientos"},"content":{"rendered":"\t\t<div data-elementor-type=\"wp-post\" data-elementor-id=\"20224\" class=\"elementor elementor-20224\">\n\t\t\t\t<div class=\"elementor-element elementor-element-c09299e e-flex e-con-boxed e-con e-parent\" data-id=\"c09299e\" data-element_type=\"container\">\n\t\t\t\t\t<div class=\"e-con-inner\">\n\t\t\t\t<div class=\"elementor-element elementor-element-5a746e6 elementor-widget elementor-widget-text-editor\" data-id=\"5a746e6\" data-element_type=\"widget\" data-widget_type=\"text-editor.default\">\n\t\t\t\t<div class=\"elementor-widget-container\">\n\t\t\t\t\t\t\t<p style=\"text-align: justify;\"><strong>Chilpancingo, Gro., 03 de septiembre de 2026.-<\/strong> A propuesta de la diputada Luissana Ramos Pineda (Morena) el Congreso del Estado aprob\u00f3 un acuerdo parlamentario que tiene el objetivo de proteger la econom\u00eda familiar y promover una pol\u00edtica fiscal responsable en la entidad, evitando que las contribuciones, derechos por servicios, licencias y permisos municipales generen cobros excesivos o desproporcionados. <\/p><p style=\"text-align: justify;\">El exhorto a los 84 ayuntamientos y el Concejo Comunitario Municipal de Ayutla de los Libres, es que al elaborar sus respectivas iniciativas de Leyes de Ingresos para el Ejercicio Fiscal 2027, se realicen con apego a los principios constitucionales de legalidad, proporcionalidad, equidad, razonabilidad y seguridad jur\u00eddica tributaria, procurando que las cuotas, tarifas, derechos y dem\u00e1s cargas fiscales municipales respondan a criterios objetivos, razonables y debidamente justificados.<\/p><p style=\"text-align: justify;\">Abund\u00f3 que la mayor\u00eda de los municipios utiliza la Unidad de Medida y Actualizaci\u00f3n (UMA) para fijar sus cuotas y tarifas; sin embargo, apunt\u00f3, este mecanismo experimenta un incremento anual autom\u00e1tico en moneda nacional, determinado por las autoridades federales. Ante esto, remarc\u00f3, si un municipio decide aumentar adicionalmente el n\u00famero o rango de UMAs para un tr\u00e1mite o servicio, debe contar primero con una justificaci\u00f3n t\u00e9cnica, econ\u00f3mica y jur\u00eddica comprobable.<\/p><p style=\"text-align: justify;\">La legisladora argument\u00f3 que no se pretende invadir la autonom\u00eda municipal ni congelar sus ingresos, sino promover una administraci\u00f3n hacendaria equilibrada. \u201cMantener el mismo n\u00famero de UMAs ya garantiza un ajuste inflacionario para los municipios; por lo tanto, cualquier cobro extra debe respaldarse con razones objetivas, para no castigar el bolsillo de las y los guerrerenses&#8221;, refiri\u00f3.<\/p><p style=\"text-align: justify;\">Ramos Pineda contextualiz\u00f3 que un porcentaje significativo de la poblaci\u00f3n en Guerrero desarrolla actividades comerciales, artesanales, agr\u00edcolas, profesionales, tur\u00edsticas, empresariales y productivas de peque\u00f1a y mediana escala, por lo que el aumento desmedido en las licencias de funcionamiento, constancias, servicios administrativos o permisos de construcci\u00f3n afecta directamente su sustento y el desarrollo econ\u00f3mico local. <\/p><p style=\"text-align: justify;\">Por todo lo anterior, el Poder Legislativo exhorta a las autoridades municipales a que, antes de recurrir al aumento de tarifas, indaguen opciones para el mejoramiento de sus haciendas p\u00fablicas a trav\u00e9s de esquemas de recaudaci\u00f3n m\u00e1s eficientes, modernizaci\u00f3n de padrones de contribuyentes, simplificaci\u00f3n de tr\u00e1mites y combate a la morosidad.<\/p>\t\t\t\t\t\t<\/div>\n\t\t\t\t<\/div>\n\t\t\t\t\t<\/div>\n\t\t\t\t<\/div>\n\t\t\t\t<\/div>\n\t\t","protected":false},"excerpt":{"rendered":"<p>Chilpancingo, Gro., 03 de septiembre de 2026.- A propuesta de la diputada Luissana Ramos Pineda (Morena) el Congreso del Estado aprob\u00f3 un acuerdo parlamentario que tiene el objetivo de proteger la econom\u00eda familiar y promover una pol\u00edtica fiscal responsable en la entidad, evitando que las contribuciones, derechos por servicios, licencias y permisos municipales generen cobros [&hellip;]<\/p>\n","protected":false},"author":3,"featured_media":20225,"comment_status":"closed","ping_status":"open","sticky":false,"template":"","format":"standard","meta":{"_seopress_robots_primary_cat":"","_seopress_titles_title":"","_seopress_titles_desc":"","_seopress_robots_index":"","footnotes":""},"categories":[188],"tags":[113],"class_list":["post-20224","post","type-post","status-publish","format-standard","has-post-thumbnail","hentry","category-hacienda","tag-luissana-ramos-pineda"],"_links":{"self":[{"href":"https:\/\/congresogro.gob.mx\/inicio\/wp-json\/wp\/v2\/posts\/20224","targetHints":{"allow":["GET"]}}],"collection":[{"href":"https:\/\/congresogro.gob.mx\/inicio\/wp-json\/wp\/v2\/posts"}],"about":[{"href":"https:\/\/congresogro.gob.mx\/inicio\/wp-json\/wp\/v2\/types\/post"}],"author":[{"embeddable":true,"href":"https:\/\/congresogro.gob.mx\/inicio\/wp-json\/wp\/v2\/users\/3"}],"replies":[{"embeddable":true,"href":"https:\/\/congresogro.gob.mx\/inicio\/wp-json\/wp\/v2\/comments?post=20224"}],"version-history":[{"count":4,"href":"https:\/\/congresogro.gob.mx\/inicio\/wp-json\/wp\/v2\/posts\/20224\/revisions"}],"predecessor-version":[{"id":20229,"href":"https:\/\/congresogro.gob.mx\/inicio\/wp-json\/wp\/v2\/posts\/20224\/revisions\/20229"}],"wp:featuredmedia":[{"embeddable":true,"href":"https:\/\/congresogro.gob.mx\/inicio\/wp-json\/wp\/v2\/media\/20225"}],"wp:attachment":[{"href":"https:\/\/congresogro.gob.mx\/inicio\/wp-json\/wp\/v2\/media?parent=20224"}],"wp:term":[{"taxonomy":"category","embeddable":true,"href":"https:\/\/congresogro.gob.mx\/inicio\/wp-json\/wp\/v2\/categories?post=20224"},{"taxonomy":"post_tag","embeddable":true,"href":"https:\/\/congresogro.gob.mx\/inicio\/wp-json\/wp\/v2\/tags?post=20224"}],"curies":[{"name":"wp","href":"https:\/\/api.w.org\/{rel}","templated":true}]}}