{"id":20212,"date":"2026-09-02T23:34:35","date_gmt":"2026-09-02T23:34:35","guid":{"rendered":"https:\/\/congresogro.gob.mx\/inicio\/?p=20212"},"modified":"2026-09-02T23:37:18","modified_gmt":"2026-09-02T23:37:18","slug":"para-mejor-respuesta-ante-desastres-aprobo-el-congreso-reformas-a-la-ley-de-proteccion-civil","status":"publish","type":"post","link":"https:\/\/congresogro.gob.mx\/inicio\/para-mejor-respuesta-ante-desastres-aprobo-el-congreso-reformas-a-la-ley-de-proteccion-civil\/","title":{"rendered":"Para mejor respuesta ante desastres, aprob\u00f3 el Congreso reformas a la Ley de Protecci\u00f3n Civil"},"content":{"rendered":"\t\t<div data-elementor-type=\"wp-post\" data-elementor-id=\"20212\" class=\"elementor elementor-20212\">\n\t\t\t\t<div class=\"elementor-element elementor-element-8889894 e-flex e-con-boxed e-con e-parent\" data-id=\"8889894\" data-element_type=\"container\">\n\t\t\t\t\t<div class=\"e-con-inner\">\n\t\t\t\t<div class=\"elementor-element elementor-element-a54752c elementor-widget elementor-widget-text-editor\" data-id=\"a54752c\" data-element_type=\"widget\" data-widget_type=\"text-editor.default\">\n\t\t\t\t<div class=\"elementor-widget-container\">\n\t\t\t\t\t\t\t<p style=\"text-align: justify;\"><strong>Chilpancingo, Gro., 02 de septiembre de 2026.-<\/strong> El Pleno de la LXIV Legislatura aprob\u00f3 reformas y adiciones a la Ley de Gesti\u00f3n Integral de Riesgos y Protecci\u00f3n Civil del Estado para fortalecer los objetivos del Sistema Estatal y las atribuciones del Consejo Estatal de Protecci\u00f3n Civil, en busca de mejorar la coordinaci\u00f3n, prevenci\u00f3n, atenci\u00f3n y respuesta ante riesgos y desastres naturales o antropog\u00e9nicos en Guerrero.<\/p><p style=\"text-align: justify;\">Al fundamentar el dictamen de la iniciativa que en su momento present\u00f3 la diputada Marisol Baz\u00e1n Fern\u00e1ndez (Morena), el diputado \u00c9dgar Ventura de la Cruz, a nombre de la Comisi\u00f3n de Protecci\u00f3n Civil, refiri\u00f3 que, por sus condiciones geogr\u00e1ficas, el estado es altamente vulnerable a fen\u00f3menos naturales, como huracanes, inundaciones, sismos e incendios forestales, y ante ello resulta indispensable consolidar instituciones con capacidad de prevenci\u00f3n, planeaci\u00f3n y respuesta oportuna.<\/p><p style=\"text-align: justify;\">Por las anteriores razones, abund\u00f3, es necesario fortalecer los objetivos y atribuciones del Sistema Estatal y el Consejo Estatal de Protecci\u00f3n Civil, como una medida estrat\u00e9gica para garantizar una atenci\u00f3n integral, coordinada y eficaz ante los riesgos, emergencias y desastres que afectan de manera recurrente a la entidad. <\/p><p style=\"text-align: justify;\">Resalt\u00f3 la importancia de establecer la integraci\u00f3n de los Consejos Comunitarios de Protecci\u00f3n Civil como \u00f3rganos de participaci\u00f3n ciudadana orientados a promover la prevenci\u00f3n y la cultura de autoprotecci\u00f3n en las comunidades.<\/p><p style=\"text-align: justify;\">De la misma forma, destac\u00f3 que regular los Comit\u00e9s Comunitarios dentro del marco legal, adquiere una importancia estrat\u00e9gica para garantizar la prevenci\u00f3n ante emergencias y desastres, ya que las comunidades constituyen un primer nivel de respuesta, por lo que su organizaci\u00f3n y capacitaci\u00f3n representan herramientas fundamentales para disminuir riesgos y prevenir p\u00e9rdidas humanas y materiales. <\/p><p style=\"text-align: justify;\">\u201cFomentar la participaci\u00f3n y organizaci\u00f3n comunitaria en la toma de decisiones sobre el desarrollo de sus comunidades, resulta de mucha importancia para promover una sociedad m\u00e1s organizada, responsable y comprometida con el bienestar colectivo\u201d, subray\u00f3.<\/p><p style=\"text-align: justify;\">Y es que, refiri\u00f3, apostar por instituciones m\u00e1s s\u00f3lidas en materia de prevenci\u00f3n y atenci\u00f3n de riesgos, significa avanzar hacia un estado m\u00e1s preparado, resiliente y capaz de enfrentar los desaf\u00edos derivados de los fen\u00f3menos naturales y contingencias que afectan a la poblaci\u00f3n.<\/p><p style=\"text-align: justify;\"><strong>Iniciativas<\/strong><\/p><p style=\"text-align: justify;\">En la sesi\u00f3n de este mi\u00e9rcoles, la diputada Obdulia Naranjo Cabrera (PVEM) present\u00f3 la iniciativa de Ley de Responsabilidad Ambiental del Estado de Guerrero, con la finalidad de dotar a la entidad de un marco jur\u00eddico y procesal especializado que garantice la reparaci\u00f3n material y obligatoria de los da\u00f1os causados a los ecosistemas, asegurando que las sanciones econ\u00f3micas se destinen \u00edntegramente a la restauraci\u00f3n y conservaci\u00f3n de la biodiversidad. Fue turnada a la Comisi\u00f3n de Recursos Naturales, Desarrollo Sustentable y Cambio Clim\u00e1tico.<\/p><p style=\"text-align: justify;\">Tambi\u00e9n present\u00f3 una iniciativa de adici\u00f3n a la fracci\u00f3n III del art\u00edculo 365 del C\u00f3digo Penal para el Estado de Guerrero, de reforma a los art\u00edculos 36 y 45 de la Ley Org\u00e1nica de la Administraci\u00f3n P\u00fablica del Estado, de reforma al art\u00edculo 38 de la Ley Org\u00e1nica del Poder Judicial del Estado, y por la que se expide la Ley de Responsabilidad Ambiental del Estado de Guerrero, con el objeto de establecer un r\u00e9gimen estatal de responsabilidad ambiental que permita prevenir, determinar y sancionar los da\u00f1os ocasionados al medio ambiente, as\u00ed como garantizar su reparaci\u00f3n. Fue turnada a las Comisiones Unidas de Justicia, y de Estudios Constitucionales y Jur\u00eddicos.<\/p><p style=\"text-align: justify;\">En su oportunidad, la diputada Leticia Mosso Hern\u00e1ndez (PT) present\u00f3 una iniciativa de adiciones al C\u00f3digo Penal estatal para tipificar el delito de \u201crobo de agave\u201d, con sanciones de 3 a 6 a\u00f1os de prisi\u00f3n, espec\u00edficamente contra quien sin derecho corte, arranque, extraiga o sustraiga dichas plantas cultivadas en terrenos agr\u00edcolas, estableciendo agravantes hasta en una mitad cuando el delito se cometa por dos o m\u00e1s personas, con violencia, uso de maquinaria, fines de comercializaci\u00f3n o en perjuicio de ejidos y comunidades. Fue turnada a la Comisi\u00f3n de Justicia.<\/p><p style=\"text-align: justify;\">Finalmente, el diputado P\u00e1nfilo S\u00e1nchez Almaz\u00e1n (Morena) present\u00f3 una iniciativa de decreto por el que se adiciona un segundo p\u00e1rrafo a la fracci\u00f3n V del art\u00edculo 13 de la Ley Org\u00e1nica del Municipio Libre del Estado de Guerrero, con la intenci\u00f3n de que no sea exigible la presentaci\u00f3n del Acta de Anuencia del Cabildo del municipio o municipios afectados, cuando las solicitudes de creaci\u00f3n de nuevos municipios sean promovidas por pueblos y comunidades ind\u00edgenas y afromexicanas. La diputada Catalina Apolinar Santiago y el diputado Juli\u00e1n L\u00f3pez Galeana se adhirieron a la iniciativa. Fue turnada a la Comisi\u00f3n de Asuntos Pol\u00edticos y Gobernaci\u00f3n.<\/p>\t\t\t\t\t\t<\/div>\n\t\t\t\t<\/div>\n\t\t\t\t\t<\/div>\n\t\t\t\t<\/div>\n\t\t\t\t<\/div>\n\t\t","protected":false},"excerpt":{"rendered":"<p>Chilpancingo, Gro., 02 de septiembre de 2026.- El Pleno de la LXIV Legislatura aprob\u00f3 reformas y adiciones a la Ley de Gesti\u00f3n Integral de Riesgos y Protecci\u00f3n Civil del Estado para fortalecer los objetivos del Sistema Estatal y las atribuciones del Consejo Estatal de Protecci\u00f3n Civil, en busca de mejorar la coordinaci\u00f3n, prevenci\u00f3n, atenci\u00f3n y [&hellip;]<\/p>\n","protected":false},"author":3,"featured_media":20213,"comment_status":"closed","ping_status":"open","sticky":false,"template":"","format":"standard","meta":{"_seopress_robots_primary_cat":"","_seopress_titles_title":"","_seopress_titles_desc":"","_seopress_robots_index":"","footnotes":""},"categories":[92,93,136,166,178],"tags":[105,88,107,79,115,108,103],"class_list":["post-20212","post","type-post","status-publish","format-standard","has-post-thumbnail","hentry","category-asuntos-politicos-y-gobernacion","category-estudios-constitucionales-y-juridicos","category-justicia","category-proteccion-civil","category-recursos-naturales-desarrollo-sustentable-y-cambio-climatico","tag-catalina-apolinar-santiago","tag-edgar-ventura-de-la-cruz","tag-julian-lopez-galeana","tag-leticia-mosso-hernandez","tag-marisol-bazan-fernandez","tag-obdulia-naranjo-cabrera","tag-panfilo-sanchez-almazan"],"_links":{"self":[{"href":"https:\/\/congresogro.gob.mx\/inicio\/wp-json\/wp\/v2\/posts\/20212","targetHints":{"allow":["GET"]}}],"collection":[{"href":"https:\/\/congresogro.gob.mx\/inicio\/wp-json\/wp\/v2\/posts"}],"about":[{"href":"https:\/\/congresogro.gob.mx\/inicio\/wp-json\/wp\/v2\/types\/post"}],"author":[{"embeddable":true,"href":"https:\/\/congresogro.gob.mx\/inicio\/wp-json\/wp\/v2\/users\/3"}],"replies":[{"embeddable":true,"href":"https:\/\/congresogro.gob.mx\/inicio\/wp-json\/wp\/v2\/comments?post=20212"}],"version-history":[{"count":4,"href":"https:\/\/congresogro.gob.mx\/inicio\/wp-json\/wp\/v2\/posts\/20212\/revisions"}],"predecessor-version":[{"id":20217,"href":"https:\/\/congresogro.gob.mx\/inicio\/wp-json\/wp\/v2\/posts\/20212\/revisions\/20217"}],"wp:featuredmedia":[{"embeddable":true,"href":"https:\/\/congresogro.gob.mx\/inicio\/wp-json\/wp\/v2\/media\/20213"}],"wp:attachment":[{"href":"https:\/\/congresogro.gob.mx\/inicio\/wp-json\/wp\/v2\/media?parent=20212"}],"wp:term":[{"taxonomy":"category","embeddable":true,"href":"https:\/\/congresogro.gob.mx\/inicio\/wp-json\/wp\/v2\/categories?post=20212"},{"taxonomy":"post_tag","embeddable":true,"href":"https:\/\/congresogro.gob.mx\/inicio\/wp-json\/wp\/v2\/tags?post=20212"}],"curies":[{"name":"wp","href":"https:\/\/api.w.org\/{rel}","templated":true}]}}