{"id":20206,"date":"2026-09-02T23:23:51","date_gmt":"2026-09-02T23:23:51","guid":{"rendered":"https:\/\/congresogro.gob.mx\/inicio\/?p=20206"},"modified":"2026-09-02T23:26:53","modified_gmt":"2026-09-02T23:26:53","slug":"aprueba-el-congreso-reformas-para-mayor-atencion-y-proteccion-de-los-migrantes","status":"publish","type":"post","link":"https:\/\/congresogro.gob.mx\/inicio\/aprueba-el-congreso-reformas-para-mayor-atencion-y-proteccion-de-los-migrantes\/","title":{"rendered":"Aprueba el Congreso reformas para mayor atenci\u00f3n y protecci\u00f3n de los migrantes"},"content":{"rendered":"\t\t<div data-elementor-type=\"wp-post\" data-elementor-id=\"20206\" class=\"elementor elementor-20206\">\n\t\t\t\t<div class=\"elementor-element elementor-element-45146be e-flex e-con-boxed e-con e-parent\" data-id=\"45146be\" data-element_type=\"container\">\n\t\t\t\t\t<div class=\"e-con-inner\">\n\t\t\t\t<div class=\"elementor-element elementor-element-be47a83 elementor-widget elementor-widget-text-editor\" data-id=\"be47a83\" data-element_type=\"widget\" data-widget_type=\"text-editor.default\">\n\t\t\t\t<div class=\"elementor-widget-container\">\n\t\t\t\t\t\t\t<p style=\"text-align: justify;\"><strong>Chilpancingo, Gro., 02 de septiembre de 2026.<\/strong>&#8211; Para garantizar una atenci\u00f3n institucional m\u00e1s adecuada, diferenciada y congruente con los principios de derechos humanos, igualdad, no discriminaci\u00f3n ni criminalizaci\u00f3n, inclusi\u00f3n e interculturalidad, las diputadas y diputados de la LXIV Legislatura aprobaron reformas y adiciones a la Ley de Atenci\u00f3n a los Migrantes del Estado de Guerrero. <\/p><p style=\"text-align: justify;\">De acuerdo con el dictamen de la Comisi\u00f3n de Atenci\u00f3n a Migrantes del Congreso, derivado de iniciativas presentadas por la diputada con licencia Mar\u00eda Guadalupe Eguiluz Bautista (Morena), se determin\u00f3 aprobar en sentido positivo, por considerar que con estas adecuaciones se fortalece el marco jur\u00eddico estatal en materia de atenci\u00f3n a este sector, incorporando principios rectores de actuaci\u00f3n p\u00fablica y reconocimiento de la situaci\u00f3n particular de personas y grupos que pueden enfrentar condiciones de vulnerabilidad, exclusi\u00f3n y discriminaci\u00f3n.<\/p><p style=\"text-align: justify;\">Respecto al principio de no criminalizaci\u00f3n, se adicion\u00f3 el art\u00edculo 4 para estipular que ninguna autoridad estatal o municipal podr\u00e1 considerar la condici\u00f3n migratoria, regular o irregular, como elemento \u00fanico o determinante para presumir la comisi\u00f3n de delitos o faltas administrativas, ni para justificar actos de molestia. <\/p><p style=\"text-align: justify;\">Lo anterior, a\u00f1ade el texto, no limita las atribuciones de seguridad p\u00fablica cuando existan indicios objetivos fundados en la ley, ni las competencias exclusivas de la autoridad migratoria federal.<\/p><p style=\"text-align: justify;\">De la misma forma, se incorpor\u00f3 el principio de interculturalidad como directriz para la actuaci\u00f3n de las autoridades estatales y municipales, con la finalidad de garantizar el respeto a la identidad cultural, lengua, tradiciones y formas de organizaci\u00f3n de las personas migrantes ind\u00edgenas, contemplando, a la par, medidas diferenciadas que permitan el ejercicio pleno de sus derechos en condiciones de igualdad y sin discriminaci\u00f3n.<\/p><p style=\"text-align: justify;\">Otra medida relevante es la reforma al art\u00edculo 5 del citado ordenamiento, donde se reconoce expresamente como grupos de atenci\u00f3n prioritaria a las personas migrantes ind\u00edgenas y a las personas migrantes guerrerenses en retorno, a fin de que las pol\u00edticas, acciones y asignaciones presupuestarias del Estado coadyuven a que dicho proceso lo enfrenten de mejor manera, garantiz\u00e1ndoles apoyo para su reintegraci\u00f3n social, econ\u00f3mica, familiar y comunitaria.<\/p><p style=\"text-align: justify;\">Por \u00faltimo, se realiz\u00f3 una adici\u00f3n a la fracci\u00f3n VII del art\u00edculo 9, mediante la cual se reconoce el derecho de las personas migrantes ind\u00edgenas a recibir atenci\u00f3n con enfoque intercultural, incluyendo, cuando sea necesario, orientaci\u00f3n e informaci\u00f3n en su lengua, respeto a su identidad cultural y acceso a los servicios p\u00fablicos en condiciones de igualdad, no discriminaci\u00f3n y respeto a sus derechos humanos.<\/p><p style=\"text-align: justify;\"><strong>Acuerdos<\/strong> <\/p><p style=\"text-align: justify;\">El Pleno del Congreso aprob\u00f3 un punto de acuerdo suscrito por la diputada Luissana Ramos Pineda (Morena) por el que la LXIV Legislatura exhorta a los 84 ayuntamientos y al Concejo Comunitario Municipal de Ayutla de los Libres a que, en el \u00e1mbito de sus atribuciones, al elaborar sus respectivas iniciativas de Leyes de Ingresos para el Ejercicio Fiscal 2027, observen los principios constitucionales de legalidad, proporcionalidad, equidad, razonabilidad y seguridad jur\u00eddica tributaria, procurando que las cuotas, tarifas, derechos y dem\u00e1s cargas fiscales municipales respondan a criterios objetivos, razonables y debidamente justificados.<\/p><p style=\"text-align: justify;\">Por su parte, el diputado Arist\u00f3teles Tito Arroyo (Morena) propuso exhortar a la rectora y al H. Consejo Universitario de la Universidad Aut\u00f3noma de Guerrero para que en la pr\u00f3xima sesi\u00f3n del Congreso Universitario se incluya un punto espec\u00edfico con mecanismos que garanticen el acceso efectivo de estudiantes de origen ind\u00edgena a las unidades acad\u00e9micas de esta instituci\u00f3n, con una representaci\u00f3n equivalente al 33 por ciento, como medida de inclusi\u00f3n y acci\u00f3n afirmativa. Fue turnada a la Comisi\u00f3n de los Pueblos y Comunidades Ind\u00edgenas y Afromexicanos.<\/p><p style=\"text-align: justify;\">A propuesta del mismo diputado, la LXIV Legislatura aprob\u00f3 un exhorto a los titulares del Poder Ejecutivo y del Poder Judicial del Estado para que, de manera conjunta con el Poder Legislativo, establezcan mesas de trabajo interinstitucional en que se analice la nueva forma de integraci\u00f3n del Pleno del Tribunal Superior de Justicia, la operatividad de las salas y el cumplimiento de la representatividad ind\u00edgena en las magistraturas y jueces que habr\u00e1n de elegirse en el a\u00f1o 2028, as\u00ed como los que deban designarse en los espacios vacantes.<\/p>\t\t\t\t\t\t<\/div>\n\t\t\t\t<\/div>\n\t\t\t\t\t<\/div>\n\t\t\t\t<\/div>\n\t\t\t\t<\/div>\n\t\t","protected":false},"excerpt":{"rendered":"<p>Chilpancingo, Gro., 02 de septiembre de 2026.&#8211; Para garantizar una atenci\u00f3n institucional m\u00e1s adecuada, diferenciada y congruente con los principios de derechos humanos, igualdad, no discriminaci\u00f3n ni criminalizaci\u00f3n, inclusi\u00f3n e interculturalidad, las diputadas y diputados de la LXIV Legislatura aprobaron reformas y adiciones a la Ley de Atenci\u00f3n a los Migrantes del Estado de Guerrero. [&hellip;]<\/p>\n","protected":false},"author":3,"featured_media":20207,"comment_status":"closed","ping_status":"open","sticky":false,"template":"","format":"standard","meta":{"_seopress_robots_primary_cat":"","_seopress_titles_title":"","_seopress_titles_desc":"","_seopress_robots_index":"","footnotes":""},"categories":[179,91],"tags":[104,113,125],"class_list":["post-20206","post","type-post","status-publish","format-standard","has-post-thumbnail","hentry","category-migrantes","category-pueblos-y-comunidades-indigenas-y-afromexicanos","tag-aristoteles-tito-arroyo","tag-luissana-ramos-pineda","tag-maria-guadalupe-eguiluz-bautista"],"_links":{"self":[{"href":"https:\/\/congresogro.gob.mx\/inicio\/wp-json\/wp\/v2\/posts\/20206","targetHints":{"allow":["GET"]}}],"collection":[{"href":"https:\/\/congresogro.gob.mx\/inicio\/wp-json\/wp\/v2\/posts"}],"about":[{"href":"https:\/\/congresogro.gob.mx\/inicio\/wp-json\/wp\/v2\/types\/post"}],"author":[{"embeddable":true,"href":"https:\/\/congresogro.gob.mx\/inicio\/wp-json\/wp\/v2\/users\/3"}],"replies":[{"embeddable":true,"href":"https:\/\/congresogro.gob.mx\/inicio\/wp-json\/wp\/v2\/comments?post=20206"}],"version-history":[{"count":4,"href":"https:\/\/congresogro.gob.mx\/inicio\/wp-json\/wp\/v2\/posts\/20206\/revisions"}],"predecessor-version":[{"id":20211,"href":"https:\/\/congresogro.gob.mx\/inicio\/wp-json\/wp\/v2\/posts\/20206\/revisions\/20211"}],"wp:featuredmedia":[{"embeddable":true,"href":"https:\/\/congresogro.gob.mx\/inicio\/wp-json\/wp\/v2\/media\/20207"}],"wp:attachment":[{"href":"https:\/\/congresogro.gob.mx\/inicio\/wp-json\/wp\/v2\/media?parent=20206"}],"wp:term":[{"taxonomy":"category","embeddable":true,"href":"https:\/\/congresogro.gob.mx\/inicio\/wp-json\/wp\/v2\/categories?post=20206"},{"taxonomy":"post_tag","embeddable":true,"href":"https:\/\/congresogro.gob.mx\/inicio\/wp-json\/wp\/v2\/tags?post=20206"}],"curies":[{"name":"wp","href":"https:\/\/api.w.org\/{rel}","templated":true}]}}