{"id":20182,"date":"2026-09-02T01:55:24","date_gmt":"2026-09-02T01:55:24","guid":{"rendered":"https:\/\/congresogro.gob.mx\/inicio\/?p=20182"},"modified":"2026-09-02T01:58:35","modified_gmt":"2026-09-02T01:58:35","slug":"ofrecen-partidos-en-el-congreso-mantenerse-en-la-politica-de-dialogo-y-consenso","status":"publish","type":"post","link":"https:\/\/congresogro.gob.mx\/inicio\/ofrecen-partidos-en-el-congreso-mantenerse-en-la-politica-de-dialogo-y-consenso\/","title":{"rendered":"Ofrecen partidos en el Congreso mantenerse en la pol\u00edtica de di\u00e1logo y consenso"},"content":{"rendered":"\t\t<div data-elementor-type=\"wp-post\" data-elementor-id=\"20182\" class=\"elementor elementor-20182\">\n\t\t\t\t<div class=\"elementor-element elementor-element-72c5fca e-flex e-con-boxed e-con e-parent\" data-id=\"72c5fca\" data-element_type=\"container\">\n\t\t\t\t\t<div class=\"e-con-inner\">\n\t\t\t\t<div class=\"elementor-element elementor-element-5be5038 elementor-widget elementor-widget-text-editor\" data-id=\"5be5038\" data-element_type=\"widget\" data-widget_type=\"text-editor.default\">\n\t\t\t\t<div class=\"elementor-widget-container\">\n\t\t\t\t\t\t\t<p style=\"text-align: justify;\"><strong>Chilpancingo, Gro., 01 de septiembre de 2026.-<\/strong> Diputadas y diputados de los diferentes grupos parlamentarios y representaciones de partido en el Congreso de Guerrero, en sendas posturas fijadas durante la sesi\u00f3n de este martes, ofrecieron privilegiar el di\u00e1logo y el consenso para la construcci\u00f3n de acuerdos, y trabajar coordinadamente con los otros poderes para lograr un Guerrero m\u00e1s justo, incluyente y enfocado en resolver las principales necesidades de las y los guerrerenses.<\/p><p style=\"text-align: justify;\">A nombre del Grupo Parlamentario de Morena, en torno al inicio Tercer A\u00f1o de Ejercicio Constitucional que inici\u00f3 este 1 de septiembre, el diputado Joaqu\u00edn Badillo Escamilla hizo un recuento de los logros alcanzados por la LXIV Legislatura, que sin duda, subray\u00f3, contribuyen al crecimiento econ\u00f3mico, la estabilidad social y el bienestar de las familias de Guerrero.<\/p><p style=\"text-align: justify;\">Asegur\u00f3 que en este tercer a\u00f1o continuar\u00e1n en la ruta del trabajo permanente para armonizar distintas leyes secundarias, \u201csin ambig\u00fcedades, para un buen gobierno, combate a la corrupci\u00f3n, transparencia en el manejo de los recursos p\u00fablicos y un presupuesto orientado a la inversi\u00f3n social, en busca de lograr un estado con mayor seguridad p\u00fablica y acceso a la justicia\u201d.<\/p><p style=\"text-align: justify;\">En su oportunidad, el diputado Alejandro Bravo Abarca, coordinador del Grupo Parlamentario del PRI, indic\u00f3 que en este Tercer A\u00f1o Legislativo continuar\u00e1n atentos de que se d\u00e9 soluci\u00f3n a las problem\u00e1ticas de sectores muy golpeados por la sequ\u00eda y otros fen\u00f3menos naturales, como son los campesinos y los turisteros. <\/p><p style=\"text-align: justify;\">Resalt\u00f3 que su partido el PRI ha establecido como una de sus principales acciones la gobernabilidad en la entidad, privilegiando el di\u00e1logo y el respeto a la divisi\u00f3n de poderes. En ese sentido, indic\u00f3 que los se\u00f1alamientos realizados han sido desde el \u00e1mbito legal y con respeto, buscando contribuir con el fortalecimiento del Estado de derecho.<\/p><p style=\"text-align: justify;\">Por su parte, la diputada Obdulia Naranjo Cabrera (PVEM) refiri\u00f3 que esta legislatura ha marcado una pauta fundamental, al asumir el firme compromiso de combatir el rezago legislativo, transformando la inercia en trabajo productivo y constante a trav\u00e9s de una sinergia plural y un esfuerzo colaborativo enfocado plenamente en el progreso de Guerrero.<\/p><p style=\"text-align: justify;\">Ante ello, conmin\u00f3 a sus hom\u00f3logos a reafirmar el compromiso que asumieron hace dos a\u00f1os con las familias guerrerenses, y seguir siendo un puente firme hacia un estado m\u00e1s justo, pr\u00f3spero e incluyente.<\/p><p style=\"text-align: justify;\">En su turno, el diputado Robell Uri\u00f3stegui Pati\u00f1o, a nombre del Grupo Parlamentario del PRD, se\u00f1al\u00f3 que es importante debatir y cuestionar cuando es necesario, pero tambi\u00e9n dialogar para construir acuerdos que benefician a Guerrero. En ese tenor, consider\u00f3 que las diferencias pol\u00edticas no pueden estar por encima de las necesidades de la sociedad.<\/p><p style=\"text-align: justify;\">\u201cHoy m\u00e1s que nunca se necesita de un Congreso responsable, plural y cercano, pero tambi\u00e9n comprometido. Por eso el PRD seguir\u00e1 defendiendo la democracia, las libertades, los derechos sociales y la justicia, trabajando para que Guerrero sea un estado con mayores oportunidades, instituciones fuertes, con justicia, seguridad, bienestar para todas y todos\u201d, apunt\u00f3.<\/p><p style=\"text-align: justify;\">La diputada Leticia Mosso Hern\u00e1ndez, en representaci\u00f3n del Partido del Trabajo, manifest\u00f3 que su disposici\u00f3n de construir acuerdos y trabajar de manera coordinada con las diferentes fuerzas pol\u00edticas. <\/p><p style=\"text-align: justify;\">Abund\u00f3 que el trabajo de las diputadas y diputados incluye la capacidad de escuchar a la sociedad y convertir sus demandas en decisiones p\u00fablicas; por ello, afirm\u00f3, su representaci\u00f3n mantendr\u00e1 una posici\u00f3n firme en defensa de los derechos sociales, acompa\u00f1ando el actual proceso de transformaci\u00f3n, ya que existen grandes desaf\u00edos por resolver.<\/p><p style=\"text-align: justify;\">La diputada Erika Lorena L\u00fchrs Cort\u00e9s, representante de Movimiento Ciudadano, consider\u00f3 necesario hacer un balance de lo que se ha hecho como representantes del voto popular, y llam\u00f3 a fortalecer el trabajo en las comisiones legislativas, para que el funcionamiento del Poder Legislativo sea m\u00e1s \u00e1gil y efectivo.<\/p><p style=\"text-align: justify;\">Mientras que la diputada Mar\u00eda Irene Montiel Serv\u00edn, representante del Partido Acci\u00f3n Nacional, manifest\u00f3 su disposici\u00f3n para construir acuerdos que brinden soluciones, sin menoscabo de poder se\u00f1alar lo que no funciona y ni brinda beneficios a Guerrero.<\/p><p style=\"text-align: justify;\">\u201cNo se trata de oponernos por oponernos. Se trata de proponer, vigilar y construir. Queremos un Guerrero donde las familias guerrerenses puedan vivir con seguridad\u201d, asent\u00f3.<\/p><p style=\"text-align: justify;\"><strong>Intervenciones<\/strong><\/p><p style=\"text-align: justify;\">La diputada Catalina Apolinar Santiago (Morena) intervino en relaci\u00f3n al \u201cD\u00eda Internacional de los Afrodescendientes\u201d. Con el mismo tema participaron las diputadas Glafira Meraza Prudente y Araceli Ocampo Manzanares.<\/p><p style=\"text-align: justify;\">El diputado Jorge Iv\u00e1n Ortega Jim\u00e9nez (PRD) intervino en relaci\u00f3n con \u201cLos trabajos de la 64 Legislatura, cumplimientos, pendientes y perspectivas de la agenda legislativa\u201d. <\/p><p style=\"text-align: justify;\">Por \u00faltimo, la diputada Mar\u00eda Irene Montiel Serv\u00edn (PAN) intervino con el tema \u201cLa Educaci\u00f3n: inicio del ciclo escolar 2026-2027\u201d, sobre lo cual intervino tambi\u00e9n el diputado P\u00e1nfilo S\u00e1nchez Almaz\u00e1n (Morena).<\/p>\t\t\t\t\t\t<\/div>\n\t\t\t\t<\/div>\n\t\t\t\t\t<\/div>\n\t\t\t\t<\/div>\n\t\t\t\t<\/div>\n\t\t","protected":false},"excerpt":{"rendered":"<p>Chilpancingo, Gro., 01 de septiembre de 2026.- Diputadas y diputados de los diferentes grupos parlamentarios y representaciones de partido en el Congreso de Guerrero, en sendas posturas fijadas durante la sesi\u00f3n de este martes, ofrecieron privilegiar el di\u00e1logo y el consenso para la construcci\u00f3n de acuerdos, y trabajar coordinadamente con los otros poderes para lograr [&hellip;]<\/p>\n","protected":false},"author":3,"featured_media":20183,"comment_status":"closed","ping_status":"open","sticky":false,"template":"","format":"standard","meta":{"_seopress_robots_primary_cat":"","_seopress_titles_title":"","_seopress_titles_desc":"","_seopress_robots_index":"","footnotes":""},"categories":[1],"tags":[80,96,105,82,118,101,312,79,84,108,103,85],"class_list":["post-20182","post","type-post","status-publish","format-standard","has-post-thumbnail","hentry","category-sin-categoria","tag-alejandro-bravo-abarca","tag-araceli-ocampo-manzanares","tag-catalina-apolinar-santiago","tag-erika-lorena-luhrs-cortes","tag-glafira-meraza-prudente","tag-joaquin-badillo-escamilla","tag-jorge-ivan-ortega-jimenez-2","tag-leticia-mosso-hernandez","tag-maria-irene-montiel-servin-2","tag-obdulia-naranjo-cabrera","tag-panfilo-sanchez-almazan","tag-robell-uriostegui-patino"],"_links":{"self":[{"href":"https:\/\/congresogro.gob.mx\/inicio\/wp-json\/wp\/v2\/posts\/20182","targetHints":{"allow":["GET"]}}],"collection":[{"href":"https:\/\/congresogro.gob.mx\/inicio\/wp-json\/wp\/v2\/posts"}],"about":[{"href":"https:\/\/congresogro.gob.mx\/inicio\/wp-json\/wp\/v2\/types\/post"}],"author":[{"embeddable":true,"href":"https:\/\/congresogro.gob.mx\/inicio\/wp-json\/wp\/v2\/users\/3"}],"replies":[{"embeddable":true,"href":"https:\/\/congresogro.gob.mx\/inicio\/wp-json\/wp\/v2\/comments?post=20182"}],"version-history":[{"count":4,"href":"https:\/\/congresogro.gob.mx\/inicio\/wp-json\/wp\/v2\/posts\/20182\/revisions"}],"predecessor-version":[{"id":20187,"href":"https:\/\/congresogro.gob.mx\/inicio\/wp-json\/wp\/v2\/posts\/20182\/revisions\/20187"}],"wp:featuredmedia":[{"embeddable":true,"href":"https:\/\/congresogro.gob.mx\/inicio\/wp-json\/wp\/v2\/media\/20183"}],"wp:attachment":[{"href":"https:\/\/congresogro.gob.mx\/inicio\/wp-json\/wp\/v2\/media?parent=20182"}],"wp:term":[{"taxonomy":"category","embeddable":true,"href":"https:\/\/congresogro.gob.mx\/inicio\/wp-json\/wp\/v2\/categories?post=20182"},{"taxonomy":"post_tag","embeddable":true,"href":"https:\/\/congresogro.gob.mx\/inicio\/wp-json\/wp\/v2\/tags?post=20182"}],"curies":[{"name":"wp","href":"https:\/\/api.w.org\/{rel}","templated":true}]}}