{"id":20169,"date":"2026-09-02T01:12:15","date_gmt":"2026-09-02T01:12:15","guid":{"rendered":"https:\/\/congresogro.gob.mx\/inicio\/?p=20169"},"modified":"2026-09-02T01:16:42","modified_gmt":"2026-09-02T01:16:42","slug":"proponen-nueva-ley-de-vivienda-para-guerrero","status":"publish","type":"post","link":"https:\/\/congresogro.gob.mx\/inicio\/proponen-nueva-ley-de-vivienda-para-guerrero\/","title":{"rendered":"Proponen nueva Ley de Vivienda para Guerrero"},"content":{"rendered":"\t\t<div data-elementor-type=\"wp-post\" data-elementor-id=\"20169\" class=\"elementor elementor-20169\">\n\t\t\t\t<div class=\"elementor-element elementor-element-9e8cd2b e-flex e-con-boxed e-con e-parent\" data-id=\"9e8cd2b\" data-element_type=\"container\">\n\t\t\t\t\t<div class=\"e-con-inner\">\n\t\t\t\t<div class=\"elementor-element elementor-element-6f95ada elementor-widget elementor-widget-text-editor\" data-id=\"6f95ada\" data-element_type=\"widget\" data-widget_type=\"text-editor.default\">\n\t\t\t\t<div class=\"elementor-widget-container\">\n\t\t\t\t\t\t\t<p style=\"text-align: justify;\"><strong>Chilpancingo, Gro., 1 de septiembre de 2026.<\/strong>&#8211; Para establecer las bases, principios, instrumentos, programas, mecanismos de coordinaci\u00f3n y apoyos que garanticen el derecho de toda persona a disfrutar de una vivienda adecuada, la diputada Violeta Mart\u00ednez Pacheco (Morena) present\u00f3 una iniciativa con proyecto de decreto por el que se expide la Ley de Vivienda del Estado de Guerrero y se abroga la Ley de Vivienda Social vigente.<\/p><p style=\"text-align: justify;\">La legisladora inform\u00f3 que la vigente Ley N\u00famero 573, publicada en 2004, respondi\u00f3 a una realidad espec\u00edfica para enfrentar problemas que entonces ya resultaban visibles, como el crecimiento urbano desordenado, insuficiencia de servicios, falta de reservas territoriales, dificultades para acceder al financiamiento, debilidad en los mecanismos de coordinaci\u00f3n institucional y ausencia de instrumentos suficientes para planear y evaluar la pol\u00edtica habitacional.<\/p><p style=\"text-align: justify;\">Sin embargo, consider\u00f3 que resulta significativo adoptar una nueva perspectiva respecto de las competencias de las autoridades, la pol\u00edtica p\u00fablica, la coordinaci\u00f3n institucional, la participaci\u00f3n social, el financiamiento y los mecanismos de seguimiento y evaluaci\u00f3n.<\/p><p style=\"text-align: justify;\">En ese sentido, refiri\u00f3 que su iniciativa articula la pol\u00edtica de vivienda con el suelo, el ordenamiento territorial, el desarrollo urbano, la protecci\u00f3n civil, la gesti\u00f3n integral de riesgos, la sustentabilidad y la participaci\u00f3n social.<\/p><p style=\"text-align: justify;\">De la misma forma, dijo, se plantea fortalecer la planeaci\u00f3n mediante un Programa Estatal de Vivienda, adem\u00e1s de un Sistema Estatal de Vivienda como mecanismo permanente de coordinaci\u00f3n.<\/p><p style=\"text-align: justify;\">Abund\u00f3 que tambi\u00e9n se redefine la actuaci\u00f3n institucional del Instituto de Vivienda y Suelo Urbano de Guerrero; se ampl\u00edan los mecanismos de financiamiento y apoyo; se fortalece la producci\u00f3n social, la autoproducci\u00f3n y la autoconstrucci\u00f3n; y se coloca en el centro de la pol\u00edtica p\u00fablica la calidad, accesibilidad, habitabilidad, sustentabilidad y resiliencia de las soluciones habitacionales.<\/p><p style=\"text-align: justify;\">Todo lo anterior, remarc\u00f3, significa reorganizar sistem\u00e1ticamente la legislaci\u00f3n habitacional del estado, a partir de una premisa fundamental: la vivienda adecuada constituye un derecho cuyo cumplimiento depende de la articulaci\u00f3n de factores jur\u00eddicos, sociales, econ\u00f3micos, territoriales, ambientales, institucionales y comunitarios. <\/p><p style=\"text-align: justify;\">Dicha propuesta fue turnada a la Comisi\u00f3n de Vivienda para su correspondiente an\u00e1lisis y dictaminaci\u00f3n.<\/p><p style=\"text-align: justify;\"><strong>Acuerdos<\/strong><\/p><p style=\"text-align: justify;\">La diputada Leticia Mosso Hern\u00e1ndez (PT) propuso exhortar a la representaci\u00f3n del Gobierno del Estado, Mtro. Francisco Rodr\u00edguez Cisneros, subsecretario de Desarrollo Pol\u00edtico y Social de la Secretar\u00eda General de Gobierno, y a la Comisi\u00f3n de Infraestructura Carretera y Aeroportuaria del Estado para que retomen los acuerdos y fortalezcan las gestiones ante las instancias competentes del Gobierno Federal y el Congreso de la Uni\u00f3n, a efecto de obtener los recursos presupuestales necesarios para la reconstrucci\u00f3n integral de la carretera Tlapa-Metlat\u00f3noc-Tlacoachistlahuaca. La propuesta fue turnada a las Comisi\u00f3n de Desarrollo Urbano y Obras P\u00fablicas.<\/p><p style=\"text-align: justify;\">Por su parte, el diputado Juli\u00e1n L\u00f3pez Galeana propuso un exhorto a la Secretar\u00eda de Finanzas y Administraci\u00f3n del Gobierno del Estado para que, de conformidad con las disposiciones legales aplicables y la disponibilidad presupuestaria, analice la asignaci\u00f3n de recursos en el Presupuesto de Egresos para fortalecer las acciones de las organizaciones de la sociedad civil que brindan atenci\u00f3n, acompa\u00f1amiento y apoyo a personas, ni\u00f1os y ni\u00f1as que enfrentan el c\u00e1ncer, particularmente la Asociaci\u00f3n Mexicana de Ayuda a Ni\u00f1os con C\u00e1ncer (AMANC) y Grupo Reto Guerrero, en beneficio de las familias guerrerenses que requieren de estos servicios. Las diputadas Glafira Meraza Prudente, Mar\u00eda del Pilar Vadillo Ru\u00edz, Leticia Mosso Hern\u00e1ndez, Obdulia Naranjo Cabrera, Araceli Ocampo Manzanares, Mar\u00eda Irene Montiel Serv\u00edn, y el diputado Edgar Ventura de la Cruz. Fue turnado a la Comisiones de Salud, y de los Derechos de las Ni\u00f1as, Ni\u00f1os y Adolescentes.<\/p><p style=\"text-align: justify;\">En su oportunidad, el Congreso aprob\u00f3 un punto de acuerdo suscrito por el diputado Carlos Eduardo Bello Solano (Morena) por el que se exhorta al Ayuntamiento de Acapulco a informar, en un t\u00e9rmino de 10 d\u00edas h\u00e1biles, el estado que guarda el proceso de la obra denominada \u201cRemediaci\u00f3n y Preservaci\u00f3n de Playa El Morro\u201d, ubicada en la calle Juan de la Cosa (acceso a playa), as\u00ed como las acciones que implementar\u00e1 para prevenir inundaciones.<\/p><p style=\"text-align: justify;\">Tambi\u00e9n, a propuesta de la diputada Violeta Mart\u00ednez Pacheco (Morena) el Congreso del Estado exhort\u00f3 a la presidenta municipal de Acapulco para que, a trav\u00e9s de la Secretar\u00eda de Desarrollo Urbano y Obras P\u00fablicas, realice una verificaci\u00f3n t\u00e9cnica en campo de las obras de pavimentaci\u00f3n de diversas calles del municipio, constatando el estado que guardan, el porcentaje real de avance, conceptos efectivamente ejecutados, correspondencia entre las condiciones materiales observadas y la informaci\u00f3n contenida en los registros administrativos municipales.<\/p>\t\t\t\t\t\t<\/div>\n\t\t\t\t<\/div>\n\t\t\t\t\t<\/div>\n\t\t\t\t<\/div>\n\t\t\t\t<\/div>\n\t\t","protected":false},"excerpt":{"rendered":"<p>Chilpancingo, Gro., 1 de septiembre de 2026.&#8211; Para establecer las bases, principios, instrumentos, programas, mecanismos de coordinaci\u00f3n y apoyos que garanticen el derecho de toda persona a disfrutar de una vivienda adecuada, la diputada Violeta Mart\u00ednez Pacheco (Morena) present\u00f3 una iniciativa con proyecto de decreto por el que se expide la Ley de Vivienda del [&hellip;]<\/p>\n","protected":false},"author":3,"featured_media":20170,"comment_status":"closed","ping_status":"open","sticky":false,"template":"","format":"standard","meta":{"_seopress_robots_primary_cat":"","_seopress_titles_title":"","_seopress_titles_desc":"","_seopress_robots_index":"","footnotes":""},"categories":[176,160,135,174],"tags":[96,98,88,118,107,79,109,84,108],"class_list":["post-20169","post","type-post","status-publish","format-standard","has-post-thumbnail","hentry","category-derechos-de-las-ninas-ninos-y-adolescentes","category-desarrollo-urbano-y-obras-publicas","category-salud","category-vivienda","tag-araceli-ocampo-manzanares","tag-carlos-eduardo-bello-solano","tag-edgar-ventura-de-la-cruz","tag-glafira-meraza-prudente","tag-julian-lopez-galeana","tag-leticia-mosso-hernandez","tag-ma-del-pilar-vadillo-ruiz","tag-maria-irene-montiel-servin-2","tag-obdulia-naranjo-cabrera"],"_links":{"self":[{"href":"https:\/\/congresogro.gob.mx\/inicio\/wp-json\/wp\/v2\/posts\/20169","targetHints":{"allow":["GET"]}}],"collection":[{"href":"https:\/\/congresogro.gob.mx\/inicio\/wp-json\/wp\/v2\/posts"}],"about":[{"href":"https:\/\/congresogro.gob.mx\/inicio\/wp-json\/wp\/v2\/types\/post"}],"author":[{"embeddable":true,"href":"https:\/\/congresogro.gob.mx\/inicio\/wp-json\/wp\/v2\/users\/3"}],"replies":[{"embeddable":true,"href":"https:\/\/congresogro.gob.mx\/inicio\/wp-json\/wp\/v2\/comments?post=20169"}],"version-history":[{"count":4,"href":"https:\/\/congresogro.gob.mx\/inicio\/wp-json\/wp\/v2\/posts\/20169\/revisions"}],"predecessor-version":[{"id":20174,"href":"https:\/\/congresogro.gob.mx\/inicio\/wp-json\/wp\/v2\/posts\/20169\/revisions\/20174"}],"wp:featuredmedia":[{"embeddable":true,"href":"https:\/\/congresogro.gob.mx\/inicio\/wp-json\/wp\/v2\/media\/20170"}],"wp:attachment":[{"href":"https:\/\/congresogro.gob.mx\/inicio\/wp-json\/wp\/v2\/media?parent=20169"}],"wp:term":[{"taxonomy":"category","embeddable":true,"href":"https:\/\/congresogro.gob.mx\/inicio\/wp-json\/wp\/v2\/categories?post=20169"},{"taxonomy":"post_tag","embeddable":true,"href":"https:\/\/congresogro.gob.mx\/inicio\/wp-json\/wp\/v2\/tags?post=20169"}],"curies":[{"name":"wp","href":"https:\/\/api.w.org\/{rel}","templated":true}]}}