{"id":20163,"date":"2026-09-02T00:59:47","date_gmt":"2026-09-02T00:59:47","guid":{"rendered":"https:\/\/congresogro.gob.mx\/inicio\/?p=20163"},"modified":"2026-09-02T01:02:06","modified_gmt":"2026-09-02T01:02:06","slug":"congreso-de-guerrero-aprueba-reforma-en-materia-de-nepotismo","status":"publish","type":"post","link":"https:\/\/congresogro.gob.mx\/inicio\/congreso-de-guerrero-aprueba-reforma-en-materia-de-nepotismo\/","title":{"rendered":"Congreso de Guerrero aprueba reforma en materia de nepotismo"},"content":{"rendered":"\t\t<div data-elementor-type=\"wp-post\" data-elementor-id=\"20163\" class=\"elementor elementor-20163\">\n\t\t\t\t<div class=\"elementor-element elementor-element-e3af2b1 e-flex e-con-boxed e-con e-parent\" data-id=\"e3af2b1\" data-element_type=\"container\">\n\t\t\t\t\t<div class=\"e-con-inner\">\n\t\t\t\t<div class=\"elementor-element elementor-element-201a7ca elementor-widget elementor-widget-text-editor\" data-id=\"201a7ca\" data-element_type=\"widget\" data-widget_type=\"text-editor.default\">\n\t\t\t\t<div class=\"elementor-widget-container\">\n\t\t\t\t\t\t\t<p style=\"text-align: justify;\"><strong>Chilpancingo, Gro., 01 de septiembre de 2026.-<\/strong> Para incorporar la figura del nepotismo como falta administrativa grave y evitar favoritismos de los servidores p\u00fablicos hacia sus familiares, diputadas y diputados de la LXIV Legislatura aprobaron este martes un dictamen de adici\u00f3n al art\u00edculo 59 Bis de la Ley N\u00famero 465 de Responsabilidades Administrativas para el Estado de Guerrero.<\/p><p style=\"text-align: justify;\">Al fundamentar el documento en su calidad de presidente de la Comisi\u00f3n de Justicia, el diputado Carlos Eduardo Bello Solano (Morena), promotor de la propuesta, indic\u00f3 que esta acci\u00f3n constituye un avance sustancial en la modernizaci\u00f3n del r\u00e9gimen de responsabilidades administrativas, mediante la actualizaci\u00f3n de la legislaci\u00f3n estatal conforme a los criterios del marco nacional en materia de corrupci\u00f3n.<\/p><p style=\"text-align: justify;\">Abund\u00f3 que con esto se evita la posibilidad de que los servidores p\u00fablicos, en el ejercicio de una atribuci\u00f3n conferida a nombre del Estado, favorezcan a personas con quienes comparten parentesco por afinidad, filiaci\u00f3n o consanguinidad, abriendo paso a la contrataci\u00f3n de empleados p\u00fablicos calificados.<\/p><p style=\"text-align: justify;\">Expuso que tambi\u00e9n se generan instrumentos propios para prevenir y sancionar con mayor precisi\u00f3n las conductas contrarias al servicio p\u00fablico, fortaleciendo la \u00e9tica institucional, ampliando los mecanismos de control interno y dotando a las autoridades de herramientas para actuar con claridad ante presuntos actos de corrupci\u00f3n.<\/p><p style=\"text-align: justify;\">Se\u00f1al\u00f3, asimismo, que la nueva normativa viene a fortalecer el conjunto de principios, obligaciones, procedimientos y sanciones que permitir\u00e1n que la administraci\u00f3n p\u00fablica opere con mayor transparencia, eficiencia y apego al marco legal, lo que representa un paso firme hacia la consolidaci\u00f3n de un servicio p\u00fablico profesional, con integridad y acorde a las demandas ciudadanas de un gobierno honesto y eficaz.<\/p><p style=\"text-align: justify;\"><strong>Iniciativas<\/strong><\/p><p style=\"text-align: justify;\">La diputada Leticia Mosso Hern\u00e1ndez (PT) present\u00f3 una iniciativa de adiciones a la Ley N\u00famero 812 para la Protecci\u00f3n de los Derechos de Ni\u00f1as, Ni\u00f1os y Adolescentes del Estado de Guerrero, con el prop\u00f3sito de garantizar la aplicaci\u00f3n obligatoria de la prueba de tamiz neurol\u00f3gico y neuromotor neonatal a todas las personas reci\u00e9n nacidas en la entidad, misma que deber\u00e1 aplicarse preferentemente entre el tercer y quinto d\u00eda de vida (pudiendo extenderse hasta los 12 meses de edad, seg\u00fan los protocolos m\u00e9dicos aplicables), que permita detectar oportunamente alteraciones, trastornos o patolog\u00edas en el sistema nervioso. Fue turnada a las Comisiones Unidas de Salud y de los Derechos de las Ni\u00f1as, Ni\u00f1os y Adolescentes.<\/p>\t\t\t\t\t\t<\/div>\n\t\t\t\t<\/div>\n\t\t\t\t\t<\/div>\n\t\t\t\t<\/div>\n\t\t\t\t<\/div>\n\t\t","protected":false},"excerpt":{"rendered":"<p>Chilpancingo, Gro., 01 de septiembre de 2026.- Para incorporar la figura del nepotismo como falta administrativa grave y evitar favoritismos de los servidores p\u00fablicos hacia sus familiares, diputadas y diputados de la LXIV Legislatura aprobaron este martes un dictamen de adici\u00f3n al art\u00edculo 59 Bis de la Ley N\u00famero 465 de Responsabilidades Administrativas para el [&hellip;]<\/p>\n","protected":false},"author":3,"featured_media":20164,"comment_status":"closed","ping_status":"open","sticky":false,"template":"","format":"standard","meta":{"_seopress_robots_primary_cat":"","_seopress_titles_title":"","_seopress_titles_desc":"","_seopress_robots_index":"","footnotes":""},"categories":[176,136,135],"tags":[98,79],"class_list":["post-20163","post","type-post","status-publish","format-standard","has-post-thumbnail","hentry","category-derechos-de-las-ninas-ninos-y-adolescentes","category-justicia","category-salud","tag-carlos-eduardo-bello-solano","tag-leticia-mosso-hernandez"],"_links":{"self":[{"href":"https:\/\/congresogro.gob.mx\/inicio\/wp-json\/wp\/v2\/posts\/20163","targetHints":{"allow":["GET"]}}],"collection":[{"href":"https:\/\/congresogro.gob.mx\/inicio\/wp-json\/wp\/v2\/posts"}],"about":[{"href":"https:\/\/congresogro.gob.mx\/inicio\/wp-json\/wp\/v2\/types\/post"}],"author":[{"embeddable":true,"href":"https:\/\/congresogro.gob.mx\/inicio\/wp-json\/wp\/v2\/users\/3"}],"replies":[{"embeddable":true,"href":"https:\/\/congresogro.gob.mx\/inicio\/wp-json\/wp\/v2\/comments?post=20163"}],"version-history":[{"count":4,"href":"https:\/\/congresogro.gob.mx\/inicio\/wp-json\/wp\/v2\/posts\/20163\/revisions"}],"predecessor-version":[{"id":20168,"href":"https:\/\/congresogro.gob.mx\/inicio\/wp-json\/wp\/v2\/posts\/20163\/revisions\/20168"}],"wp:featuredmedia":[{"embeddable":true,"href":"https:\/\/congresogro.gob.mx\/inicio\/wp-json\/wp\/v2\/media\/20164"}],"wp:attachment":[{"href":"https:\/\/congresogro.gob.mx\/inicio\/wp-json\/wp\/v2\/media?parent=20163"}],"wp:term":[{"taxonomy":"category","embeddable":true,"href":"https:\/\/congresogro.gob.mx\/inicio\/wp-json\/wp\/v2\/categories?post=20163"},{"taxonomy":"post_tag","embeddable":true,"href":"https:\/\/congresogro.gob.mx\/inicio\/wp-json\/wp\/v2\/tags?post=20163"}],"curies":[{"name":"wp","href":"https:\/\/api.w.org\/{rel}","templated":true}]}}