{"id":20157,"date":"2026-09-02T00:51:03","date_gmt":"2026-09-02T00:51:03","guid":{"rendered":"https:\/\/congresogro.gob.mx\/inicio\/?p=20157"},"modified":"2026-09-02T00:53:31","modified_gmt":"2026-09-02T00:53:31","slug":"llama-diputado-joaquin-badillo-a-consolidar-el-congreso-fuerte-moderno-y-humano-que-guerrero-merece","status":"publish","type":"post","link":"https:\/\/congresogro.gob.mx\/inicio\/llama-diputado-joaquin-badillo-a-consolidar-el-congreso-fuerte-moderno-y-humano-que-guerrero-merece\/","title":{"rendered":"Llama diputado Joaqu\u00edn Badillo a consolidar el Congreso fuerte, moderno y humano que Guerrero merece"},"content":{"rendered":"\t\t<div data-elementor-type=\"wp-post\" data-elementor-id=\"20157\" class=\"elementor elementor-20157\">\n\t\t\t\t<div class=\"elementor-element elementor-element-5625675 e-flex e-con-boxed e-con e-parent\" data-id=\"5625675\" data-element_type=\"container\">\n\t\t\t\t\t<div class=\"e-con-inner\">\n\t\t\t\t<div class=\"elementor-element elementor-element-04d55fb elementor-widget elementor-widget-text-editor\" data-id=\"04d55fb\" data-element_type=\"widget\" data-widget_type=\"text-editor.default\">\n\t\t\t\t<div class=\"elementor-widget-container\">\n\t\t\t\t\t\t\t<p style=\"text-align: justify;\"><strong>Chilpancingo, Gro., 01 de septiembre de 2026.-<\/strong> En el inicio del Tercer A\u00f1o de Ejercicio de la LXIV Legislatura, el diputado Joaqu\u00edn Badillo Escamilla, presidente de la Junta de Coordinaci\u00f3n Pol\u00edtica (Jucopo), hizo un llamado a sus compa\u00f1eras y compa\u00f1eros diputados a seguir legislando con eficacia, transparencia y pasi\u00f3n, dejando atr\u00e1s las diferencias partidistas, por el bien supremo de Guerrero.<\/p><p style=\"text-align: justify;\">El tambi\u00e9n coordinador del Grupo Parlamentario de Morena resalt\u00f3 que la pol\u00edtica debe traducirse en resultados tangibles, justicia social y mejores condiciones para la poblaci\u00f3n. En ese sentido, invit\u00f3 a sus pares a consolidar el Congreso fuerte, moderno y humano que Guerrero merece.<\/p><p style=\"text-align: justify;\">Como parte de su exposici\u00f3n, inform\u00f3 que en el Segundo A\u00f1o de Ejercicio se celebraron 96 sesiones, de las cuales 67 correspondieron a periodos ordinarios, 16 a periodos de receso, tres solemnes, dos extraordinarias y ocho de comparecencias. <\/p><p style=\"text-align: justify;\">En este periodo, abund\u00f3, fueron aprobados 479 ordenamientos: 89 nuevas leyes, 212 decretos y 178 acuerdos, resultado del trabajo conjunto de las distintas fuerzas pol\u00edticas representadas en el Congreso.<\/p><p style=\"text-align: justify;\">Tambi\u00e9n resalt\u00f3 el trabajo desarrollado durante los primeros dos meses de su responsabilidad al frente de la Jucopo, en que se realizaron 14 sesiones y se aprobaron 61 ordenamientos, destacando la nueva legislaci\u00f3n en materia de personas desaparecidas, la ratificaci\u00f3n de tres magistrados provisionales y una serie de reformas en materia de paridad sustantiva, disciplina presupuestaria, l\u00edmites salariales en \u00f3rganos electorales, no reelecci\u00f3n y nepotismo electoral. <\/p><p style=\"text-align: justify;\">Remarc\u00f3 igualmente que en la agenda del Congreso est\u00e1n en primer plano el fortalecimiento de la inclusi\u00f3n y la justicia hist\u00f3rica a los pueblos originarios; la implementaci\u00f3n del C\u00f3digo Nacional de Procedimientos Civiles y Familiares; la reorganizaci\u00f3n de la estructura interna del Poder Legislativo, la extinci\u00f3n del Instituto de Transparencia, Acceso a la Informaci\u00f3n y Protecci\u00f3n de Datos Personales y una nueva Ley de Transparencia que fortalezca la confianza ciudadana.<\/p><p style=\"text-align: justify;\">Badillo Escamilla subray\u00f3 la importancia de mantener una relaci\u00f3n institucional y de coordinaci\u00f3n con los distintos poderes y \u00f3rdenes de gobierno, a fin de que las decisiones del Congreso se traduzcan en acciones que atiendan las necesidades de la poblaci\u00f3n. <\/p><p style=\"text-align: justify;\">\u201cEl trabajo legislativo debe mantenerse cercano a las comunidades y sectores sociales, escuchando sus planteamientos y convirti\u00e9ndolos, cuando corresponda, en propuestas que contribuyan a mejorar las condiciones de vida en las distintas regiones del estado\u201d, remarc\u00f3. <\/p><p style=\"text-align: justify;\">Enfatiz\u00f3, por \u00faltimo, que el \u00faltimo tramo de la LXIV Legislatura representa una oportunidad para dar continuidad a los temas pendientes y concretar reformas que respondan a los desaf\u00edos actuales de Guerrero.<\/p><p style=\"text-align: justify;\">\u201cNos aproximamos a un horizonte de enorme relevancia pol\u00edtica e hist\u00f3rica: el a\u00f1o 2027. Las din\u00e1micas electorales y los procesos de renovaci\u00f3n democr\u00e1tica suelen tensionar las instituciones y polarizar los discursos. Sin embargo, la alta pol\u00edtica no es aquella que se somete a la coyuntura del momento, sino la que sabe mirar m\u00e1s all\u00e1 de la contienda inmediata para preservar el inter\u00e9s superior de las familias guerrerenses\u201d, remat\u00f3.<\/p>\t\t\t\t\t\t<\/div>\n\t\t\t\t<\/div>\n\t\t\t\t\t<\/div>\n\t\t\t\t<\/div>\n\t\t\t\t<\/div>\n\t\t","protected":false},"excerpt":{"rendered":"<p>Chilpancingo, Gro., 01 de septiembre de 2026.- En el inicio del Tercer A\u00f1o de Ejercicio de la LXIV Legislatura, el diputado Joaqu\u00edn Badillo Escamilla, presidente de la Junta de Coordinaci\u00f3n Pol\u00edtica (Jucopo), hizo un llamado a sus compa\u00f1eras y compa\u00f1eros diputados a seguir legislando con eficacia, transparencia y pasi\u00f3n, dejando atr\u00e1s las diferencias partidistas, por [&hellip;]<\/p>\n","protected":false},"author":3,"featured_media":20158,"comment_status":"closed","ping_status":"open","sticky":false,"template":"","format":"standard","meta":{"_seopress_robots_primary_cat":"","_seopress_titles_title":"","_seopress_titles_desc":"","_seopress_robots_index":"","footnotes":""},"categories":[110],"tags":[101],"class_list":["post-20157","post","type-post","status-publish","format-standard","has-post-thumbnail","hentry","category-junta-de-coordinacion-politica","tag-joaquin-badillo-escamilla"],"_links":{"self":[{"href":"https:\/\/congresogro.gob.mx\/inicio\/wp-json\/wp\/v2\/posts\/20157","targetHints":{"allow":["GET"]}}],"collection":[{"href":"https:\/\/congresogro.gob.mx\/inicio\/wp-json\/wp\/v2\/posts"}],"about":[{"href":"https:\/\/congresogro.gob.mx\/inicio\/wp-json\/wp\/v2\/types\/post"}],"author":[{"embeddable":true,"href":"https:\/\/congresogro.gob.mx\/inicio\/wp-json\/wp\/v2\/users\/3"}],"replies":[{"embeddable":true,"href":"https:\/\/congresogro.gob.mx\/inicio\/wp-json\/wp\/v2\/comments?post=20157"}],"version-history":[{"count":4,"href":"https:\/\/congresogro.gob.mx\/inicio\/wp-json\/wp\/v2\/posts\/20157\/revisions"}],"predecessor-version":[{"id":20162,"href":"https:\/\/congresogro.gob.mx\/inicio\/wp-json\/wp\/v2\/posts\/20157\/revisions\/20162"}],"wp:featuredmedia":[{"embeddable":true,"href":"https:\/\/congresogro.gob.mx\/inicio\/wp-json\/wp\/v2\/media\/20158"}],"wp:attachment":[{"href":"https:\/\/congresogro.gob.mx\/inicio\/wp-json\/wp\/v2\/media?parent=20157"}],"wp:term":[{"taxonomy":"category","embeddable":true,"href":"https:\/\/congresogro.gob.mx\/inicio\/wp-json\/wp\/v2\/categories?post=20157"},{"taxonomy":"post_tag","embeddable":true,"href":"https:\/\/congresogro.gob.mx\/inicio\/wp-json\/wp\/v2\/tags?post=20157"}],"curies":[{"name":"wp","href":"https:\/\/api.w.org\/{rel}","templated":true}]}}