{"id":20150,"date":"2026-09-02T00:36:11","date_gmt":"2026-09-02T00:36:11","guid":{"rendered":"https:\/\/congresogro.gob.mx\/inicio\/?p=20150"},"modified":"2026-09-02T00:37:59","modified_gmt":"2026-09-02T00:37:59","slug":"acompana-diputado-joaquin-badillo-en-el-proceso-de-entrega-recepcion-de-la-mesa-directiva","status":"publish","type":"post","link":"https:\/\/congresogro.gob.mx\/inicio\/acompana-diputado-joaquin-badillo-en-el-proceso-de-entrega-recepcion-de-la-mesa-directiva\/","title":{"rendered":"Acompa\u00f1a diputado Joaqu\u00edn Badillo en el proceso de entrega-recepci\u00f3n de la Mesa Directiva"},"content":{"rendered":"\t\t<div data-elementor-type=\"wp-post\" data-elementor-id=\"20150\" class=\"elementor elementor-20150\">\n\t\t\t\t<div class=\"elementor-element elementor-element-d04a6ab e-flex e-con-boxed e-con e-parent\" data-id=\"d04a6ab\" data-element_type=\"container\">\n\t\t\t\t\t<div class=\"e-con-inner\">\n\t\t\t\t<div class=\"elementor-element elementor-element-69774ed elementor-widget elementor-widget-text-editor\" data-id=\"69774ed\" data-element_type=\"widget\" data-widget_type=\"text-editor.default\">\n\t\t\t\t<div class=\"elementor-widget-container\">\n\t\t\t\t\t\t\t<p style=\"text-align: justify;\"><strong>Chilpancingo, Gro; a 31 de agosto de 2026.-<\/strong> El diputado Joaqu\u00edn Badillo Escamilla, presidente de la Junta de Coordinaci\u00f3n Pol\u00edtica en el Congreso local, acompa\u00f1\u00f3 el proceso de la entrega-recepci\u00f3n de la Mesa Directiva del Tercer A\u00f1o de ejercicio constitucional de la LXIV Legislatura.<\/p><p style=\"text-align: justify;\">Como parte de las actividades, la diputada Erika Isabel Guill\u00e9n Rom\u00e1n presidenta entrante, recibi\u00f3 del saliente, diputado Alejandro Carabias Icaza, los libros que contienen los asuntos legislativos as\u00ed como el acta que acredita dicho proceso.<\/p><p style=\"text-align: justify;\">Asimismo, se llev\u00f3 a cabo la develaci\u00f3n de la placa de la Mesa Directiva.<\/p><p style=\"text-align: justify;\">En este acto estuvieron presentes las diputadas Leticia Mosso Hern\u00e1ndez y Gladys Cort\u00e9s Genchi, secretarias suplentes de la Mesa Directiva entrante; Robell Uri\u00f3stegui Pati\u00f1o, vocal de la Jucopo; as\u00ed como el secretario de Servicios Parlamentarios, Jos\u00e9 Enrique Sol\u00eds R\u00edos, y el titular del \u00d3rgano Interno de Control, Ernesto D\u00edaz M\u00e1rquez.<\/p>\t\t\t\t\t\t<\/div>\n\t\t\t\t<\/div>\n\t\t\t\t\t<\/div>\n\t\t\t\t<\/div>\n\t\t\t\t<\/div>\n\t\t","protected":false},"excerpt":{"rendered":"<p>Chilpancingo, Gro; a 31 de agosto de 2026.- El diputado Joaqu\u00edn Badillo Escamilla, presidente de la Junta de Coordinaci\u00f3n Pol\u00edtica en el Congreso local, acompa\u00f1\u00f3 el proceso de la entrega-recepci\u00f3n de la Mesa Directiva del Tercer A\u00f1o de ejercicio constitucional de la LXIV Legislatura. Como parte de las actividades, la diputada Erika Isabel Guill\u00e9n Rom\u00e1n [&hellip;]<\/p>\n","protected":false},"author":3,"featured_media":20151,"comment_status":"closed","ping_status":"open","sticky":false,"template":"","format":"standard","meta":{"_seopress_robots_primary_cat":"","_seopress_titles_title":"","_seopress_titles_desc":"","_seopress_robots_index":"","footnotes":""},"categories":[76],"tags":[106,111,101,79,85],"class_list":["post-20150","post","type-post","status-publish","format-standard","has-post-thumbnail","hentry","category-mesa-directiva","tag-erika-isabel-guillen-roman","tag-gladys-cortes-genchi","tag-joaquin-badillo-escamilla","tag-leticia-mosso-hernandez","tag-robell-uriostegui-patino"],"_links":{"self":[{"href":"https:\/\/congresogro.gob.mx\/inicio\/wp-json\/wp\/v2\/posts\/20150","targetHints":{"allow":["GET"]}}],"collection":[{"href":"https:\/\/congresogro.gob.mx\/inicio\/wp-json\/wp\/v2\/posts"}],"about":[{"href":"https:\/\/congresogro.gob.mx\/inicio\/wp-json\/wp\/v2\/types\/post"}],"author":[{"embeddable":true,"href":"https:\/\/congresogro.gob.mx\/inicio\/wp-json\/wp\/v2\/users\/3"}],"replies":[{"embeddable":true,"href":"https:\/\/congresogro.gob.mx\/inicio\/wp-json\/wp\/v2\/comments?post=20150"}],"version-history":[{"count":4,"href":"https:\/\/congresogro.gob.mx\/inicio\/wp-json\/wp\/v2\/posts\/20150\/revisions"}],"predecessor-version":[{"id":20155,"href":"https:\/\/congresogro.gob.mx\/inicio\/wp-json\/wp\/v2\/posts\/20150\/revisions\/20155"}],"wp:featuredmedia":[{"embeddable":true,"href":"https:\/\/congresogro.gob.mx\/inicio\/wp-json\/wp\/v2\/media\/20151"}],"wp:attachment":[{"href":"https:\/\/congresogro.gob.mx\/inicio\/wp-json\/wp\/v2\/media?parent=20150"}],"wp:term":[{"taxonomy":"category","embeddable":true,"href":"https:\/\/congresogro.gob.mx\/inicio\/wp-json\/wp\/v2\/categories?post=20150"},{"taxonomy":"post_tag","embeddable":true,"href":"https:\/\/congresogro.gob.mx\/inicio\/wp-json\/wp\/v2\/tags?post=20150"}],"curies":[{"name":"wp","href":"https:\/\/api.w.org\/{rel}","templated":true}]}}