{"id":20144,"date":"2026-09-02T00:24:51","date_gmt":"2026-09-02T00:24:51","guid":{"rendered":"https:\/\/congresogro.gob.mx\/inicio\/?p=20144"},"modified":"2026-09-02T00:28:55","modified_gmt":"2026-09-02T00:28:55","slug":"se-realiza-entrega-recepcion-de-la-mesa-directiva-para-el-tercer-ano-de-la-lxiv-legislatura","status":"publish","type":"post","link":"https:\/\/congresogro.gob.mx\/inicio\/se-realiza-entrega-recepcion-de-la-mesa-directiva-para-el-tercer-ano-de-la-lxiv-legislatura\/","title":{"rendered":"Se realiza entrega-recepci\u00f3n de la Mesa Directiva para el Tercer A\u00f1o de la LXIV Legislatura"},"content":{"rendered":"\t\t<div data-elementor-type=\"wp-post\" data-elementor-id=\"20144\" class=\"elementor elementor-20144\">\n\t\t\t\t<div class=\"elementor-element elementor-element-379131a e-flex e-con-boxed e-con e-parent\" data-id=\"379131a\" data-element_type=\"container\">\n\t\t\t\t\t<div class=\"e-con-inner\">\n\t\t\t\t<div class=\"elementor-element elementor-element-f20290b elementor-widget elementor-widget-text-editor\" data-id=\"f20290b\" data-element_type=\"widget\" data-widget_type=\"text-editor.default\">\n\t\t\t\t<div class=\"elementor-widget-container\">\n\t\t\t\t\t\t\t<p style=\"text-align: justify;\"><strong>Chilpancingo, Gro., 31 de agosto de 2026.-<\/strong> Este lunes se llev\u00f3 a cabo la ceremonia de entrega-recepci\u00f3n de la Mesa Directiva para el Tercer A\u00f1o de Ejercicio Constitucional de la LXIV Legislatura del Congreso del Estado, encabezada por los presidentes entrante y saliente, diputada Erika Isabel Guill\u00e9n Rom\u00e1n y diputado Alejandro Carabias Icaza, respectivamente.<\/p><p style=\"text-align: justify;\">Luego de recibir los libros que contienen los asuntos legislativos, Erika Guill\u00e9n refiri\u00f3 que los trabajos que encabezar\u00e1 se desarrollar\u00e1n con apego a la legalidad, privilegiando el di\u00e1logo y respetando las diferencias ideol\u00f3gicas, pero anteponiendo las coincidencias para que le vaya bien a las y los guerrerenses.<\/p><p style=\"text-align: justify;\">Se\u00f1al\u00f3 que para quienes integran la Mesa Directiva del Tercer A\u00f1o Legislativo, es un alto honor representar al Congreso por lo que actuar\u00e1n con profesionalismo y amor a las y los guerrerenses. Finalmente, reconoci\u00f3 el trabajo de quienes fungieron como integrantes de la Mesa Directiva durante el Segundo A\u00f1o.<\/p><p style=\"text-align: justify;\">Por su parte, el diputado Alejandro Carabias consider\u00f3 una distinci\u00f3n haber tenido la oportunidad de representar al Congreso y se\u00f1al\u00f3 que la Mesa Directiva condujo los trabajos con apego a la legalidad, respeto e institucionalidad.<\/p><p style=\"text-align: justify;\">Inform\u00f3 que se trabaj\u00f3 en coordinaci\u00f3n con los poderes Ejecutivo y Judicial cuando as\u00ed se requiri\u00f3, siempre con el \u00e1nimo de \u201ccerrar filas\u201d para sacar adelante los temas que requiere Guerrero para seguir avanzando.<\/p><p style=\"text-align: justify;\">Finalmente, agradeci\u00f3 y reconoci\u00f3 a las \u00e1reas operativas del Congreso, cuyos integrantes colaboran desde sus respectivas responsabilidades.<\/p><p style=\"text-align: justify;\">Tambi\u00e9n se realiz\u00f3 la develaci\u00f3n de la placa de la Mesa Directiva, que se suma a las exhibidas desde la LV Legislatura.<\/p><p style=\"text-align: justify;\">Estuvieron presentes tambi\u00e9n las diputadas y los diputados Claudia Sierra P\u00e9rez, Primera Vicepresidenta; V\u00edctor Hugo Vega Hern\u00e1ndez, Segundo Vicepresidente; Obdulia Naranjo Cabrera, secretaria propietaria; Leticia Mosso Hern\u00e1ndez y Gladys Cort\u00e9s Genchi, secretarias suplentes, integrantes de la Mesa Directiva entrante. Adem\u00e1s, el secretario de Servicios Parlamentarios, Jos\u00e9 Enrique Sol\u00eds R\u00edos, y el titular del \u00d3rgano Interno de Control, Ernesto D\u00edaz M\u00e1rquez.<\/p>\t\t\t\t\t\t<\/div>\n\t\t\t\t<\/div>\n\t\t\t\t\t<\/div>\n\t\t\t\t<\/div>\n\t\t\t\t<\/div>\n\t\t","protected":false},"excerpt":{"rendered":"<p>Chilpancingo, Gro., 31 de agosto de 2026.- Este lunes se llev\u00f3 a cabo la ceremonia de entrega-recepci\u00f3n de la Mesa Directiva para el Tercer A\u00f1o de Ejercicio Constitucional de la LXIV Legislatura del Congreso del Estado, encabezada por los presidentes entrante y saliente, diputada Erika Isabel Guill\u00e9n Rom\u00e1n y diputado Alejandro Carabias Icaza, respectivamente. Luego [&hellip;]<\/p>\n","protected":false},"author":3,"featured_media":20145,"comment_status":"closed","ping_status":"open","sticky":false,"template":"","format":"standard","meta":{"_seopress_robots_primary_cat":"","_seopress_titles_title":"","_seopress_titles_desc":"","_seopress_robots_index":"","footnotes":""},"categories":[76],"tags":[81,99,106,111,79,108,120],"class_list":["post-20144","post","type-post","status-publish","format-standard","has-post-thumbnail","hentry","category-mesa-directiva","tag-alejandro-carabias-icaza","tag-claudia-sierra-perez","tag-erika-isabel-guillen-roman","tag-gladys-cortes-genchi","tag-leticia-mosso-hernandez","tag-obdulia-naranjo-cabrera","tag-victor-hugo-vega-hernandez"],"_links":{"self":[{"href":"https:\/\/congresogro.gob.mx\/inicio\/wp-json\/wp\/v2\/posts\/20144","targetHints":{"allow":["GET"]}}],"collection":[{"href":"https:\/\/congresogro.gob.mx\/inicio\/wp-json\/wp\/v2\/posts"}],"about":[{"href":"https:\/\/congresogro.gob.mx\/inicio\/wp-json\/wp\/v2\/types\/post"}],"author":[{"embeddable":true,"href":"https:\/\/congresogro.gob.mx\/inicio\/wp-json\/wp\/v2\/users\/3"}],"replies":[{"embeddable":true,"href":"https:\/\/congresogro.gob.mx\/inicio\/wp-json\/wp\/v2\/comments?post=20144"}],"version-history":[{"count":4,"href":"https:\/\/congresogro.gob.mx\/inicio\/wp-json\/wp\/v2\/posts\/20144\/revisions"}],"predecessor-version":[{"id":20149,"href":"https:\/\/congresogro.gob.mx\/inicio\/wp-json\/wp\/v2\/posts\/20144\/revisions\/20149"}],"wp:featuredmedia":[{"embeddable":true,"href":"https:\/\/congresogro.gob.mx\/inicio\/wp-json\/wp\/v2\/media\/20145"}],"wp:attachment":[{"href":"https:\/\/congresogro.gob.mx\/inicio\/wp-json\/wp\/v2\/media?parent=20144"}],"wp:term":[{"taxonomy":"category","embeddable":true,"href":"https:\/\/congresogro.gob.mx\/inicio\/wp-json\/wp\/v2\/categories?post=20144"},{"taxonomy":"post_tag","embeddable":true,"href":"https:\/\/congresogro.gob.mx\/inicio\/wp-json\/wp\/v2\/tags?post=20144"}],"curies":[{"name":"wp","href":"https:\/\/api.w.org\/{rel}","templated":true}]}}