{"id":20138,"date":"2026-09-02T00:15:18","date_gmt":"2026-09-02T00:15:18","guid":{"rendered":"https:\/\/congresogro.gob.mx\/inicio\/?p=20138"},"modified":"2026-09-02T00:16:56","modified_gmt":"2026-09-02T00:16:56","slug":"congreso-de-guerrero-invita-al-publico-a-visitar-su-tianguis-artesanal","status":"publish","type":"post","link":"https:\/\/congresogro.gob.mx\/inicio\/congreso-de-guerrero-invita-al-publico-a-visitar-su-tianguis-artesanal\/","title":{"rendered":"Congreso de Guerrero invita al p\u00fablico a visitar su Tianguis Artesanal"},"content":{"rendered":"\t\t<div data-elementor-type=\"wp-post\" data-elementor-id=\"20138\" class=\"elementor elementor-20138\">\n\t\t\t\t<div class=\"elementor-element elementor-element-475c286 e-flex e-con-boxed e-con e-parent\" data-id=\"475c286\" data-element_type=\"container\">\n\t\t\t\t\t<div class=\"e-con-inner\">\n\t\t\t\t<div class=\"elementor-element elementor-element-2b84a8e elementor-widget elementor-widget-text-editor\" data-id=\"2b84a8e\" data-element_type=\"widget\" data-widget_type=\"text-editor.default\">\n\t\t\t\t<div class=\"elementor-widget-container\">\n\t\t\t\t\t\t\t<p style=\"text-align: justify;\"><strong>Chilpancingo, Gro., 31 de agosto de 2026.-<\/strong> El Congreso del Estado, a trav\u00e9s de la Comisi\u00f3n de Artesan\u00edas llevar\u00e1 a cabo este 1, 2 y 3 de septiembre el Tianguis Artesanal 2026, con la participaci\u00f3n de artesanas y artesanos de diversas regiones de la entidad que ofrecer\u00e1n al p\u00fablico variados y coloridos productos elaborados por manos guerrerenses. <\/p><p style=\"text-align: justify;\">Luego de hacer la invitaci\u00f3n al p\u00fablico en general, la diputada Claudia Sierra P\u00e9rez, presidenta de dicho \u00f3rgano legislativo, resalt\u00f3 la importancia de realizar estos eventos porque, adem\u00e1s de que la ciudadan\u00eda adquiere productos de calidad a bajos precios, se brinda la oportunidad de que las y los creadores guerrerenses vendan sus productos directamente al consumidor, sin intermediarios, en beneficio de la econom\u00eda de ambos.<\/p><p style=\"text-align: justify;\">Abund\u00f3 que como, ya se ha hecho en repetidas ocasiones, participar\u00e1n en este tianguis m\u00e1s de 30 artesanas y artesanos provenientes de las ocho regiones del estado, con productos como textiles, ropa, collares, mezcal, chocolate, bolsas, accesorios de piel, joyer\u00eda de oro y plata, miel de abeja, productos de palma, artesan\u00edas de macao y laca, bisuter\u00eda, carteras, huaraches en chaquira, aguardiente de sabor y huipiles de telar.<\/p><p style=\"text-align: justify;\">Asimismo, accesorios y ropa t\u00edpica del municipio de Chilapa, sillas bordadas de Ayutla de los Libres, vestidos bordados de Acatl\u00e1n, sombreros de Tlapehuala, fruteros de Teloloapan, cajitas de Olinal\u00e1, hamacas de Copalillo, chilate y otras variedades de bebidas. <\/p><p style=\"text-align: justify;\">La expo venta se estar\u00e1 realizando los d\u00edas 1, 2 y 3 de septiembre de este a\u00f1o en la Explanada Centenario, ubicada dentro de las instalaciones del Congreso, de 10 de la ma\u00f1ana a las 5 de la tarde.<\/p>\t\t\t\t\t\t<\/div>\n\t\t\t\t<\/div>\n\t\t\t\t\t<\/div>\n\t\t\t\t<\/div>\n\t\t\t\t<\/div>\n\t\t","protected":false},"excerpt":{"rendered":"<p>Chilpancingo, Gro., 31 de agosto de 2026.- El Congreso del Estado, a trav\u00e9s de la Comisi\u00f3n de Artesan\u00edas llevar\u00e1 a cabo este 1, 2 y 3 de septiembre el Tianguis Artesanal 2026, con la participaci\u00f3n de artesanas y artesanos de diversas regiones de la entidad que ofrecer\u00e1n al p\u00fablico variados y coloridos productos elaborados por [&hellip;]<\/p>\n","protected":false},"author":3,"featured_media":20139,"comment_status":"closed","ping_status":"open","sticky":false,"template":"","format":"standard","meta":{"_seopress_robots_primary_cat":"","_seopress_titles_title":"","_seopress_titles_desc":"","_seopress_robots_index":"","footnotes":""},"categories":[169],"tags":[99],"class_list":["post-20138","post","type-post","status-publish","format-standard","has-post-thumbnail","hentry","category-artesanias","tag-claudia-sierra-perez"],"_links":{"self":[{"href":"https:\/\/congresogro.gob.mx\/inicio\/wp-json\/wp\/v2\/posts\/20138","targetHints":{"allow":["GET"]}}],"collection":[{"href":"https:\/\/congresogro.gob.mx\/inicio\/wp-json\/wp\/v2\/posts"}],"about":[{"href":"https:\/\/congresogro.gob.mx\/inicio\/wp-json\/wp\/v2\/types\/post"}],"author":[{"embeddable":true,"href":"https:\/\/congresogro.gob.mx\/inicio\/wp-json\/wp\/v2\/users\/3"}],"replies":[{"embeddable":true,"href":"https:\/\/congresogro.gob.mx\/inicio\/wp-json\/wp\/v2\/comments?post=20138"}],"version-history":[{"count":4,"href":"https:\/\/congresogro.gob.mx\/inicio\/wp-json\/wp\/v2\/posts\/20138\/revisions"}],"predecessor-version":[{"id":20143,"href":"https:\/\/congresogro.gob.mx\/inicio\/wp-json\/wp\/v2\/posts\/20138\/revisions\/20143"}],"wp:featuredmedia":[{"embeddable":true,"href":"https:\/\/congresogro.gob.mx\/inicio\/wp-json\/wp\/v2\/media\/20139"}],"wp:attachment":[{"href":"https:\/\/congresogro.gob.mx\/inicio\/wp-json\/wp\/v2\/media?parent=20138"}],"wp:term":[{"taxonomy":"category","embeddable":true,"href":"https:\/\/congresogro.gob.mx\/inicio\/wp-json\/wp\/v2\/categories?post=20138"},{"taxonomy":"post_tag","embeddable":true,"href":"https:\/\/congresogro.gob.mx\/inicio\/wp-json\/wp\/v2\/tags?post=20138"}],"curies":[{"name":"wp","href":"https:\/\/api.w.org\/{rel}","templated":true}]}}