{"id":20125,"date":"2026-09-01T23:43:36","date_gmt":"2026-09-01T23:43:36","guid":{"rendered":"https:\/\/congresogro.gob.mx\/inicio\/?p=20125"},"modified":"2026-09-01T23:45:36","modified_gmt":"2026-09-01T23:45:36","slug":"plantean-instituir-el-parlamento-de-los-pueblos-y-comunidades-indigenas-y-afromexicanas-de-guerrero","status":"publish","type":"post","link":"https:\/\/congresogro.gob.mx\/inicio\/plantean-instituir-el-parlamento-de-los-pueblos-y-comunidades-indigenas-y-afromexicanas-de-guerrero\/","title":{"rendered":"Plantean instituir el Parlamento de los Pueblos y Comunidades Ind\u00edgenas y Afromexicanas de Guerrero"},"content":{"rendered":"\t\t<div data-elementor-type=\"wp-post\" data-elementor-id=\"20125\" class=\"elementor elementor-20125\">\n\t\t\t\t<div class=\"elementor-element elementor-element-906f577 e-flex e-con-boxed e-con e-parent\" data-id=\"906f577\" data-element_type=\"container\">\n\t\t\t\t\t<div class=\"e-con-inner\">\n\t\t\t\t<div class=\"elementor-element elementor-element-a72098d elementor-widget elementor-widget-text-editor\" data-id=\"a72098d\" data-element_type=\"widget\" data-widget_type=\"text-editor.default\">\n\t\t\t\t<div class=\"elementor-widget-container\">\n\t\t\t\t\t\t\t<p style=\"text-align: justify;\"><strong>Chilpancingo, Gro., 30 de agosto de 2026.-<\/strong> Con el fin de fortalecer la participaci\u00f3n directa de los pueblos originarios en los asuntos p\u00fablicos, el diputado P\u00e1nfilo S\u00e1nchez Almaz\u00e1n present\u00f3 una iniciativa para instituir el Parlamento de los Pueblos y Comunidades Ind\u00edgenas y Afromexicanas del Estado, cada mes de agosto a partir del a\u00f1o 2027.<\/p><p style=\"text-align: justify;\">En su exposici\u00f3n de motivos, el diputado por Morena plante\u00f3 dotar a este ejercicio parlamentario de certeza jur\u00eddica, continuidad y un marco normativo que garantice la representaci\u00f3n plural de 46 parlamentarios, quienes podr\u00e1n expresar sus necesidades, propuestas y planteamientos que contribuyan a la construcci\u00f3n de pol\u00edticas p\u00fablicas y reformas legislativas relacionadas con sus derechos y condiciones de vida.<\/p><p style=\"text-align: justify;\">Destac\u00f3 la importancia de legalizar la celebraci\u00f3n de este parlamento para que no dependa de la voluntad o de las decisiones administrativas de cada periodo legislativo, y se convierta en un ejercicio institucional con periodicidad, reglas claras y continuidad. <\/p><p style=\"text-align: justify;\">Adem\u00e1s, dijo, se debe garantizar que las conclusiones y propuestas recabadas en la actividad sean remitidas a la Mesa Directiva y comisiones ordinarias competentes del Congreso del Estado para su conocimiento, atenci\u00f3n y seguimiento legislativo. <\/p><p style=\"text-align: justify;\">S\u00e1nchez plantea que este ejercicio se integre por 46 parlamentarias y parlamentarios, garantizando una representaci\u00f3n plural y equilibrada de las distintas regiones, electos bajo los principios de libre determinaci\u00f3n, interculturalidad, igualdad sustantiva, paridad de g\u00e9nero, inclusi\u00f3n, accesibilidad y no discriminaci\u00f3n. <\/p><p style=\"text-align: justify;\">\u201cEs importante fortalecer los mecanismos de participaci\u00f3n y representaci\u00f3n de los pueblos y comunidades ind\u00edgenas y afromexicanas, reconociendo su diversidad cultural, sus formas de organizaci\u00f3n y sus derechos, adem\u00e1s de generar condiciones para que sus planteamientos sean escuchados y considerados en la agenda legislativa estatal\u201d, enfatiz\u00f3. <\/p><p style=\"text-align: justify;\">Dicha propuesta fue turnada a la Junta de Coordinaci\u00f3n Pol\u00edtica y a la Comisi\u00f3n de los Pueblos y Comunidades Ind\u00edgenas y Afromexicanos, para su correspondiente an\u00e1lisis y emisi\u00f3n del dictamen.<\/p>\t\t\t\t\t\t<\/div>\n\t\t\t\t<\/div>\n\t\t\t\t\t<\/div>\n\t\t\t\t<\/div>\n\t\t\t\t<\/div>\n\t\t","protected":false},"excerpt":{"rendered":"<p>Chilpancingo, Gro., 30 de agosto de 2026.- Con el fin de fortalecer la participaci\u00f3n directa de los pueblos originarios en los asuntos p\u00fablicos, el diputado P\u00e1nfilo S\u00e1nchez Almaz\u00e1n present\u00f3 una iniciativa para instituir el Parlamento de los Pueblos y Comunidades Ind\u00edgenas y Afromexicanas del Estado, cada mes de agosto a partir del a\u00f1o 2027. En [&hellip;]<\/p>\n","protected":false},"author":3,"featured_media":20126,"comment_status":"closed","ping_status":"open","sticky":false,"template":"","format":"standard","meta":{"_seopress_robots_primary_cat":"","_seopress_titles_title":"","_seopress_titles_desc":"","_seopress_robots_index":"","footnotes":""},"categories":[110,91],"tags":[103],"class_list":["post-20125","post","type-post","status-publish","format-standard","has-post-thumbnail","hentry","category-junta-de-coordinacion-politica","category-pueblos-y-comunidades-indigenas-y-afromexicanos","tag-panfilo-sanchez-almazan"],"_links":{"self":[{"href":"https:\/\/congresogro.gob.mx\/inicio\/wp-json\/wp\/v2\/posts\/20125","targetHints":{"allow":["GET"]}}],"collection":[{"href":"https:\/\/congresogro.gob.mx\/inicio\/wp-json\/wp\/v2\/posts"}],"about":[{"href":"https:\/\/congresogro.gob.mx\/inicio\/wp-json\/wp\/v2\/types\/post"}],"author":[{"embeddable":true,"href":"https:\/\/congresogro.gob.mx\/inicio\/wp-json\/wp\/v2\/users\/3"}],"replies":[{"embeddable":true,"href":"https:\/\/congresogro.gob.mx\/inicio\/wp-json\/wp\/v2\/comments?post=20125"}],"version-history":[{"count":4,"href":"https:\/\/congresogro.gob.mx\/inicio\/wp-json\/wp\/v2\/posts\/20125\/revisions"}],"predecessor-version":[{"id":20130,"href":"https:\/\/congresogro.gob.mx\/inicio\/wp-json\/wp\/v2\/posts\/20125\/revisions\/20130"}],"wp:featuredmedia":[{"embeddable":true,"href":"https:\/\/congresogro.gob.mx\/inicio\/wp-json\/wp\/v2\/media\/20126"}],"wp:attachment":[{"href":"https:\/\/congresogro.gob.mx\/inicio\/wp-json\/wp\/v2\/media?parent=20125"}],"wp:term":[{"taxonomy":"category","embeddable":true,"href":"https:\/\/congresogro.gob.mx\/inicio\/wp-json\/wp\/v2\/categories?post=20125"},{"taxonomy":"post_tag","embeddable":true,"href":"https:\/\/congresogro.gob.mx\/inicio\/wp-json\/wp\/v2\/tags?post=20125"}],"curies":[{"name":"wp","href":"https:\/\/api.w.org\/{rel}","templated":true}]}}