{"id":20119,"date":"2026-09-01T23:36:36","date_gmt":"2026-09-01T23:36:36","guid":{"rendered":"https:\/\/congresogro.gob.mx\/inicio\/?p=20119"},"modified":"2026-09-01T23:38:34","modified_gmt":"2026-09-01T23:38:34","slug":"plantean-exhorto-a-municipios-para-evaluar-nombres-de-calles-y-espacios-publicos","status":"publish","type":"post","link":"https:\/\/congresogro.gob.mx\/inicio\/plantean-exhorto-a-municipios-para-evaluar-nombres-de-calles-y-espacios-publicos\/","title":{"rendered":"Plantean exhorto a municipios para evaluar nombres de calles y espacios p\u00fablicos"},"content":{"rendered":"\t\t<div data-elementor-type=\"wp-post\" data-elementor-id=\"20119\" class=\"elementor elementor-20119\">\n\t\t\t\t<div class=\"elementor-element elementor-element-dad70ea e-flex e-con-boxed e-con e-parent\" data-id=\"dad70ea\" data-element_type=\"container\">\n\t\t\t\t\t<div class=\"e-con-inner\">\n\t\t\t\t<div class=\"elementor-element elementor-element-765709e elementor-widget elementor-widget-text-editor\" data-id=\"765709e\" data-element_type=\"widget\" data-widget_type=\"text-editor.default\">\n\t\t\t\t<div class=\"elementor-widget-container\">\n\t\t\t\t\t\t\t<p style=\"text-align: justify;\"><strong>Chilpancingo, Gro., 30 de agosto de 2026.-<\/strong> La diputada Marisol Baz\u00e1n Fern\u00e1ndez propuso un exhorto a los 84 Ayuntamientos y al Concejo Municipal de Ayutla de los Libres para que remitan un informe sobre el estado que guarda la nomenclatura de sus v\u00edas y espacios p\u00fablicos, incluyendo el listado oficial de las denominaciones correspondientes a personas f\u00edsicas o personajes p\u00fablicos, mismo que fue remitido a la Comisi\u00f3n de Asuntos Pol\u00edticos y Gobernaci\u00f3n, para su an\u00e1lisis y dictaminaci\u00f3n.<\/p><p style=\"text-align: justify;\">La legisladora integrante del Grupo Parlamentario de Morena expuso que su propuesta tiene como objetivo transparentar los criterios normativos y poner fin a la pr\u00e1ctica de utilizar el espacio p\u00fablico para perpetuar los nombres de quienes han ocupado cargos de poder.<\/p><p style=\"text-align: justify;\">Y es que, refiri\u00f3, la denominaci\u00f3n del espacio urbano no es un asunto menor ni puramente administrativo, sino una decisi\u00f3n simb\u00f3lica y pol\u00edtica que determina qu\u00e9 nombres deben permanecer en la memoria colectiva de la ciudadan\u00eda. <\/p><p style=\"text-align: justify;\">\u201cCuando el nombre de una persona se incorpora a una calle, avenida o plaza p\u00fablica, quiere decir que el Estado est\u00e1 otorgando un reconocimiento con una dimensi\u00f3n simb\u00f3lica y una consecuencia pr\u00e1ctica; por eso debe existir una raz\u00f3n p\u00fablica y, sobre todo, la posibilidad de conocerla\u201d, argument\u00f3.<\/p><p style=\"text-align: justify;\">Al respecto, la diputada se\u00f1al\u00f3 que es necesario atender lo establecido por la Comisi\u00f3n Nacional de los Derechos Humanos en su Recomendaci\u00f3n 98VG\/2023, que plantea la necesidad de revisar los nombres de v\u00edas, escuelas y monumentos que rinden tributo a personas se\u00f1aladas como presuntas perpetradoras de violaciones graves a los derechos humanos durante periodos de violencia pol\u00edtica en la entidad.<\/p><p style=\"text-align: justify;\">Por lo anterior, Baz\u00e1n Fern\u00e1ndez solicita que las autoridades municipales entreguen, en un plazo de 30 d\u00edas, un listado detallado de las v\u00edas, colonias y plazas p\u00fablicas que lleven el nombre de personas f\u00edsicas o personajes p\u00fablicos, as\u00ed como los expedientes, instrumentos legales y actas que acrediten qu\u00e9 autoridad y bajo qu\u00e9 fundamentos se otorgaron dichas denominaciones.<\/p><p style=\"text-align: justify;\">Tambi\u00e9n pide que informen sobre el estado actual de su reglamentaci\u00f3n en materia de nomenclatura, y precisar si consideran necesaria su expedici\u00f3n, actualizaci\u00f3n o armonizaci\u00f3n, con el fin de que el Poder Legislativo cuente con un diagn\u00f3stico estatal objetivo para evaluar posibles reformas al marco legal en la materia.<\/p>\t\t\t\t\t\t<\/div>\n\t\t\t\t<\/div>\n\t\t\t\t\t<\/div>\n\t\t\t\t<\/div>\n\t\t\t\t<\/div>\n\t\t","protected":false},"excerpt":{"rendered":"<p>Chilpancingo, Gro., 30 de agosto de 2026.- La diputada Marisol Baz\u00e1n Fern\u00e1ndez propuso un exhorto a los 84 Ayuntamientos y al Concejo Municipal de Ayutla de los Libres para que remitan un informe sobre el estado que guarda la nomenclatura de sus v\u00edas y espacios p\u00fablicos, incluyendo el listado oficial de las denominaciones correspondientes a [&hellip;]<\/p>\n","protected":false},"author":3,"featured_media":20120,"comment_status":"closed","ping_status":"open","sticky":false,"template":"","format":"standard","meta":{"_seopress_robots_primary_cat":"","_seopress_titles_title":"","_seopress_titles_desc":"","_seopress_robots_index":"","footnotes":""},"categories":[92],"tags":[115],"class_list":["post-20119","post","type-post","status-publish","format-standard","has-post-thumbnail","hentry","category-asuntos-politicos-y-gobernacion","tag-marisol-bazan-fernandez"],"_links":{"self":[{"href":"https:\/\/congresogro.gob.mx\/inicio\/wp-json\/wp\/v2\/posts\/20119","targetHints":{"allow":["GET"]}}],"collection":[{"href":"https:\/\/congresogro.gob.mx\/inicio\/wp-json\/wp\/v2\/posts"}],"about":[{"href":"https:\/\/congresogro.gob.mx\/inicio\/wp-json\/wp\/v2\/types\/post"}],"author":[{"embeddable":true,"href":"https:\/\/congresogro.gob.mx\/inicio\/wp-json\/wp\/v2\/users\/3"}],"replies":[{"embeddable":true,"href":"https:\/\/congresogro.gob.mx\/inicio\/wp-json\/wp\/v2\/comments?post=20119"}],"version-history":[{"count":4,"href":"https:\/\/congresogro.gob.mx\/inicio\/wp-json\/wp\/v2\/posts\/20119\/revisions"}],"predecessor-version":[{"id":20124,"href":"https:\/\/congresogro.gob.mx\/inicio\/wp-json\/wp\/v2\/posts\/20119\/revisions\/20124"}],"wp:featuredmedia":[{"embeddable":true,"href":"https:\/\/congresogro.gob.mx\/inicio\/wp-json\/wp\/v2\/media\/20120"}],"wp:attachment":[{"href":"https:\/\/congresogro.gob.mx\/inicio\/wp-json\/wp\/v2\/media?parent=20119"}],"wp:term":[{"taxonomy":"category","embeddable":true,"href":"https:\/\/congresogro.gob.mx\/inicio\/wp-json\/wp\/v2\/categories?post=20119"},{"taxonomy":"post_tag","embeddable":true,"href":"https:\/\/congresogro.gob.mx\/inicio\/wp-json\/wp\/v2\/tags?post=20119"}],"curies":[{"name":"wp","href":"https:\/\/api.w.org\/{rel}","templated":true}]}}