{"id":20106,"date":"2026-09-01T22:52:05","date_gmt":"2026-09-01T22:52:05","guid":{"rendered":"https:\/\/congresogro.gob.mx\/inicio\/?p=20106"},"modified":"2026-09-01T22:53:32","modified_gmt":"2026-09-01T22:53:32","slug":"reconoce-el-congreso-de-guerrero-a-trabajadores-con-motivo-del-dia-del-servidor-publico","status":"publish","type":"post","link":"https:\/\/congresogro.gob.mx\/inicio\/reconoce-el-congreso-de-guerrero-a-trabajadores-con-motivo-del-dia-del-servidor-publico\/","title":{"rendered":"Reconoce el Congreso de Guerrero a trabajadores con motivo del d\u00eda del servidor p\u00fablico"},"content":{"rendered":"\t\t<div data-elementor-type=\"wp-post\" data-elementor-id=\"20106\" class=\"elementor elementor-20106\">\n\t\t\t\t<div class=\"elementor-element elementor-element-0531ccd e-flex e-con-boxed e-con e-parent\" data-id=\"0531ccd\" data-element_type=\"container\">\n\t\t\t\t\t<div class=\"e-con-inner\">\n\t\t\t\t<div class=\"elementor-element elementor-element-b0003e4 elementor-widget elementor-widget-text-editor\" data-id=\"b0003e4\" data-element_type=\"widget\" data-widget_type=\"text-editor.default\">\n\t\t\t\t<div class=\"elementor-widget-container\">\n\t\t\t\t\t\t\t<p style=\"text-align: justify;\"><strong>Chilpancingo, Gro; 28 de agosto de 2026.-<\/strong> Con motivo del D\u00eda del Servidor P\u00fablico, este viernes, el Congreso del Estado entreg\u00f3 reconocimientos a trabajadoras y trabajadores agremiados a la Secci\u00f3n LV del Sindicato \u00danico de Servidores P\u00fablicos del Estado de Guerrero (SUSPEG), as\u00ed como a personal de la Auditor\u00eda Superior del Estado.<\/p><p style=\"text-align: justify;\">En representaci\u00f3n del diputado Joaqu\u00edn Badillo Escamilla, presidente de la Junta de Coordinaci\u00f3n Pol\u00edtica, asisti\u00f3 Mariela Deniss Soto Ortega, diputada suplente y secretaria particular.<\/p><p style=\"text-align: justify;\">Durante el evento, Carlos Jes\u00fas Guti\u00e9rrez N\u00e1jera, subdirector de Recursos Humanos del Congreso del Estado, reconoci\u00f3 la entrega y compromiso de las y los servidores p\u00fablicos, destacando que la labor que desempe\u00f1an desde las distintas \u00e1reas es fundamental para el funcionamiento del Poder Legislativo.<\/p><p style=\"text-align: justify;\">Como parte del programa se entregaron reconocimientos al personal por 15, 20, 25, 30, 35 y 40 a\u00f1os de servicio, para honrar la trayectoria y dedicaci\u00f3n de servicio de las trabajadoras y trabajadores que, durante a\u00f1os, han contribuido con su esfuerzo y experiencia al fortalecimiento del Congreso cumpliendo cabalmente con sus responsabilidades.<\/p><p style=\"text-align: justify;\">Asistieron tambi\u00e9n Mar\u00eda Antonia Avigay Acevedo S\u00e1nchez, secretaria general de la Secci\u00f3n LV del SUSPEG; Omar Mart\u00edn Cadena Trujillo, subdirector de Recursos Humanos de la Auditor\u00eda Superior del Estado, en representaci\u00f3n del auditor superior, Marco C\u00e9sar Par\u00eds Peralta Hidalgo; as\u00ed como diferentes l\u00edderes e integrantes del SUSPEG en Guerrero.<\/p>\t\t\t\t\t\t<\/div>\n\t\t\t\t<\/div>\n\t\t\t\t\t<\/div>\n\t\t\t\t<\/div>\n\t\t\t\t<\/div>\n\t\t","protected":false},"excerpt":{"rendered":"<p>Chilpancingo, Gro; 28 de agosto de 2026.- Con motivo del D\u00eda del Servidor P\u00fablico, este viernes, el Congreso del Estado entreg\u00f3 reconocimientos a trabajadoras y trabajadores agremiados a la Secci\u00f3n LV del Sindicato \u00danico de Servidores P\u00fablicos del Estado de Guerrero (SUSPEG), as\u00ed como a personal de la Auditor\u00eda Superior del Estado. En representaci\u00f3n del [&hellip;]<\/p>\n","protected":false},"author":3,"featured_media":20108,"comment_status":"closed","ping_status":"open","sticky":false,"template":"","format":"standard","meta":{"_seopress_robots_primary_cat":"","_seopress_titles_title":"","_seopress_titles_desc":"","_seopress_robots_index":"","footnotes":""},"categories":[1],"tags":[101],"class_list":["post-20106","post","type-post","status-publish","format-standard","has-post-thumbnail","hentry","category-sin-categoria","tag-joaquin-badillo-escamilla"],"_links":{"self":[{"href":"https:\/\/congresogro.gob.mx\/inicio\/wp-json\/wp\/v2\/posts\/20106","targetHints":{"allow":["GET"]}}],"collection":[{"href":"https:\/\/congresogro.gob.mx\/inicio\/wp-json\/wp\/v2\/posts"}],"about":[{"href":"https:\/\/congresogro.gob.mx\/inicio\/wp-json\/wp\/v2\/types\/post"}],"author":[{"embeddable":true,"href":"https:\/\/congresogro.gob.mx\/inicio\/wp-json\/wp\/v2\/users\/3"}],"replies":[{"embeddable":true,"href":"https:\/\/congresogro.gob.mx\/inicio\/wp-json\/wp\/v2\/comments?post=20106"}],"version-history":[{"count":4,"href":"https:\/\/congresogro.gob.mx\/inicio\/wp-json\/wp\/v2\/posts\/20106\/revisions"}],"predecessor-version":[{"id":20112,"href":"https:\/\/congresogro.gob.mx\/inicio\/wp-json\/wp\/v2\/posts\/20106\/revisions\/20112"}],"wp:featuredmedia":[{"embeddable":true,"href":"https:\/\/congresogro.gob.mx\/inicio\/wp-json\/wp\/v2\/media\/20108"}],"wp:attachment":[{"href":"https:\/\/congresogro.gob.mx\/inicio\/wp-json\/wp\/v2\/media?parent=20106"}],"wp:term":[{"taxonomy":"category","embeddable":true,"href":"https:\/\/congresogro.gob.mx\/inicio\/wp-json\/wp\/v2\/categories?post=20106"},{"taxonomy":"post_tag","embeddable":true,"href":"https:\/\/congresogro.gob.mx\/inicio\/wp-json\/wp\/v2\/tags?post=20106"}],"curies":[{"name":"wp","href":"https:\/\/api.w.org\/{rel}","templated":true}]}}