{"id":20094,"date":"2026-09-01T22:30:10","date_gmt":"2026-09-01T22:30:10","guid":{"rendered":"https:\/\/congresogro.gob.mx\/inicio\/?p=20094"},"modified":"2026-09-01T22:32:34","modified_gmt":"2026-09-01T22:32:34","slug":"fortalecen-la-asf-y-ase-la-transparencia-y-fiscalizacion-en-el-uso-de-recursos-federales","status":"publish","type":"post","link":"https:\/\/congresogro.gob.mx\/inicio\/fortalecen-la-asf-y-ase-la-transparencia-y-fiscalizacion-en-el-uso-de-recursos-federales\/","title":{"rendered":"Fortalecen la ASF y ASE la transparencia y fiscalizaci\u00f3n en el uso de recursos federales"},"content":{"rendered":"\t\t<div data-elementor-type=\"wp-post\" data-elementor-id=\"20094\" class=\"elementor elementor-20094\">\n\t\t\t\t<div class=\"elementor-element elementor-element-9ff0eb6 e-flex e-con-boxed e-con e-parent\" data-id=\"9ff0eb6\" data-element_type=\"container\">\n\t\t\t\t\t<div class=\"e-con-inner\">\n\t\t\t\t<div class=\"elementor-element elementor-element-9ca2a16 elementor-widget elementor-widget-text-editor\" data-id=\"9ca2a16\" data-element_type=\"widget\" data-widget_type=\"text-editor.default\">\n\t\t\t\t<div class=\"elementor-widget-container\">\n\t\t\t\t\t\t\t<p style=\"text-align: justify;\"><strong>Chilpancingo, Gro., 27 de agosto de 2026.-<\/strong> La Auditor\u00eda Superior del Estado (ASE), \u00f3rgano t\u00e9cnico fiscalizador del Poder Legislativo, y la Auditor\u00eda Superior de la Federaci\u00f3n (ASF), en el marco del Convenio de Coordinaci\u00f3n y Colaboraci\u00f3n para la Fiscalizaci\u00f3n Superior del Gasto Federalizado, realizaron este jueves el acto protocolario de apertura de las Auditor\u00edas Integrales del Gasto Federalizado de la Cuenta P\u00fablica 2025, con el prop\u00f3sito de fortalecer la fiscalizaci\u00f3n, la transparencia y la rendici\u00f3n de cuentas en el ejercicio de los recursos p\u00fablicos federales por parte de los municipios.<\/p><p style=\"text-align: justify;\">Durante el acto, la gobernadora Evelyn Cecia Salgado Pineda destac\u00f3 la importancia de invertir cada peso con visi\u00f3n humanista, con claridad y responsabilidad, priorizando el bienestar social de las zonas con que se tiene una deuda hist\u00f3rica, como es la Monta\u00f1a de Guerrero.<\/p><p style=\"text-align: justify;\">Resalt\u00f3, asimismo, que las instituciones deben conducirse bajo el principio de transparencia, tal como lo ha impulsado la presidenta de la Rep\u00fablica, Claudia Sheinbaum Pardo, ya que esto fortalece la confianza ciudadana.<\/p><p style=\"text-align: justify;\">El encuentro estuvo encabezado por Marco C\u00e9sar Paris Peralta Hidalgo, titular de la ASE, quien se\u00f1al\u00f3 que este convenio tiene un alcance importante porque permite clarificar y fortalecer los procesos de fiscalizaci\u00f3n.<\/p><p style=\"text-align: justify;\">Abund\u00f3 que los recursos p\u00fablicos no son propiedad de ning\u00fan gobierno, sino que pertenecen a la sociedad y deben traducirse en obras y programas que contribuyan a mejorar las condiciones de vida de la poblaci\u00f3n.<\/p><p style=\"text-align: justify;\">Asimismo, reconoci\u00f3 y agradeci\u00f3 a los tres Poderes del Estado por su apoyo en el fortalecimiento de la transparencia, con miras a que en Guerrero esta sea una pr\u00e1ctica cotidiana.<\/p><p style=\"text-align: justify;\">Participaron tambi\u00e9n los diputados Joaqu\u00edn Badillo Escamilla, Alejandro Carabias Icaza y la diputada Luissana Ramos Pineda, presidentes de la Junta de Coordinaci\u00f3n Pol\u00edtica, de la Mesa Directiva y de la Comisi\u00f3n de Vigilancia y Evaluaci\u00f3n de la ASE, respectivamente; el titular de la ASF, Aureliano Hern\u00e1ndez Palacios Cardenal; el titular de la ASE, Marco C\u00e9sar Paris Peralta Hidalgo; el secretario de Contralor\u00eda y Transparencia del Estado, Jos\u00e9 Francisco Gonz\u00e1lez S\u00e1nchez, y el presidente del Tribunal Superior de Justicia del Estado, Ricardo Salinas Sandoval, todos los cuales coincidieron en la importancia de garantizar que los recursos p\u00fablicos sean ejercidos con responsabilidad, transparencia y en beneficio exclusivo de la sociedad guerrerense.<\/p><p style=\"text-align: justify;\">Remarcaron, igualmente, la importancia de cumplir con el principio de transparencia para que la poblaci\u00f3n conozca en qu\u00e9 se destinan los recursos p\u00fablicos que a\u00f1o con a\u00f1o se asignan a las diversas dependencias estatales y los municipios.<\/p>\t\t\t\t\t\t<\/div>\n\t\t\t\t<\/div>\n\t\t\t\t\t<\/div>\n\t\t\t\t<\/div>\n\t\t\t\t<\/div>\n\t\t","protected":false},"excerpt":{"rendered":"<p>Chilpancingo, Gro., 27 de agosto de 2026.- La Auditor\u00eda Superior del Estado (ASE), \u00f3rgano t\u00e9cnico fiscalizador del Poder Legislativo, y la Auditor\u00eda Superior de la Federaci\u00f3n (ASF), en el marco del Convenio de Coordinaci\u00f3n y Colaboraci\u00f3n para la Fiscalizaci\u00f3n Superior del Gasto Federalizado, realizaron este jueves el acto protocolario de apertura de las Auditor\u00edas Integrales [&hellip;]<\/p>\n","protected":false},"author":3,"featured_media":20095,"comment_status":"closed","ping_status":"open","sticky":false,"template":"","format":"standard","meta":{"_seopress_robots_primary_cat":"","_seopress_titles_title":"","_seopress_titles_desc":"","_seopress_robots_index":"","footnotes":""},"categories":[95],"tags":[81,101,113],"class_list":["post-20094","post","type-post","status-publish","format-standard","has-post-thumbnail","hentry","category-vigilancia-y-evaluacion-de-la-auditoria-superior-del-estado","tag-alejandro-carabias-icaza","tag-joaquin-badillo-escamilla","tag-luissana-ramos-pineda"],"_links":{"self":[{"href":"https:\/\/congresogro.gob.mx\/inicio\/wp-json\/wp\/v2\/posts\/20094","targetHints":{"allow":["GET"]}}],"collection":[{"href":"https:\/\/congresogro.gob.mx\/inicio\/wp-json\/wp\/v2\/posts"}],"about":[{"href":"https:\/\/congresogro.gob.mx\/inicio\/wp-json\/wp\/v2\/types\/post"}],"author":[{"embeddable":true,"href":"https:\/\/congresogro.gob.mx\/inicio\/wp-json\/wp\/v2\/users\/3"}],"replies":[{"embeddable":true,"href":"https:\/\/congresogro.gob.mx\/inicio\/wp-json\/wp\/v2\/comments?post=20094"}],"version-history":[{"count":4,"href":"https:\/\/congresogro.gob.mx\/inicio\/wp-json\/wp\/v2\/posts\/20094\/revisions"}],"predecessor-version":[{"id":20099,"href":"https:\/\/congresogro.gob.mx\/inicio\/wp-json\/wp\/v2\/posts\/20094\/revisions\/20099"}],"wp:featuredmedia":[{"embeddable":true,"href":"https:\/\/congresogro.gob.mx\/inicio\/wp-json\/wp\/v2\/media\/20095"}],"wp:attachment":[{"href":"https:\/\/congresogro.gob.mx\/inicio\/wp-json\/wp\/v2\/media?parent=20094"}],"wp:term":[{"taxonomy":"category","embeddable":true,"href":"https:\/\/congresogro.gob.mx\/inicio\/wp-json\/wp\/v2\/categories?post=20094"},{"taxonomy":"post_tag","embeddable":true,"href":"https:\/\/congresogro.gob.mx\/inicio\/wp-json\/wp\/v2\/tags?post=20094"}],"curies":[{"name":"wp","href":"https:\/\/api.w.org\/{rel}","templated":true}]}}