{"id":18061,"date":"2026-05-01T02:33:05","date_gmt":"2026-05-01T02:33:05","guid":{"rendered":"https:\/\/congresogro.gob.mx\/inicio\/?p=18061"},"modified":"2026-05-01T02:36:48","modified_gmt":"2026-05-01T02:36:48","slug":"pide-diputada-a-ayuntamientos-acciones-para-evitar-venta-de-vapeadores","status":"publish","type":"post","link":"https:\/\/congresogro.gob.mx\/inicio\/pide-diputada-a-ayuntamientos-acciones-para-evitar-venta-de-vapeadores\/","title":{"rendered":"PIDE DIPUTADA A AYUNTAMIENTOS ACCIONES PARA EVITAR VENTA DE VAPEADORES"},"content":{"rendered":"\t\t<div data-elementor-type=\"wp-post\" data-elementor-id=\"18061\" class=\"elementor elementor-18061\">\n\t\t\t\t<div class=\"elementor-element elementor-element-6c67111 e-flex e-con-boxed e-con e-parent\" data-id=\"6c67111\" data-element_type=\"container\">\n\t\t\t\t\t<div class=\"e-con-inner\">\n\t\t\t\t<div class=\"elementor-element elementor-element-f3dbbcb elementor-widget elementor-widget-text-editor\" data-id=\"f3dbbcb\" data-element_type=\"widget\" data-widget_type=\"text-editor.default\">\n\t\t\t\t<div class=\"elementor-widget-container\">\n\t\t\t\t\t\t\t<p style=\"text-align: justify\"><strong>Chilpancingo, Gro., 30 de abril de 2026.\u2014<\/strong> La diputada Beatriz V\u00e9lez N\u00fa\u00f1ez present\u00f3 un punto de acuerdo por el que se exhorta a los 84 ayuntamientos y a la Asamblea Comunitaria de Ayutla de los Libres, para que, en coordinaci\u00f3n con la Secretar\u00eda de Salud y la Comisi\u00f3n para la Protecci\u00f3n contra Riesgos Sanitarios del Estado de Guerrero (COPRISEG), realicen acciones para reforzar la aplicaci\u00f3n de la normatividad vigente en contra de la comercializaci\u00f3n, distribuci\u00f3n y uso de cigarrillos electr\u00f3nicos y vapeadores.<\/p><p style=\"text-align: justify\">El punto de acuerdo, turnado a las Comisiones Unidas de Salud y de los Derechos de las Ni\u00f1as, Ni\u00f1os y Adolescentes, tiene como objetivo priorizar la protecci\u00f3n de ni\u00f1as, ni\u00f1os y adolescentes, dado que en municipios como Chilpancingo y Acapulco se ha registrado un incremento en el consumo estudiantil de estos dispositivos, lo que compromete su salud y desarrollo integral.<\/p><p style=\"text-align: justify\">En tribuna, V\u00e9lez N\u00fa\u00f1ez inform\u00f3 que diversos estudios m\u00e9dicos han demostrado que los cigarrillos electr\u00f3nicos y vapeadores contienen sustancias nocivas que afectan gravemente la salud, especialmente el sistema respiratorio, adem\u00e1s de generar adicci\u00f3n a la nicotina. Se\u00f1al\u00f3 que estos dispositivos contienen n\u00edquel, esta\u00f1o y plomo, generando part\u00edculas diminutas que da\u00f1an los pulmones y provocan inflamaci\u00f3n, enfermedades respiratorias, lesiones pulmonares, cambios celulares asociados al desarrollo de c\u00e1ncer, as\u00ed como aumento de la frecuencia card\u00edaca y de la presi\u00f3n arterial.<\/p><p style=\"text-align: justify\">Agreg\u00f3 que, en el \u00e1mbito nacional, la Ley General para el Control del Tabaco establece que ning\u00fan producto alternativo al tabaco puede comercializarse sin autorizaci\u00f3n sanitaria. Asimismo, la Cofepris ha emitido alertas sanitarias prohibiendo la importaci\u00f3n y venta de vapeadores al considerarlos productos ilegales y riesgosos para la salud, al no contar con registro sanitario. En el caso de Guerrero, record\u00f3 que ya existe un decreto publicado en junio de 2025 que reforma la fracci\u00f3n II del art\u00edculo 20 Bis de la Ley de Salud del Estado, con el fin de prohibir y sancionar la comercializaci\u00f3n y uso de cigarrillos electr\u00f3nicos y vapeadores en la entidad.<\/p><p style=\"text-align: justify\">Por lo anterior, la presidenta de la Comisi\u00f3n de Salud destac\u00f3 la importancia de exhortar a las autoridades mencionadas para que cumplan con su obligaci\u00f3n de reforzar la vigilancia y protecci\u00f3n de ni\u00f1as, ni\u00f1os y adolescentes, al tratarse de un tema de salud p\u00fablica.<\/p><p style=\"text-align: justify\"><strong>Iniciativa sobre higiene bucal en escuelas<\/strong><\/p><p style=\"text-align: justify\">En otro tema, las Comisiones Unidas de los Derechos de las Ni\u00f1as, Ni\u00f1os y Adolescentes; de Educaci\u00f3n, Ciencia y Tecnolog\u00eda; y de Salud analizan la iniciativa de reformas y adiciones a la Ley N\u00famero 812 para la Protecci\u00f3n de los Derechos de Ni\u00f1as, Ni\u00f1os y Adolescentes, as\u00ed como a la Ley N\u00famero 464 de Educaci\u00f3n del Estado y la Ley N\u00famero 1212 de Salud, todas del estado de Guerrero, con el prop\u00f3sito de hacer obligatoria la prevenci\u00f3n y educaci\u00f3n sobre higiene bucal en las escuelas.<\/p><p style=\"text-align: justify\">La diputada Beatriz V\u00e9lez, promovente de la iniciativa, explic\u00f3 que se propone reconocer el derecho a la salud bucodental preventiva y su promoci\u00f3n dentro de la formaci\u00f3n integral, fortalecer las acciones mediante campa\u00f1as comunitarias, revisiones peri\u00f3dicas y coordinaci\u00f3n entre autoridades educativas y de salud, para garantizar el derecho a la salud y a la educaci\u00f3n integral de la ni\u00f1ez guerrerense.<\/p>\t\t\t\t\t\t<\/div>\n\t\t\t\t<\/div>\n\t\t\t\t\t<\/div>\n\t\t\t\t<\/div>\n\t\t\t\t<\/div>\n\t\t","protected":false},"excerpt":{"rendered":"<p>Chilpancingo, Gro., 30 de abril de 2026.\u2014 La diputada Beatriz V\u00e9lez N\u00fa\u00f1ez present\u00f3 un punto de acuerdo por el que se exhorta a los 84 ayuntamientos y a la Asamblea Comunitaria de Ayutla de los Libres, para que, en coordinaci\u00f3n con la Secretar\u00eda de Salud y la Comisi\u00f3n para la Protecci\u00f3n contra Riesgos Sanitarios del [&hellip;]<\/p>\n","protected":false},"author":3,"featured_media":18062,"comment_status":"closed","ping_status":"open","sticky":false,"template":"","format":"standard","meta":{"_seopress_robots_primary_cat":"","_seopress_titles_title":"","_seopress_titles_desc":"","_seopress_robots_index":"","footnotes":""},"categories":[176,182,135],"tags":[89],"class_list":["post-18061","post","type-post","status-publish","format-standard","has-post-thumbnail","hentry","category-derechos-de-las-ninas-ninos-y-adolescentes","category-educacion-ciencia-y-tecnologia","category-salud","tag-beatriz-velez-nunez"],"_links":{"self":[{"href":"https:\/\/congresogro.gob.mx\/inicio\/wp-json\/wp\/v2\/posts\/18061","targetHints":{"allow":["GET"]}}],"collection":[{"href":"https:\/\/congresogro.gob.mx\/inicio\/wp-json\/wp\/v2\/posts"}],"about":[{"href":"https:\/\/congresogro.gob.mx\/inicio\/wp-json\/wp\/v2\/types\/post"}],"author":[{"embeddable":true,"href":"https:\/\/congresogro.gob.mx\/inicio\/wp-json\/wp\/v2\/users\/3"}],"replies":[{"embeddable":true,"href":"https:\/\/congresogro.gob.mx\/inicio\/wp-json\/wp\/v2\/comments?post=18061"}],"version-history":[{"count":4,"href":"https:\/\/congresogro.gob.mx\/inicio\/wp-json\/wp\/v2\/posts\/18061\/revisions"}],"predecessor-version":[{"id":18067,"href":"https:\/\/congresogro.gob.mx\/inicio\/wp-json\/wp\/v2\/posts\/18061\/revisions\/18067"}],"wp:featuredmedia":[{"embeddable":true,"href":"https:\/\/congresogro.gob.mx\/inicio\/wp-json\/wp\/v2\/media\/18062"}],"wp:attachment":[{"href":"https:\/\/congresogro.gob.mx\/inicio\/wp-json\/wp\/v2\/media?parent=18061"}],"wp:term":[{"taxonomy":"category","embeddable":true,"href":"https:\/\/congresogro.gob.mx\/inicio\/wp-json\/wp\/v2\/categories?post=18061"},{"taxonomy":"post_tag","embeddable":true,"href":"https:\/\/congresogro.gob.mx\/inicio\/wp-json\/wp\/v2\/tags?post=18061"}],"curies":[{"name":"wp","href":"https:\/\/api.w.org\/{rel}","templated":true}]}}