{"id":17982,"date":"2026-05-01T00:24:46","date_gmt":"2026-05-01T00:24:46","guid":{"rendered":"https:\/\/congresogro.gob.mx\/inicio\/?p=17982"},"modified":"2026-05-01T00:26:29","modified_gmt":"2026-05-01T00:26:29","slug":"propone-diputada-reforma-constitucional-para-proteccion-integral-a-la-ninez","status":"publish","type":"post","link":"https:\/\/congresogro.gob.mx\/inicio\/propone-diputada-reforma-constitucional-para-proteccion-integral-a-la-ninez\/","title":{"rendered":"PROPONE DIPUTADA REFORMA CONSTITUCIONAL PARA PROTECCI\u00d3N INTEGRAL A LA NI\u00d1EZ"},"content":{"rendered":"\t\t<div data-elementor-type=\"wp-post\" data-elementor-id=\"17982\" class=\"elementor elementor-17982\">\n\t\t\t\t<div class=\"elementor-element elementor-element-56dcda1 e-flex e-con-boxed e-con e-parent\" data-id=\"56dcda1\" data-element_type=\"container\">\n\t\t\t\t\t<div class=\"e-con-inner\">\n\t\t\t\t<div class=\"elementor-element elementor-element-89d0a1d elementor-widget elementor-widget-text-editor\" data-id=\"89d0a1d\" data-element_type=\"widget\" data-widget_type=\"text-editor.default\">\n\t\t\t\t<div class=\"elementor-widget-container\">\n\t\t\t\t\t\t\t<p style=\"text-align: justify\"><strong>Chilpancingo, Gro., 30 de abril de 2026.\u2014<\/strong> La diputada Erika Lorena L\u00fchrs Cort\u00e9s present\u00f3 una iniciativa para elevar a rango constitucional el derecho de ni\u00f1as, ni\u00f1os y adolescentes, especialmente aquellos en situaci\u00f3n de vulnerabilidad, a acceder a una alimentaci\u00f3n completa, equilibrada, suficiente y adecuada, as\u00ed como a servicios de salud oportunos que incluyan esquemas completos de vacunaci\u00f3n, atenci\u00f3n materno-infantil y seguimiento integral durante las primeras etapas de vida.<\/p><p style=\"text-align: justify\">La propuesta de reformas y adiciones a la Constituci\u00f3n Pol\u00edtica del Estado de Guerrero, en materia de primeras infancias, salud, crianza positiva, maternidad y seguridad alimentaria de ni\u00f1as, ni\u00f1os y adolescentes, se analiza al interior de la Comisi\u00f3n de Estudios Constitucionales y Jur\u00eddicos del Congreso.<\/p><p style=\"text-align: justify\">La legisladora se\u00f1al\u00f3 que uno de los objetivos es establecer un enfoque integral de protecci\u00f3n y garant\u00eda de derechos de la ni\u00f1ez, impulsando la crianza positiva como principio rector en las pol\u00edticas p\u00fablicas, as\u00ed como acciones coordinadas entre autoridades para prevenir la violencia, fomentar entornos seguros y promover el bienestar f\u00edsico, emocional y social de la ni\u00f1ez guerrerense.<\/p><p style=\"text-align: justify\">Se contempla tambi\u00e9n la implementaci\u00f3n de programas educativos, culturales y de alimentaci\u00f3n escolar, as\u00ed como el impulso de estrategias como huertos escolares y acciones de promoci\u00f3n de h\u00e1bitos saludables, fortaleciendo el desarrollo integral y la formaci\u00f3n de las nuevas generaciones.<\/p><p style=\"text-align: justify\">Con esta propuesta, se busca que el Estado garantice de manera efectiva los derechos de ni\u00f1as, ni\u00f1os y adolescentes, colocando su bienestar como prioridad en el dise\u00f1o, ejecuci\u00f3n y evaluaci\u00f3n de las pol\u00edticas p\u00fablicas, en congruencia con los principios de inter\u00e9s superior de la ni\u00f1ez y justicia social.<\/p><p style=\"text-align: justify\">Exhorto para estabilizar precio de la tortilla<\/p><p style=\"text-align: justify\">La diputada Erika Lorena L\u00fchrs Cort\u00e9s tambi\u00e9n propuso exhortar al Gobierno Federal a implementar acciones integrales que estabilicen el precio de la tortilla, garantizando la seguridad alimentaria ante los anunciados incrementos en los costos de producci\u00f3n.<\/p><p style=\"text-align: justify\">En esta propuesta, que analiza la Comisi\u00f3n de Desarrollo Econ\u00f3mico y Trabajo, la legisladora se\u00f1al\u00f3 que recientemente representantes de la industria de la masa y la tortilla han advertido sobre un posible aumento en el precio del kilogramo, de entre 2 y 4 pesos, debido al encarecimiento de insumos b\u00e1sicos, los costos energ\u00e9ticos y la presi\u00f3n inflacionaria que contin\u00faa afectando la cadena de producci\u00f3n y distribuci\u00f3n.<\/p><p style=\"text-align: justify\">Indic\u00f3 que la tortilla de ma\u00edz constituye uno de los alimentos esenciales en la dieta de las mexicanas y los mexicanos, y un elemento fundamental de la canasta b\u00e1sica, por lo que cualquier incremento en su precio repercute de manera directa en la econom\u00eda de las familias.<\/p><p style=\"text-align: justify\">La propuesta contempla exhortar a las secretar\u00edas de Econom\u00eda; de Agricultura y Desarrollo Rural; y a la Procuradur\u00eda Federal del Consumidor para que establezcan una mesa de di\u00e1logo urgente con los representantes de la industria de la masa y la tortilla, a fin de analizar los costos reales de producci\u00f3n y evitar un aumento que afecte la econom\u00eda popular. Asimismo, plantea evaluar la implementaci\u00f3n de programas de subsidios focalizados o apoyos t\u00e9cnicos para peque\u00f1os y medianos productores de masa y tortilla, que permitan absorber los incrementos energ\u00e9ticos y de insumos.<\/p>\t\t\t\t\t\t<\/div>\n\t\t\t\t<\/div>\n\t\t\t\t\t<\/div>\n\t\t\t\t<\/div>\n\t\t\t\t<\/div>\n\t\t","protected":false},"excerpt":{"rendered":"<p>Chilpancingo, Gro., 30 de abril de 2026.\u2014 La diputada Erika Lorena L\u00fchrs Cort\u00e9s present\u00f3 una iniciativa para elevar a rango constitucional el derecho de ni\u00f1as, ni\u00f1os y adolescentes, especialmente aquellos en situaci\u00f3n de vulnerabilidad, a acceder a una alimentaci\u00f3n completa, equilibrada, suficiente y adecuada, as\u00ed como a servicios de salud oportunos que incluyan esquemas completos [&hellip;]<\/p>\n","protected":false},"author":3,"featured_media":17983,"comment_status":"closed","ping_status":"open","sticky":false,"template":"","format":"standard","meta":{"_seopress_robots_primary_cat":"","_seopress_titles_title":"","_seopress_titles_desc":"","_seopress_robots_index":"","footnotes":""},"categories":[176,137,93],"tags":[82],"class_list":["post-17982","post","type-post","status-publish","format-standard","has-post-thumbnail","hentry","category-derechos-de-las-ninas-ninos-y-adolescentes","category-desarrollo-economico-y-trabajo","category-estudios-constitucionales-y-juridicos","tag-erika-lorena-luhrs-cortes"],"_links":{"self":[{"href":"https:\/\/congresogro.gob.mx\/inicio\/wp-json\/wp\/v2\/posts\/17982","targetHints":{"allow":["GET"]}}],"collection":[{"href":"https:\/\/congresogro.gob.mx\/inicio\/wp-json\/wp\/v2\/posts"}],"about":[{"href":"https:\/\/congresogro.gob.mx\/inicio\/wp-json\/wp\/v2\/types\/post"}],"author":[{"embeddable":true,"href":"https:\/\/congresogro.gob.mx\/inicio\/wp-json\/wp\/v2\/users\/3"}],"replies":[{"embeddable":true,"href":"https:\/\/congresogro.gob.mx\/inicio\/wp-json\/wp\/v2\/comments?post=17982"}],"version-history":[{"count":4,"href":"https:\/\/congresogro.gob.mx\/inicio\/wp-json\/wp\/v2\/posts\/17982\/revisions"}],"predecessor-version":[{"id":17987,"href":"https:\/\/congresogro.gob.mx\/inicio\/wp-json\/wp\/v2\/posts\/17982\/revisions\/17987"}],"wp:featuredmedia":[{"embeddable":true,"href":"https:\/\/congresogro.gob.mx\/inicio\/wp-json\/wp\/v2\/media\/17983"}],"wp:attachment":[{"href":"https:\/\/congresogro.gob.mx\/inicio\/wp-json\/wp\/v2\/media?parent=17982"}],"wp:term":[{"taxonomy":"category","embeddable":true,"href":"https:\/\/congresogro.gob.mx\/inicio\/wp-json\/wp\/v2\/categories?post=17982"},{"taxonomy":"post_tag","embeddable":true,"href":"https:\/\/congresogro.gob.mx\/inicio\/wp-json\/wp\/v2\/tags?post=17982"}],"curies":[{"name":"wp","href":"https:\/\/api.w.org\/{rel}","templated":true}]}}