{"id":17976,"date":"2026-04-30T23:38:11","date_gmt":"2026-04-30T23:38:11","guid":{"rendered":"https:\/\/congresogro.gob.mx\/inicio\/?p=17976"},"modified":"2026-05-01T02:39:54","modified_gmt":"2026-05-01T02:39:54","slug":"propone-diputada-reconocer-la-violencia-digital-en-el-codigo-civil-de-guerrero","status":"publish","type":"post","link":"https:\/\/congresogro.gob.mx\/inicio\/propone-diputada-reconocer-la-violencia-digital-en-el-codigo-civil-de-guerrero\/","title":{"rendered":"PROPONE DIPUTADA RECONOCER LA VIOLENCIA DIGITAL EN EL C\u00d3DIGO CIVIL DE GUERRERO"},"content":{"rendered":"\t\t<div data-elementor-type=\"wp-post\" data-elementor-id=\"17976\" class=\"elementor elementor-17976\">\n\t\t\t\t<div class=\"elementor-element elementor-element-9d52b4d e-flex e-con-boxed e-con e-parent\" data-id=\"9d52b4d\" data-element_type=\"container\">\n\t\t\t\t\t<div class=\"e-con-inner\">\n\t\t\t\t<div class=\"elementor-element elementor-element-c872f99 elementor-widget elementor-widget-text-editor\" data-id=\"c872f99\" data-element_type=\"widget\" data-widget_type=\"text-editor.default\">\n\t\t\t\t<div class=\"elementor-widget-container\">\n\t\t\t\t\t\t\t<p style=\"text-align: justify\"><strong>Chilpancingo, Gro., 30 de abril de 2026.\u2014<\/strong> Para incorporar expresamente como violencia las conductas ejercidas a trav\u00e9s de medios digitales o tecnol\u00f3gicos, as\u00ed como incluir la agresi\u00f3n verbal y sexual, la diputada Gladys Cortes Genchi propuso reformar el segundo p\u00e1rrafo del art\u00edculo 27 Bis del C\u00f3digo Civil del Estado de Guerrero.<\/p><p style=\"text-align: justify\">En el documento, que se analiza en la Comisi\u00f3n de Justicia, la legisladora argumenta que la violencia familiar es un fen\u00f3meno social presente en casi todos los pa\u00edses del mundo y se define como el uso intencionado y repetido de la fuerza f\u00edsica o psicol\u00f3gica para controlar, manipular o atentar contra alg\u00fan integrante de la familia.<\/p><p style=\"text-align: justify\">En ese sentido, propone modificar el C\u00f3digo Civil para establecer que se entiende por violencia familiar las conductas dirigidas a dominar, controlar o agredir verbal, f\u00edsica, psicol\u00f3gica, sexual, patrimonial o econ\u00f3micamente a la v\u00edctima, dentro o fuera del domicilio familiar, ya sea de manera directa o por cualquier medio, incluidos los digitales o tecnol\u00f3gicos, cuando el agresor tenga o haya tenido un v\u00ednculo matrimonial; de parentesco por consanguinidad en l\u00ednea recta ascendente o descendente, sin limitaci\u00f3n de grado; de adoptante o adoptado; o de tutor.<\/p><p style=\"text-align: justify\">Con estas reformas se actualizar\u00eda el contenido normativo y se adecuar\u00eda a la realidad social y tecnol\u00f3gica actual, incorporando expresamente que las conductas que constituyen violencia familiar pueden ejercerse a trav\u00e9s de medios digitales o tecnol\u00f3gicos, garantizando una protecci\u00f3n jur\u00eddica m\u00e1s efectiva a las personas integrantes de la familia.<\/p>\t\t\t\t\t\t<\/div>\n\t\t\t\t<\/div>\n\t\t\t\t\t<\/div>\n\t\t\t\t<\/div>\n\t\t\t\t<\/div>\n\t\t","protected":false},"excerpt":{"rendered":"<p>Chilpancingo, Gro., 30 de abril de 2026.\u2014 Para incorporar expresamente como violencia las conductas ejercidas a trav\u00e9s de medios digitales o tecnol\u00f3gicos, as\u00ed como incluir la agresi\u00f3n verbal y sexual, la diputada Gladys Cortes Genchi propuso reformar el segundo p\u00e1rrafo del art\u00edculo 27 Bis del C\u00f3digo Civil del Estado de Guerrero. En el documento, que [&hellip;]<\/p>\n","protected":false},"author":3,"featured_media":17977,"comment_status":"closed","ping_status":"open","sticky":false,"template":"","format":"standard","meta":{"_seopress_robots_primary_cat":"","_seopress_titles_title":"","_seopress_titles_desc":"","_seopress_robots_index":"","footnotes":""},"categories":[136],"tags":[111],"class_list":["post-17976","post","type-post","status-publish","format-standard","has-post-thumbnail","hentry","category-justicia","tag-gladys-cortes-genchi"],"_links":{"self":[{"href":"https:\/\/congresogro.gob.mx\/inicio\/wp-json\/wp\/v2\/posts\/17976","targetHints":{"allow":["GET"]}}],"collection":[{"href":"https:\/\/congresogro.gob.mx\/inicio\/wp-json\/wp\/v2\/posts"}],"about":[{"href":"https:\/\/congresogro.gob.mx\/inicio\/wp-json\/wp\/v2\/types\/post"}],"author":[{"embeddable":true,"href":"https:\/\/congresogro.gob.mx\/inicio\/wp-json\/wp\/v2\/users\/3"}],"replies":[{"embeddable":true,"href":"https:\/\/congresogro.gob.mx\/inicio\/wp-json\/wp\/v2\/comments?post=17976"}],"version-history":[{"count":7,"href":"https:\/\/congresogro.gob.mx\/inicio\/wp-json\/wp\/v2\/posts\/17976\/revisions"}],"predecessor-version":[{"id":18070,"href":"https:\/\/congresogro.gob.mx\/inicio\/wp-json\/wp\/v2\/posts\/17976\/revisions\/18070"}],"wp:featuredmedia":[{"embeddable":true,"href":"https:\/\/congresogro.gob.mx\/inicio\/wp-json\/wp\/v2\/media\/17977"}],"wp:attachment":[{"href":"https:\/\/congresogro.gob.mx\/inicio\/wp-json\/wp\/v2\/media?parent=17976"}],"wp:term":[{"taxonomy":"category","embeddable":true,"href":"https:\/\/congresogro.gob.mx\/inicio\/wp-json\/wp\/v2\/categories?post=17976"},{"taxonomy":"post_tag","embeddable":true,"href":"https:\/\/congresogro.gob.mx\/inicio\/wp-json\/wp\/v2\/tags?post=17976"}],"curies":[{"name":"wp","href":"https:\/\/api.w.org\/{rel}","templated":true}]}}