{"id":17948,"date":"2026-04-29T23:43:26","date_gmt":"2026-04-29T23:43:26","guid":{"rendered":"https:\/\/congresogro.gob.mx\/inicio\/?p=17948"},"modified":"2026-04-29T23:49:42","modified_gmt":"2026-04-29T23:49:42","slug":"exhorta-congreso-a-aplicar-medidas-contra-el-calor-en-escuelas-de-guerrero","status":"publish","type":"post","link":"https:\/\/congresogro.gob.mx\/inicio\/exhorta-congreso-a-aplicar-medidas-contra-el-calor-en-escuelas-de-guerrero\/","title":{"rendered":"EXHORTA CONGRESO A APLICAR MEDIDAS CONTRA EL CALOR EN ESCUELAS DE GUERRERO"},"content":{"rendered":"\t\t<div data-elementor-type=\"wp-post\" data-elementor-id=\"17948\" class=\"elementor elementor-17948\">\n\t\t\t\t<div class=\"elementor-element elementor-element-bff368c e-flex e-con-boxed e-con e-parent\" data-id=\"bff368c\" data-element_type=\"container\">\n\t\t\t\t\t<div class=\"e-con-inner\">\n\t\t\t\t<div class=\"elementor-element elementor-element-90635b9 elementor-widget elementor-widget-text-editor\" data-id=\"90635b9\" data-element_type=\"widget\" data-widget_type=\"text-editor.default\">\n\t\t\t\t<div class=\"elementor-widget-container\">\n\t\t\t\t\t\t\t<p style=\"text-align: justify\"><strong>Chilpancingo, Gro., 29 de abril de 2026.\u2014<\/strong> El Congreso del Estado exhort\u00f3 a la Secretar\u00eda de Educaci\u00f3n Guerrero a implementar medidas preventivas en los planteles de educaci\u00f3n b\u00e1sica para proteger la salud e integridad de las y los estudiantes ante las altas temperaturas registradas durante la temporada de calor.<\/p><p style=\"text-align: justify\">Lo anterior, a propuesta del diputado V\u00edctor Hugo Vega Hern\u00e1ndez, quien expuso que, durante los meses de mayo y junio, diversas regiones de Guerrero registran temperaturas considerablemente elevadas, derivadas de fen\u00f3menos climatol\u00f3gicos propios de la temporada, lo que genera condiciones adversas para el desarrollo de actividades al aire libre, particularmente en el \u00e1mbito escolar.<\/p><p style=\"text-align: justify\">\u201cEstas altas temperaturas representan un riesgo significativo para la salud de ni\u00f1as, ni\u00f1os y adolescentes que cursan su formaci\u00f3n preescolar, primaria y secundaria, quienes son especialmente vulnerables a afectaciones como golpes de calor, deshidrataci\u00f3n, agotamiento f\u00edsico y otras complicaciones relacionadas con la exposici\u00f3n prolongada al sol y al calor extremo\u201d, manifest\u00f3.<\/p><p style=\"text-align: justify\">Por ello, consider\u00f3 necesario que las autoridades educativas adopten medidas preventivas y protocolos espec\u00edficos que garanticen condiciones seguras para el desarrollo de las actividades escolares durante esta temporada, como ajustar los horarios en regiones con temperaturas extremas, privilegiando jornadas m\u00e1s cortas o en horarios de menor exposici\u00f3n solar.<\/p><p style=\"text-align: justify\">Adem\u00e1s, propuso suspender o reprogramar actividades f\u00edsicas al aire libre durante las horas de mayor radiaci\u00f3n; garantizar el acceso permanente a agua potable para la hidrataci\u00f3n de las y los estudiantes; y establecer protocolos de actuaci\u00f3n inmediata ante casos de deshidrataci\u00f3n o golpe de calor en los centros escolares.<\/p><p style=\"text-align: justify\"><strong>ACUERDOS<\/strong><br \/>El diputado H\u00e9ctor Su\u00e1rez Basurto (Morena) present\u00f3 un punto de acuerdo por el que se exhorta al Ayuntamiento de Chilpancingo de los Bravo, Guerrero, a efecto de que, a trav\u00e9s de la Secretar\u00eda de Tr\u00e1nsito y Vialidad, elabore y ejecute un programa orientado a garantizar la movilidad y seguridad peatonal, as\u00ed como la adecuada fluidez del tr\u00e1nsito en horarios y puntos de alta congesti\u00f3n vehicular. Fue turnada a la Comisi\u00f3n de Transporte.<\/p><p style=\"text-align: justify\">La diputada Catalina Apolinar Santiago (Morena) present\u00f3 un punto de acuerdo a fin de que el Sistema para el Desarrollo Integral de la Familia del Estado de Guerrero, incorpore prioritaria y progresivamente a las ni\u00f1as y ni\u00f1os que reciben servicios educativos del CONAFE en las regiones de la Monta\u00f1a y Costa Chica, al programa de desayunos escolares. Fue turnado a la Comisi\u00f3n de los Derechos de las Ni\u00f1as, Ni\u00f1os y Adolescentes.<\/p>\t\t\t\t\t\t<\/div>\n\t\t\t\t<\/div>\n\t\t\t\t\t<\/div>\n\t\t\t\t<\/div>\n\t\t\t\t<\/div>\n\t\t","protected":false},"excerpt":{"rendered":"<p>Chilpancingo, Gro., 29 de abril de 2026.\u2014 El Congreso del Estado exhort\u00f3 a la Secretar\u00eda de Educaci\u00f3n Guerrero a implementar medidas preventivas en los planteles de educaci\u00f3n b\u00e1sica para proteger la salud e integridad de las y los estudiantes ante las altas temperaturas registradas durante la temporada de calor. Lo anterior, a propuesta del diputado [&hellip;]<\/p>\n","protected":false},"author":3,"featured_media":17950,"comment_status":"closed","ping_status":"open","sticky":false,"template":"","format":"standard","meta":{"_seopress_robots_primary_cat":"","_seopress_titles_title":"","_seopress_titles_desc":"","_seopress_robots_index":"","footnotes":""},"categories":[176,182,163],"tags":[105,100,120],"class_list":["post-17948","post","type-post","status-publish","format-standard","has-post-thumbnail","hentry","category-derechos-de-las-ninas-ninos-y-adolescentes","category-educacion-ciencia-y-tecnologia","category-transporte","tag-catalina-apolinar-santiago","tag-hector-suarez-basurto","tag-victor-hugo-vega-hernandez"],"_links":{"self":[{"href":"https:\/\/congresogro.gob.mx\/inicio\/wp-json\/wp\/v2\/posts\/17948","targetHints":{"allow":["GET"]}}],"collection":[{"href":"https:\/\/congresogro.gob.mx\/inicio\/wp-json\/wp\/v2\/posts"}],"about":[{"href":"https:\/\/congresogro.gob.mx\/inicio\/wp-json\/wp\/v2\/types\/post"}],"author":[{"embeddable":true,"href":"https:\/\/congresogro.gob.mx\/inicio\/wp-json\/wp\/v2\/users\/3"}],"replies":[{"embeddable":true,"href":"https:\/\/congresogro.gob.mx\/inicio\/wp-json\/wp\/v2\/comments?post=17948"}],"version-history":[{"count":4,"href":"https:\/\/congresogro.gob.mx\/inicio\/wp-json\/wp\/v2\/posts\/17948\/revisions"}],"predecessor-version":[{"id":17954,"href":"https:\/\/congresogro.gob.mx\/inicio\/wp-json\/wp\/v2\/posts\/17948\/revisions\/17954"}],"wp:featuredmedia":[{"embeddable":true,"href":"https:\/\/congresogro.gob.mx\/inicio\/wp-json\/wp\/v2\/media\/17950"}],"wp:attachment":[{"href":"https:\/\/congresogro.gob.mx\/inicio\/wp-json\/wp\/v2\/media?parent=17948"}],"wp:term":[{"taxonomy":"category","embeddable":true,"href":"https:\/\/congresogro.gob.mx\/inicio\/wp-json\/wp\/v2\/categories?post=17948"},{"taxonomy":"post_tag","embeddable":true,"href":"https:\/\/congresogro.gob.mx\/inicio\/wp-json\/wp\/v2\/tags?post=17948"}],"curies":[{"name":"wp","href":"https:\/\/api.w.org\/{rel}","templated":true}]}}