{"id":17942,"date":"2026-04-29T23:29:42","date_gmt":"2026-04-29T23:29:42","guid":{"rendered":"https:\/\/congresogro.gob.mx\/inicio\/?p=17942"},"modified":"2026-04-29T23:33:30","modified_gmt":"2026-04-29T23:33:30","slug":"exhorta-congreso-a-municipios-a-evaluar-y-transparentar-sus-planes-de-desarrollo","status":"publish","type":"post","link":"https:\/\/congresogro.gob.mx\/inicio\/exhorta-congreso-a-municipios-a-evaluar-y-transparentar-sus-planes-de-desarrollo\/","title":{"rendered":"EXHORTA CONGRESO A MUNICIPIOS A EVALUAR Y TRANSPARENTAR SUS PLANES DE DESARROLLO"},"content":{"rendered":"\t\t<div data-elementor-type=\"wp-post\" data-elementor-id=\"17942\" class=\"elementor elementor-17942\">\n\t\t\t\t<div class=\"elementor-element elementor-element-2c23d2b e-flex e-con-boxed e-con e-parent\" data-id=\"2c23d2b\" data-element_type=\"container\">\n\t\t\t\t\t<div class=\"e-con-inner\">\n\t\t\t\t<div class=\"elementor-element elementor-element-4d13fe5 elementor-widget elementor-widget-text-editor\" data-id=\"4d13fe5\" data-element_type=\"widget\" data-widget_type=\"text-editor.default\">\n\t\t\t\t<div class=\"elementor-widget-container\">\n\t\t\t\t\t\t\t<p style=\"text-align: justify\"><strong>Chilpancingo, Gro., 29 de abril de 2026.\u2014<\/strong> A propuesta del diputado Arist\u00f3teles Tito Arroyo, el Congreso de Guerrero aprob\u00f3 exhortar al COPLADEMUN para que, en el ejercicio de sus atribuciones, garanticen plenamente el derecho a la consulta y participaci\u00f3n de los pueblos y comunidades ind\u00edgenas, en t\u00e9rminos del art\u00edculo 2\u00b0 constitucional, asegurando que las obras y proyectos de inversi\u00f3n p\u00fablica, as\u00ed como el Programa Operativo Anual, sean previamente analizados, discutidos y consensuados con la poblaci\u00f3n.<\/p><p style=\"text-align: justify\">En la propuesta presentada por el legislador, la cual fue aprobada por unanimidad, se exhorta a las autoridades municipales de la entidad a realizar una evaluaci\u00f3n integral de sus Planes Municipales de Desarrollo, que permita conocer con claridad y transparencia el grado de cumplimiento de sus objetivos, as\u00ed como de los programas y acciones implementadas.<\/p><p style=\"text-align: justify\">Dicha evaluaci\u00f3n servir\u00e1 como base para incorporar ajustes, reorientaciones y mejoras necesarias, adem\u00e1s de actualizar el inventario municipal de necesidades sociales y econ\u00f3micas, fortaleciendo el papel de los COPLADEMUN como verdaderos instrumentos de planeaci\u00f3n democr\u00e1tica y participaci\u00f3n ciudadana, bajo un enfoque incluyente, democr\u00e1tico y con pertinencia cultural.<\/p><p style=\"text-align: justify\">Adem\u00e1s, propuso que se priorice a las comunidades en situaci\u00f3n de pobreza y marginaci\u00f3n, e implementar mecanismos efectivos de participaci\u00f3n directa, tales como asambleas comunitarias, consultas p\u00fablicas y procesos deliberativos, para as\u00ed responder a las necesidades reales de la poblaci\u00f3n.<\/p><p style=\"text-align: justify\">Se\u00f1al\u00f3 que el Comit\u00e9 de Planeaci\u00f3n para el Desarrollo Municipal (COPLADEMUN) es un \u00f3rgano en el que se define el rumbo del desarrollo municipal y que est\u00e1 integrado por autoridades municipales, representantes de los gobiernos estatal y federal, instituciones acad\u00e9micas y personas expertas.<\/p><p style=\"text-align: justify\">Por ello, propuso que los municipios realicen una evaluaci\u00f3n seria y responsable de sus Planes Municipales de Desarrollo, revisen qu\u00e9 se ha cumplido, qu\u00e9 no y por qu\u00e9, y establezcan mecanismos de control que permitan detectar desviaciones, corregirlas a tiempo y mejorar la ejecuci\u00f3n de los programas.<\/p><p style=\"text-align: justify\">\u201cSe plantea algo fundamental: que la planeaci\u00f3n del desarrollo se construya escuchando a las comunidades, incorporando la voz de los pueblos ind\u00edgenas y priorizando a quienes hist\u00f3ricamente han sido relegados\u201d.<\/p><p style=\"text-align: justify\"><br \/><strong>INTERVENCIONES<\/strong><br \/>La diputada Leticia Rodr\u00edguez Armenta, intervino en relaci\u00f3n con el 30 de abril: D\u00eda del ni\u00f1o y la ni\u00f1a desde un enfoque con discapacidad.<\/p><p style=\"text-align: justify\">La diputada Claudia Sierra P\u00e9rez, habl\u00f3 sobre el D\u00eda Internacional de la Madre Tierra.<\/p><p style=\"text-align: justify\">La diputada Obdulia Naranjo Cabrera, habl\u00f3 con relaci\u00f3n al 29 de abril, D\u00eda Mundial del Animal.<\/p><p style=\"text-align: justify\">La diputada Araceli Ocampo Manzanares, habl\u00f3 con el tema: El d\u00eda del ni\u00f1o y la ni\u00f1a. Tambi\u00e9n intervinieron, las diputadas Mar\u00eda Irene Montiel Serv\u00edn y Erika Lorena L\u00fchrs Cort\u00e9s.<\/p>\t\t\t\t\t\t<\/div>\n\t\t\t\t<\/div>\n\t\t\t\t\t<\/div>\n\t\t\t\t<\/div>\n\t\t\t\t<\/div>\n\t\t","protected":false},"excerpt":{"rendered":"<p>Chilpancingo, Gro., 29 de abril de 2026.\u2014 A propuesta del diputado Arist\u00f3teles Tito Arroyo, el Congreso de Guerrero aprob\u00f3 exhortar al COPLADEMUN para que, en el ejercicio de sus atribuciones, garanticen plenamente el derecho a la consulta y participaci\u00f3n de los pueblos y comunidades ind\u00edgenas, en t\u00e9rminos del art\u00edculo 2\u00b0 constitucional, asegurando que las obras [&hellip;]<\/p>\n","protected":false},"author":3,"featured_media":17943,"comment_status":"closed","ping_status":"open","sticky":false,"template":"","format":"standard","meta":{"_seopress_robots_primary_cat":"","_seopress_titles_title":"","_seopress_titles_desc":"","_seopress_robots_index":"","footnotes":""},"categories":[91],"tags":[96,104,99,82,133,84,108],"class_list":["post-17942","post","type-post","status-publish","format-standard","has-post-thumbnail","hentry","category-pueblos-y-comunidades-indigenas-y-afromexicanos","tag-araceli-ocampo-manzanares","tag-aristoteles-tito-arroyo","tag-claudia-sierra-perez","tag-erika-lorena-luhrs-cortes","tag-leticia-rodriguez-armenta","tag-maria-irene-montiel-servin-2","tag-obdulia-naranjo-cabrera"],"_links":{"self":[{"href":"https:\/\/congresogro.gob.mx\/inicio\/wp-json\/wp\/v2\/posts\/17942","targetHints":{"allow":["GET"]}}],"collection":[{"href":"https:\/\/congresogro.gob.mx\/inicio\/wp-json\/wp\/v2\/posts"}],"about":[{"href":"https:\/\/congresogro.gob.mx\/inicio\/wp-json\/wp\/v2\/types\/post"}],"author":[{"embeddable":true,"href":"https:\/\/congresogro.gob.mx\/inicio\/wp-json\/wp\/v2\/users\/3"}],"replies":[{"embeddable":true,"href":"https:\/\/congresogro.gob.mx\/inicio\/wp-json\/wp\/v2\/comments?post=17942"}],"version-history":[{"count":4,"href":"https:\/\/congresogro.gob.mx\/inicio\/wp-json\/wp\/v2\/posts\/17942\/revisions"}],"predecessor-version":[{"id":17947,"href":"https:\/\/congresogro.gob.mx\/inicio\/wp-json\/wp\/v2\/posts\/17942\/revisions\/17947"}],"wp:featuredmedia":[{"embeddable":true,"href":"https:\/\/congresogro.gob.mx\/inicio\/wp-json\/wp\/v2\/media\/17943"}],"wp:attachment":[{"href":"https:\/\/congresogro.gob.mx\/inicio\/wp-json\/wp\/v2\/media?parent=17942"}],"wp:term":[{"taxonomy":"category","embeddable":true,"href":"https:\/\/congresogro.gob.mx\/inicio\/wp-json\/wp\/v2\/categories?post=17942"},{"taxonomy":"post_tag","embeddable":true,"href":"https:\/\/congresogro.gob.mx\/inicio\/wp-json\/wp\/v2\/tags?post=17942"}],"curies":[{"name":"wp","href":"https:\/\/api.w.org\/{rel}","templated":true}]}}