{"id":17926,"date":"2026-04-29T01:36:30","date_gmt":"2026-04-29T01:36:30","guid":{"rendered":"https:\/\/congresogro.gob.mx\/inicio\/?p=17926"},"modified":"2026-04-29T01:39:22","modified_gmt":"2026-04-29T01:39:22","slug":"congreso-inaugura-la-exposicion-documental-la-memoria-que-nos-define-asi-somos","status":"publish","type":"post","link":"https:\/\/congresogro.gob.mx\/inicio\/congreso-inaugura-la-exposicion-documental-la-memoria-que-nos-define-asi-somos\/","title":{"rendered":"CONGRESO INAUGURA LA EXPOSICI\u00d3N DOCUMENTAL \u201cLA MEMORIA QUE NOS DEFINE, AS\u00cd SOMOS\u201d"},"content":{"rendered":"\t\t<div data-elementor-type=\"wp-post\" data-elementor-id=\"17926\" class=\"elementor elementor-17926\">\n\t\t\t\t<div class=\"elementor-element elementor-element-708dc2a e-flex e-con-boxed e-con e-parent\" data-id=\"708dc2a\" data-element_type=\"container\">\n\t\t\t\t\t<div class=\"e-con-inner\">\n\t\t\t\t<div class=\"elementor-element elementor-element-aa6ab91 elementor-widget elementor-widget-text-editor\" data-id=\"aa6ab91\" data-element_type=\"widget\" data-widget_type=\"text-editor.default\">\n\t\t\t\t<div class=\"elementor-widget-container\">\n\t\t\t\t\t\t\t<p style=\"text-align: justify\"><strong>Chilpancingo, Gro., 28 de abril de 2026.\u2014<\/strong> El Congreso del Estado de Guerrero, a trav\u00e9s de la Comisi\u00f3n de Cultura, inaugur\u00f3 la exposici\u00f3n documental \u201cLa memoria que nos define. As\u00ed somos\u201d, en reconocimiento a la trayectoria del escritor Juan S\u00e1nchez Andraka, fundador del peri\u00f3dico Cartel, proyecto editorial que durante m\u00e1s de tres d\u00e9cadas ha contribuido a preservar la memoria hist\u00f3rica y la identidad cultural del estado.<\/p><p style=\"text-align: justify\">La exposici\u00f3n fue organizada por la Comisi\u00f3n de Cultura, que preside la diputada Erika Isabel Guill\u00e9n Rom\u00e1n, quien destac\u00f3 que este ejercicio representa una oportunidad para reflexionar sobre la importancia de la memoria como elemento fundamental para fortalecer la identidad de las y los guerrerenses. Asimismo, subray\u00f3 la necesidad de impulsar acciones que permitan preservar y difundir este tipo de contenidos en beneficio de las nuevas generaciones.<\/p><p style=\"text-align: justify\">En su intervenci\u00f3n, las diputadas Erika Lorena L\u00fchrs Cort\u00e9s y Araceli Ocampo Manzanares coincidieron en que este tipo de iniciativas fortalecen la identidad cultural y el sentido de pertenencia de las y los guerrerenses, al tiempo que contribuyen a preservar la memoria colectiva del estado.<\/p><p style=\"text-align: justify\">Por su parte, la secretaria general de Gobierno, Anacleta L\u00f3pez Vega, destac\u00f3 que la escritura y la memoria hist\u00f3rica son elementos esenciales para fortalecer la identidad del pueblo guerrerense. Reconoci\u00f3 la trayectoria de Juan S\u00e1nchez Andraka y se\u00f1al\u00f3 que el peri\u00f3dico Cartel As\u00ed somos ha sido clave para preservar y difundir la memoria colectiva del estado.<\/p><p style=\"text-align: justify\">Durante el evento se llev\u00f3 a cabo la inauguraci\u00f3n de la exposici\u00f3n documental, integrada por ejemplares representativos del peri\u00f3dico Cartel As\u00ed somos, as\u00ed como la entrega de un reconocimiento a Juan S\u00e1nchez Andraka por su trayectoria como escritor, investigador y promotor cultural.<\/p><p style=\"text-align: justify\">En su mensaje, Juan S\u00e1nchez Andraka agradeci\u00f3 el reconocimiento y record\u00f3 que el primer ejemplar de Cartel As\u00ed somos apareci\u00f3 el 16 de enero de 1991. Se\u00f1al\u00f3 que este proyecto naci\u00f3 con el prop\u00f3sito de fortalecer el conocimiento de la historia familiar y comunitaria, al considerar que \u201cno se puede amar lo que no se conoce\u201d.<\/p><p style=\"text-align: justify\">Asistieron los diputados Jorge Iv\u00e1n Ortega Jim\u00e9nez y Edgar Ventura de la Cruz; Abel Bruno Arriaga, secretario para el Desarrollo de los Pueblos Ind\u00edgenas y Afromexicanos; Adalid Nava Morales, subsecretario de Educaci\u00f3n B\u00e1sica; y F\u00e9lix Moreno Peralta, del Nodo Cultural Chilpancingo, adem\u00e1s de representantes de instituciones educativas, promotores culturales, integrantes de la comunidad cultural, estudiantes y p\u00fablico en general.<\/p>\t\t\t\t\t\t<\/div>\n\t\t\t\t<\/div>\n\t\t\t\t\t<\/div>\n\t\t\t\t<\/div>\n\t\t\t\t<\/div>\n\t\t","protected":false},"excerpt":{"rendered":"<p>Chilpancingo, Gro., 28 de abril de 2026.\u2014 El Congreso del Estado de Guerrero, a trav\u00e9s de la Comisi\u00f3n de Cultura, inaugur\u00f3 la exposici\u00f3n documental \u201cLa memoria que nos define. As\u00ed somos\u201d, en reconocimiento a la trayectoria del escritor Juan S\u00e1nchez Andraka, fundador del peri\u00f3dico Cartel, proyecto editorial que durante m\u00e1s de tres d\u00e9cadas ha contribuido [&hellip;]<\/p>\n","protected":false},"author":3,"featured_media":17927,"comment_status":"closed","ping_status":"open","sticky":false,"template":"","format":"standard","meta":{"_seopress_robots_primary_cat":"","_seopress_titles_title":"","_seopress_titles_desc":"","_seopress_robots_index":"","footnotes":""},"categories":[181],"tags":[96,88,106,82,83],"class_list":["post-17926","post","type-post","status-publish","format-standard","has-post-thumbnail","hentry","category-cultura","tag-araceli-ocampo-manzanares","tag-edgar-ventura-de-la-cruz","tag-erika-isabel-guillen-roman","tag-erika-lorena-luhrs-cortes","tag-jorge-ivan-ortega-jimenez"],"_links":{"self":[{"href":"https:\/\/congresogro.gob.mx\/inicio\/wp-json\/wp\/v2\/posts\/17926","targetHints":{"allow":["GET"]}}],"collection":[{"href":"https:\/\/congresogro.gob.mx\/inicio\/wp-json\/wp\/v2\/posts"}],"about":[{"href":"https:\/\/congresogro.gob.mx\/inicio\/wp-json\/wp\/v2\/types\/post"}],"author":[{"embeddable":true,"href":"https:\/\/congresogro.gob.mx\/inicio\/wp-json\/wp\/v2\/users\/3"}],"replies":[{"embeddable":true,"href":"https:\/\/congresogro.gob.mx\/inicio\/wp-json\/wp\/v2\/comments?post=17926"}],"version-history":[{"count":4,"href":"https:\/\/congresogro.gob.mx\/inicio\/wp-json\/wp\/v2\/posts\/17926\/revisions"}],"predecessor-version":[{"id":17931,"href":"https:\/\/congresogro.gob.mx\/inicio\/wp-json\/wp\/v2\/posts\/17926\/revisions\/17931"}],"wp:featuredmedia":[{"embeddable":true,"href":"https:\/\/congresogro.gob.mx\/inicio\/wp-json\/wp\/v2\/media\/17927"}],"wp:attachment":[{"href":"https:\/\/congresogro.gob.mx\/inicio\/wp-json\/wp\/v2\/media?parent=17926"}],"wp:term":[{"taxonomy":"category","embeddable":true,"href":"https:\/\/congresogro.gob.mx\/inicio\/wp-json\/wp\/v2\/categories?post=17926"},{"taxonomy":"post_tag","embeddable":true,"href":"https:\/\/congresogro.gob.mx\/inicio\/wp-json\/wp\/v2\/tags?post=17926"}],"curies":[{"name":"wp","href":"https:\/\/api.w.org\/{rel}","templated":true}]}}