{"id":17919,"date":"2026-04-29T00:57:04","date_gmt":"2026-04-29T00:57:04","guid":{"rendered":"https:\/\/congresogro.gob.mx\/inicio\/?p=17919"},"modified":"2026-04-29T01:12:08","modified_gmt":"2026-04-29T01:12:08","slug":"aprueba-congreso-reforma-contra-la-explotacion-infantil-en-destinos-turisticos-y-exhorto-para-promocionar-guerrero-durante-el-mundial-2026","status":"publish","type":"post","link":"https:\/\/congresogro.gob.mx\/inicio\/aprueba-congreso-reforma-contra-la-explotacion-infantil-en-destinos-turisticos-y-exhorto-para-promocionar-guerrero-durante-el-mundial-2026\/","title":{"rendered":"APRUEBA CONGRESO REFORMA CONTRA LA EXPLOTACI\u00d3N INFANTIL EN DESTINOS TUR\u00cdSTICOS Y EXHORTO PARA PROMOCIONAR GUERRERO DURANTE EL MUNDIAL 2026"},"content":{"rendered":"\t\t<div data-elementor-type=\"wp-post\" data-elementor-id=\"17919\" class=\"elementor elementor-17919\">\n\t\t\t\t<div class=\"elementor-element elementor-element-a0707e7 e-flex e-con-boxed e-con e-parent\" data-id=\"a0707e7\" data-element_type=\"container\">\n\t\t\t\t\t<div class=\"e-con-inner\">\n\t\t\t\t<div class=\"elementor-element elementor-element-d30ab8c elementor-widget elementor-widget-text-editor\" data-id=\"d30ab8c\" data-element_type=\"widget\" data-widget_type=\"text-editor.default\">\n\t\t\t\t<div class=\"elementor-widget-container\">\n\t\t\t\t\t\t\t<p style=\"text-align: justify\"><strong>Chilpancingo, Gro., 28 de abril de 2026.\u2014<\/strong> El Congreso del Estado aprob\u00f3 reformas y adiciones a la Ley de Fomento y Desarrollo Tur\u00edstico del Estado y los Municipios de Guerrero para establecer obligaciones espec\u00edficas a los prestadores de servicios tur\u00edsticos en materia de prevenci\u00f3n, detecci\u00f3n y atenci\u00f3n de delitos contra ni\u00f1as, ni\u00f1os y adolescentes, particularmente para erradicar la explotaci\u00f3n sexual. La propuesta fue impulsada por el diputado Joaqu\u00edn Badillo Escamilla.<\/p><p style=\"text-align: justify\">A nombre de las Comisiones Unidas de Turismo y de los Derechos de Ni\u00f1as, Ni\u00f1os y Adolescentes, la diputada Mar\u00eda Irene Montiel Serv\u00edn fundament\u00f3 el dictamen, se\u00f1alando que estas reformas trascienden porque no se trata solo de una regulaci\u00f3n administrativa, sino de un imperativo \u00e9tico: proteger a la infancia frente a los riesgos delictivos en el entorno tur\u00edstico. Record\u00f3 que los destinos tur\u00edsticos, tanto a nivel global como nacional, han sido vulnerables a delitos que laceran la vida de los m\u00e1s peque\u00f1os, como la trata de personas, la explotaci\u00f3n sexual infantil y el trabajo forzado.<\/p><p style=\"text-align: justify\">\u201cEste dictamen es el resultado de un an\u00e1lisis profundo, de la escucha activa de diversos sectores y de una premisa innegociable: el Inter\u00e9s Superior de la Ni\u00f1ez debe prevalecer sobre cualquier inter\u00e9s comercial o de lucro\u201d, afirm\u00f3.<\/p><p style=\"text-align: justify\">Con la reforma a las fracciones XXI a XXV del Art\u00edculo 120 de la Ley de Turismo, se establece la obligatoriedad para que los prestadores de servicios tur\u00edsticos capaciten a su personal en prevenci\u00f3n de delitos contra la ni\u00f1ez, identificaci\u00f3n de conductas sospechosas y conocimiento de los protocolos de actuaci\u00f3n.<\/p><p style=\"text-align: justify\">Asimismo, se mandata la implementaci\u00f3n de mecanismos de denuncia inmediata, eliminando la burocracia interna en los establecimientos tur\u00edsticos para garantizar una comunicaci\u00f3n directa y efectiva con las autoridades de seguridad y procuraci\u00f3n de justicia.<\/p><p style=\"text-align: justify\">Tambi\u00e9n se promueve la adopci\u00f3n de c\u00f3digos de conducta nacionales e internacionales, alineando a Guerrero con los est\u00e1ndares globales de Turismo Libre de Explotaci\u00f3n.<\/p><p style=\"text-align: justify\">Adem\u00e1s, se exige la difusi\u00f3n visible de informaci\u00f3n para turistas y visitantes, dejando claro que en Guerrero existe tolerancia cero contra el abuso infantil, en cumplimiento con la Convenci\u00f3n sobre los Derechos del Ni\u00f1o y con los mandatos de la Constituci\u00f3n Federal y Local.<\/p><p style=\"text-align: justify\"><strong>Exhorto a la Secretar\u00eda de Turismo<\/strong><\/p><p style=\"text-align: justify\">El Congreso tambi\u00e9n exhort\u00f3 a la Secretar\u00eda de Turismo del Gobierno del Estado a dise\u00f1ar e implementar estrategias integrales de promoci\u00f3n tur\u00edstica de Taxco de Alarc\u00f3n y de los distintos destinos de la entidad, particularmente en las \u00e1reas de mayor flujo de los principales aeropuertos del pa\u00eds y en coordinaci\u00f3n con los grupos aeroportuarios, con motivo de la Copa Mundial de la FIFA 2026, para impulsar la reactivaci\u00f3n econ\u00f3mica y tur\u00edstica de Guerrero.<\/p><p style=\"text-align: justify\">Al fundamentar el dictamen del exhorto, la diputada Mar\u00eda Irene Montiel Serv\u00edn, presidenta de la Comisi\u00f3n de Turismo, destac\u00f3 que el objetivo es asegurar que los beneficios del Mundial no se queden \u00fanicamente en las ciudades sede, sino que alcancen a Taxco, Acapulco, Ixtapa-Zihuatanejo y a las comunidades que dependen del turismo. En suma, posicionar a Guerrero como un destino competitivo, diverso y estrat\u00e9gico.<\/p><p style=\"text-align: justify\">Por ello, plante\u00f3 que la promoci\u00f3n se concentre en los principales aeropuertos del pa\u00eds, especialmente aquellos con mayor conectividad nacional e internacional. Se\u00f1al\u00f3 que el Aeropuerto Internacional de la Ciudad de M\u00e9xico ser\u00e1 uno de los puntos de distribuci\u00f3n de turistas m\u00e1s importantes de Am\u00e9rica del Norte.<\/p><p style=\"text-align: justify\">\u201cEs ah\u00ed, en el momento en que el turista pisa suelo mexicano, donde Guerrero debe levantar la mano\u201d, enfatiz\u00f3. La propuesta de exhorto fue impulsada por la diputada Obdulia Naranjo Cabrera.<\/p>\t\t\t\t\t\t<\/div>\n\t\t\t\t<\/div>\n\t\t\t\t\t<\/div>\n\t\t\t\t<\/div>\n\t\t\t\t<\/div>\n\t\t","protected":false},"excerpt":{"rendered":"<p>Chilpancingo, Gro., 28 de abril de 2026.\u2014 El Congreso del Estado aprob\u00f3 reformas y adiciones a la Ley de Fomento y Desarrollo Tur\u00edstico del Estado y los Municipios de Guerrero para establecer obligaciones espec\u00edficas a los prestadores de servicios tur\u00edsticos en materia de prevenci\u00f3n, detecci\u00f3n y atenci\u00f3n de delitos contra ni\u00f1as, ni\u00f1os y adolescentes, particularmente [&hellip;]<\/p>\n","protected":false},"author":3,"featured_media":17920,"comment_status":"closed","ping_status":"open","sticky":false,"template":"","format":"standard","meta":{"_seopress_robots_primary_cat":"","_seopress_titles_title":"","_seopress_titles_desc":"","_seopress_robots_index":"","footnotes":""},"categories":[176,168],"tags":[101,84,108],"class_list":["post-17919","post","type-post","status-publish","format-standard","has-post-thumbnail","hentry","category-derechos-de-las-ninas-ninos-y-adolescentes","category-turismo","tag-joaquin-badillo-escamilla","tag-maria-irene-montiel-servin-2","tag-obdulia-naranjo-cabrera"],"_links":{"self":[{"href":"https:\/\/congresogro.gob.mx\/inicio\/wp-json\/wp\/v2\/posts\/17919","targetHints":{"allow":["GET"]}}],"collection":[{"href":"https:\/\/congresogro.gob.mx\/inicio\/wp-json\/wp\/v2\/posts"}],"about":[{"href":"https:\/\/congresogro.gob.mx\/inicio\/wp-json\/wp\/v2\/types\/post"}],"author":[{"embeddable":true,"href":"https:\/\/congresogro.gob.mx\/inicio\/wp-json\/wp\/v2\/users\/3"}],"replies":[{"embeddable":true,"href":"https:\/\/congresogro.gob.mx\/inicio\/wp-json\/wp\/v2\/comments?post=17919"}],"version-history":[{"count":4,"href":"https:\/\/congresogro.gob.mx\/inicio\/wp-json\/wp\/v2\/posts\/17919\/revisions"}],"predecessor-version":[{"id":17925,"href":"https:\/\/congresogro.gob.mx\/inicio\/wp-json\/wp\/v2\/posts\/17919\/revisions\/17925"}],"wp:featuredmedia":[{"embeddable":true,"href":"https:\/\/congresogro.gob.mx\/inicio\/wp-json\/wp\/v2\/media\/17920"}],"wp:attachment":[{"href":"https:\/\/congresogro.gob.mx\/inicio\/wp-json\/wp\/v2\/media?parent=17919"}],"wp:term":[{"taxonomy":"category","embeddable":true,"href":"https:\/\/congresogro.gob.mx\/inicio\/wp-json\/wp\/v2\/categories?post=17919"},{"taxonomy":"post_tag","embeddable":true,"href":"https:\/\/congresogro.gob.mx\/inicio\/wp-json\/wp\/v2\/tags?post=17919"}],"curies":[{"name":"wp","href":"https:\/\/api.w.org\/{rel}","templated":true}]}}