{"id":17911,"date":"2026-04-29T00:37:40","date_gmt":"2026-04-29T00:37:40","guid":{"rendered":"https:\/\/congresogro.gob.mx\/inicio\/?p=17911"},"modified":"2026-04-29T00:43:02","modified_gmt":"2026-04-29T00:43:02","slug":"aprueba-congreso-asesoria-juridica-integral-para-personas-adultas-mayores-y-aumenta-estimulos-fiscales-por-inclusion-laboral","status":"publish","type":"post","link":"https:\/\/congresogro.gob.mx\/inicio\/aprueba-congreso-asesoria-juridica-integral-para-personas-adultas-mayores-y-aumenta-estimulos-fiscales-por-inclusion-laboral\/","title":{"rendered":"APRUEBA CONGRESO ASESOR\u00cdA JUR\u00cdDICA INTEGRAL PARA PERSONAS ADULTAS MAYORES Y AUMENTA EST\u00cdMULOS FISCALES POR INCLUSI\u00d3N LABORAL"},"content":{"rendered":"\t\t<div data-elementor-type=\"wp-post\" data-elementor-id=\"17911\" class=\"elementor elementor-17911\">\n\t\t\t\t<div class=\"elementor-element elementor-element-e16d7e4 e-flex e-con-boxed e-con e-parent\" data-id=\"e16d7e4\" data-element_type=\"container\">\n\t\t\t\t\t<div class=\"e-con-inner\">\n\t\t\t\t<div class=\"elementor-element elementor-element-48ef8e5 elementor-widget elementor-widget-text-editor\" data-id=\"48ef8e5\" data-element_type=\"widget\" data-widget_type=\"text-editor.default\">\n\t\t\t\t<div class=\"elementor-widget-container\">\n\t\t\t\t\t\t\t<p><strong>Chilpancingo, Gro., 28 de abril de 2026.\u2014<\/strong> El Congreso del Estado aprob\u00f3 reformas a la Ley de los Derechos de las Personas Adultas Mayores del Estado de Guerrero para garantizar el asesoramiento jur\u00eddico gratuito a este sector en cualquier procedimiento administrativo o judicial, ya sea civil, familiar, penal o agrario.<\/p><p>Al fundamentar el dictamen \u2014derivado de una propuesta presentada por la diputada Violeta Mart\u00ednez Pacheco, a nombre de la Comisi\u00f3n de Atenci\u00f3n a las Personas Adultas Mayores\u2014 el diputado Juan Valenzo Villanueva explic\u00f3 que el objetivo de reformar el art\u00edculo 17 de este ordenamiento es eliminar la restricci\u00f3n que limitaba la asesor\u00eda legal \u00fanicamente al \u00e1mbito laboral.<\/p><p>Record\u00f3 que en Guerrero habitan m\u00e1s de 443 mil personas adultas mayores, y que las y los legisladores tienen el deber de garantizar que este sector cuente con derechos y herramientas reales para su defensa.<\/p><p>Detall\u00f3 que, hasta ahora, la legislaci\u00f3n establec\u00eda que la Secretar\u00eda General de Gobierno solo estaba obligada a brindar asesor\u00eda jur\u00eddica gratuita en materia laboral, sin posibilidad de representar a las personas adultas mayores en casos como juicios sucesorios, despojo de propiedad o abusos patrimoniales en el \u00e1mbito familiar.<\/p><p>Esta situaci\u00f3n, a\u00f1adi\u00f3, colocaba en desventaja econ\u00f3mica a este sector, pues para atender estos asuntos deb\u00edan contratar a un abogado particular. Con las modificaciones aprobadas se avanza en la progresividad de los derechos humanos de las personas adultas mayores.<\/p><p>De este modo, se garantiza el asesoramiento jur\u00eddico gratuito en cualquier procedimiento administrativo o judicial \u2014civil, familiar, penal o agrario\u2014 asegurando que el Estado brinde representaci\u00f3n legal efectiva.<\/p><p>Reformas a la Ley de Fomento Econ\u00f3mico, Inversi\u00f3n y Desarrollo del Estado de Guerrero<\/p><p>Las diputadas y los diputados tambi\u00e9n aprobaron reformar la fracci\u00f3n VIII del art\u00edculo 78 de la Ley de Fomento Econ\u00f3mico, Inversi\u00f3n y Desarrollo, para incrementar el est\u00edmulo al Impuesto Sobre Remuneraciones al Trabajo Personal del 5 al 25 por ciento, condicionado a que las empresas contraten al menos un 8 por ciento de personas con discapacidad dentro de su plantilla laboral.<\/p><p>El diputado Alejandro Bravo Abarca, al fundamentar el dictamen a nombre de las Comisiones Unidas de Atenci\u00f3n a las Personas con Discapacidad y de Desarrollo Econ\u00f3mico y Trabajo, destac\u00f3 que esta reforma busca incentivar de manera efectiva la inclusi\u00f3n laboral de personas con discapacidad en el sector productivo del estado.<\/p><p>Explic\u00f3 que actualmente la legislaci\u00f3n contempla un est\u00edmulo del 5 por ciento para las empresas que integren a personas con discapacidad en su plantilla; sin embargo, con la reforma se incrementa al 25 por ciento, condicionado a que al menos el 8 por ciento de su personal pertenezca a este sector. La propuesta inicial fue impulsada por el diputado Arturo \u00c1lvarez Angli.<\/p><p><strong>Iniciativas<\/strong><br \/>La diputada Leticia Mosso Hern\u00e1ndez (PT) present\u00f3 una iniciativa por la que se reforma la Ley 688 de Personas J\u00f3venes del Estado de Guerrero, para que se garantice un cat\u00e1logo ampliado de derechos fundamentales que incluyen el acceso a tecnolog\u00edas digitales, empleo digno, vivienda, salud mental y participaci\u00f3n pol\u00edtica, asegurando que las juventudes cuenten con un marco legal moderno que promueva su desarrollo integral y la construcci\u00f3n de su proyecto de vida. La propuesta por la que se reforman las fracciones XII, XIII y se adicionan las fracciones XIV, XV, XVI, XVII, XVIII, XIX, XX, XXI, XII, XIII, XIV al art\u00edculo 12 de la Ley 688, fue turnada a la Comisi\u00f3n de la Juventud y el Deporte.<\/p><p>La diputada Araceli Ocampo Manzanares (Morena) present\u00f3 una iniciativa por la que se adiciona la fracci\u00f3n I Bis al art\u00edculo 70, y se reforma el p\u00e1rrafo tercero del art\u00edculo 80, de la Ley General en Materia de Desaparici\u00f3n Forzada de Personas, Desaparici\u00f3n Cometida por Particulares y del Sistema Nacional de B\u00fasqueda de Personas, con el objeto de que se reconozca el derecho de las personas buscadoras a recibir acompa\u00f1amiento psicosocial y se proh\u00edba estrictamente cualquier pr\u00e1ctica administrativa que condicione el inicio de la b\u00fasqueda, garantizando la inmediatez y eficiencia en la localizaci\u00f3n. Fue turnada a la Comisiones Unidas de Justicia y Derechos Humanos.<\/p><p>El diputado Edgar Ventura de la Cruz (PT) present\u00f3 una iniciativa por la que se reforman las fracciones I, II, III y se adicionan las fracciones V, VI, VII, VIII, IX, X y la fracci\u00f3n IV se recorre a la fracci\u00f3n X del art\u00edculo 69 Ter de la Ley Org\u00e1nica del Municipio Libre del Estado de Guerrero, para que se fortalezcan las facultades y atribuciones de la unidad administrativa encargada de atender a los pueblos y comunidades ind\u00edgenas y afromexicanas, garantizando que cuente con herramientas legales para promover su desarrollo integral, establecer mecanismos de consulta y asegurar el respeto a sus derechos en el \u00e1mbito municipal. Fue turnada a la Comisi\u00f3n de Asuntos Pol\u00edticos y Gobernaci\u00f3n.<\/p><p><strong>Dict\u00e1menes<\/strong><br \/>El Pleno del Congreso del Estado de Guerrero aprob\u00f3 un dictamen de valoraci\u00f3n previa por el que no se admite y se declara improcedente la denuncia de juicio de responsabilidad pol\u00edtica presentada por el ciudadano Policarpo Gatica Ram\u00edrez en contra de la Mtra. Cecilia Narciso Gayt\u00e1n, presidenta de la Comisi\u00f3n de los Derechos Humanos del Estado de Guerrero.<\/p><p>El Pleno del Congreso del Estado aprob\u00f3 un dictamen por el que se declara improcedente la denuncia de juicio de responsabilidad pol\u00edtica presentada por el licenciado Carmelo Loeza Hern\u00e1ndez, quien se ostenta como apoderado legal de Guillermo Barreda Alvarado, Javier Santamar\u00eda Ch\u00e1vez, Macrina Sosa Leyva, Agust\u00edn Salgado D\u00edaz, Juana C\u00e1stula Cruz Tello, Ofelia Diego Callo, Mercedes Montes Gil, V\u00edctor Hugo Porcayo Rivera, Felipe Adolfo Vergara Aburto, Florencio Felipe Solano, Jes\u00fas Alfredo Sol\u00eds Rosas, Juvenal Ram\u00edrez Mendoza, Martha Navarrete Reyes, Victoria Escuen \u00c1vila, Erika Guti\u00e9rrez Cort\u00e9z, Edgar Guatemala Delgado, Lorena Ruiz Gatica, Olga Res\u00e9ndiz Dorantes y Adela Torres Olea, respectivamente, en contra de la presidenta del ayuntamiento de Acapulco de Ju\u00e1rez, Guerrero, Abelina L\u00f3pez Rodr\u00edguez.<\/p>\t\t\t\t\t\t<\/div>\n\t\t\t\t<\/div>\n\t\t\t\t\t<\/div>\n\t\t\t\t<\/div>\n\t\t\t\t<\/div>\n\t\t","protected":false},"excerpt":{"rendered":"<p>Chilpancingo, Gro., 28 de abril de 2026.\u2014 El Congreso del Estado aprob\u00f3 reformas a la Ley de los Derechos de las Personas Adultas Mayores del Estado de Guerrero para garantizar el asesoramiento jur\u00eddico gratuito a este sector en cualquier procedimiento administrativo o judicial, ya sea civil, familiar, penal o agrario. Al fundamentar el dictamen \u2014derivado [&hellip;]<\/p>\n","protected":false},"author":3,"featured_media":17912,"comment_status":"closed","ping_status":"open","sticky":false,"template":"","format":"standard","meta":{"_seopress_robots_primary_cat":"","_seopress_titles_title":"","_seopress_titles_desc":"","_seopress_robots_index":"","footnotes":""},"categories":[92,173,165,171,137,136,180],"tags":[80,96,303,88,162,79,127],"class_list":["post-17911","post","type-post","status-publish","format-standard","has-post-thumbnail","hentry","category-asuntos-politicos-y-gobernacion","category-atencion-a-adultos-mayores","category-atencion-a-las-personas-con-discapacidad","category-derechos-humanos","category-desarrollo-economico-y-trabajo","category-justicia","category-juventud-y-el-deporte","tag-alejandro-bravo-abarca","tag-araceli-ocampo-manzanares","tag-arturo-alvarez-angli-2","tag-edgar-ventura-de-la-cruz","tag-juan-valenzo-villanueva","tag-leticia-mosso-hernandez","tag-violeta-martinez-pacheco"],"_links":{"self":[{"href":"https:\/\/congresogro.gob.mx\/inicio\/wp-json\/wp\/v2\/posts\/17911","targetHints":{"allow":["GET"]}}],"collection":[{"href":"https:\/\/congresogro.gob.mx\/inicio\/wp-json\/wp\/v2\/posts"}],"about":[{"href":"https:\/\/congresogro.gob.mx\/inicio\/wp-json\/wp\/v2\/types\/post"}],"author":[{"embeddable":true,"href":"https:\/\/congresogro.gob.mx\/inicio\/wp-json\/wp\/v2\/users\/3"}],"replies":[{"embeddable":true,"href":"https:\/\/congresogro.gob.mx\/inicio\/wp-json\/wp\/v2\/comments?post=17911"}],"version-history":[{"count":4,"href":"https:\/\/congresogro.gob.mx\/inicio\/wp-json\/wp\/v2\/posts\/17911\/revisions"}],"predecessor-version":[{"id":17917,"href":"https:\/\/congresogro.gob.mx\/inicio\/wp-json\/wp\/v2\/posts\/17911\/revisions\/17917"}],"wp:featuredmedia":[{"embeddable":true,"href":"https:\/\/congresogro.gob.mx\/inicio\/wp-json\/wp\/v2\/media\/17912"}],"wp:attachment":[{"href":"https:\/\/congresogro.gob.mx\/inicio\/wp-json\/wp\/v2\/media?parent=17911"}],"wp:term":[{"taxonomy":"category","embeddable":true,"href":"https:\/\/congresogro.gob.mx\/inicio\/wp-json\/wp\/v2\/categories?post=17911"},{"taxonomy":"post_tag","embeddable":true,"href":"https:\/\/congresogro.gob.mx\/inicio\/wp-json\/wp\/v2\/tags?post=17911"}],"curies":[{"name":"wp","href":"https:\/\/api.w.org\/{rel}","templated":true}]}}