{"id":17899,"date":"2026-04-28T00:01:34","date_gmt":"2026-04-28T00:01:34","guid":{"rendered":"https:\/\/congresogro.gob.mx\/inicio\/?p=17899"},"modified":"2026-04-28T00:03:54","modified_gmt":"2026-04-28T00:03:54","slug":"diputada-propone-declarar-el-25-de-julio-como-dia-estatal-de-la-mujer-afromexicana","status":"publish","type":"post","link":"https:\/\/congresogro.gob.mx\/inicio\/diputada-propone-declarar-el-25-de-julio-como-dia-estatal-de-la-mujer-afromexicana\/","title":{"rendered":"DIPUTADA PROPONE DECLARAR EL 25 DE JULIO COMO D\u00cdA ESTATAL DE LA MUJER AFROMEXICANA"},"content":{"rendered":"\t\t<div data-elementor-type=\"wp-post\" data-elementor-id=\"17899\" class=\"elementor elementor-17899\">\n\t\t\t\t<div class=\"elementor-element elementor-element-554119c e-flex e-con-boxed e-con e-parent\" data-id=\"554119c\" data-element_type=\"container\">\n\t\t\t\t\t<div class=\"e-con-inner\">\n\t\t\t\t<div class=\"elementor-element elementor-element-5373474 elementor-widget elementor-widget-text-editor\" data-id=\"5373474\" data-element_type=\"widget\" data-widget_type=\"text-editor.default\">\n\t\t\t\t<div class=\"elementor-widget-container\">\n\t\t\t\t\t\t\t<p><strong>Chilpancingo, Gro., 27 de abril de 2026.-<\/strong> La Comisi\u00f3n de Cultura del Congreso del Estado de Guerrero analiza una iniciativa de reforma al art\u00edculo 30 de la Ley 761 sobre S\u00edmbolos de Identidad y Pertenencia del Estado de Guerrero, con el objeto de instituir el 25 de julio de cada a\u00f1o como el &#8220;D\u00eda Estatal de la Mujer Afromexicana en Guerrero&#8221;, en reconocimiento a su papel fundamental en la construcci\u00f3n de la identidad cultural del estado.<\/p><p>La diputada Catalina Apolinar Santiago, promovente de la propuesta, destac\u00f3 que lo que se busca es visibilizar a las mujeres afromexicanas como sujetas de derechos y protagonistas en la vida social, cultural e hist\u00f3rica de Guerrero, adem\u00e1s de impulsar acciones p\u00fablicas que contribuyan a erradicar la discriminaci\u00f3n estructural que han enfrentado durante d\u00e9cadas.<\/p><p>Enfatiz\u00f3 que esta propuesta se sustenta en los principios establecidos en la Constituci\u00f3n Federal y en los Tratados Internacionales en materia de derechos humanos, los cuales obligan a las autoridades a implementar medidas que garanticen la igualdad sustantiva y el reconocimiento de los pueblos y comunidades afromexicanas, particularmente de las mujeres, quienes enfrentan una doble discriminaci\u00f3n por su g\u00e9nero y origen \u00e9tnico.<\/p><p>Asimismo, explic\u00f3 que la instauraci\u00f3n de esta fecha no solo representa un acto simb\u00f3lico, sino una acci\u00f3n afirmativa que permitir\u00e1 fortalecer la memoria hist\u00f3rica, reconocer las aportaciones culturales, sociales y econ\u00f3micas de las mujeres afromexicanas, as\u00ed como generar espacios institucionales para la promoci\u00f3n de pol\u00edticas p\u00fablicas orientadas a su desarrollo integral.<\/p><p>Por \u00faltimo, destac\u00f3 que el establecimiento del \u201cD\u00eda Estatal de la Mujer Afromexicana en Guerrero\u201d contribuir\u00e1 a consolidar una identidad estatal m\u00e1s incluyente y plural, adem\u00e1s de fungir como un mecanismo de concientizaci\u00f3n social y rendici\u00f3n de cuentas para las autoridades, reafirmando el compromiso del Congreso con la igualdad, la justicia social y el respeto irrestricto a los derechos humanos.<br \/>A la iniciativa se adhiri\u00f3 la diputada Marisol Baz\u00e1n Fern\u00e1ndez.<\/p>\t\t\t\t\t\t<\/div>\n\t\t\t\t<\/div>\n\t\t\t\t\t<\/div>\n\t\t\t\t<\/div>\n\t\t\t\t<\/div>\n\t\t","protected":false},"excerpt":{"rendered":"<p>Chilpancingo, Gro., 27 de abril de 2026.- La Comisi\u00f3n de Cultura del Congreso del Estado de Guerrero analiza una iniciativa de reforma al art\u00edculo 30 de la Ley 761 sobre S\u00edmbolos de Identidad y Pertenencia del Estado de Guerrero, con el objeto de instituir el 25 de julio de cada a\u00f1o como el &#8220;D\u00eda Estatal [&hellip;]<\/p>\n","protected":false},"author":3,"featured_media":17900,"comment_status":"closed","ping_status":"open","sticky":false,"template":"","format":"standard","meta":{"_seopress_robots_primary_cat":"","_seopress_titles_title":"","_seopress_titles_desc":"","_seopress_robots_index":"","footnotes":""},"categories":[181],"tags":[105,115],"class_list":["post-17899","post","type-post","status-publish","format-standard","has-post-thumbnail","hentry","category-cultura","tag-catalina-apolinar-santiago","tag-marisol-bazan-fernandez"],"_links":{"self":[{"href":"https:\/\/congresogro.gob.mx\/inicio\/wp-json\/wp\/v2\/posts\/17899","targetHints":{"allow":["GET"]}}],"collection":[{"href":"https:\/\/congresogro.gob.mx\/inicio\/wp-json\/wp\/v2\/posts"}],"about":[{"href":"https:\/\/congresogro.gob.mx\/inicio\/wp-json\/wp\/v2\/types\/post"}],"author":[{"embeddable":true,"href":"https:\/\/congresogro.gob.mx\/inicio\/wp-json\/wp\/v2\/users\/3"}],"replies":[{"embeddable":true,"href":"https:\/\/congresogro.gob.mx\/inicio\/wp-json\/wp\/v2\/comments?post=17899"}],"version-history":[{"count":4,"href":"https:\/\/congresogro.gob.mx\/inicio\/wp-json\/wp\/v2\/posts\/17899\/revisions"}],"predecessor-version":[{"id":17904,"href":"https:\/\/congresogro.gob.mx\/inicio\/wp-json\/wp\/v2\/posts\/17899\/revisions\/17904"}],"wp:featuredmedia":[{"embeddable":true,"href":"https:\/\/congresogro.gob.mx\/inicio\/wp-json\/wp\/v2\/media\/17900"}],"wp:attachment":[{"href":"https:\/\/congresogro.gob.mx\/inicio\/wp-json\/wp\/v2\/media?parent=17899"}],"wp:term":[{"taxonomy":"category","embeddable":true,"href":"https:\/\/congresogro.gob.mx\/inicio\/wp-json\/wp\/v2\/categories?post=17899"},{"taxonomy":"post_tag","embeddable":true,"href":"https:\/\/congresogro.gob.mx\/inicio\/wp-json\/wp\/v2\/tags?post=17899"}],"curies":[{"name":"wp","href":"https:\/\/api.w.org\/{rel}","templated":true}]}}