{"id":17893,"date":"2026-04-27T23:53:47","date_gmt":"2026-04-27T23:53:47","guid":{"rendered":"https:\/\/congresogro.gob.mx\/inicio\/?p=17893"},"modified":"2026-04-27T23:55:43","modified_gmt":"2026-04-27T23:55:43","slug":"proponen-registro-civil-gratuito-a-domicilio-para-adultos-mayores-y-personas-con-discapacidad","status":"publish","type":"post","link":"https:\/\/congresogro.gob.mx\/inicio\/proponen-registro-civil-gratuito-a-domicilio-para-adultos-mayores-y-personas-con-discapacidad\/","title":{"rendered":"PROPONEN REGISTRO CIVIL GRATUITO A DOMICILIO PARA ADULTOS MAYORES Y PERSONAS CON DISCAPACIDAD"},"content":{"rendered":"\t\t<div data-elementor-type=\"wp-post\" data-elementor-id=\"17893\" class=\"elementor elementor-17893\">\n\t\t\t\t<div class=\"elementor-element elementor-element-01b8b3e e-flex e-con-boxed e-con e-parent\" data-id=\"01b8b3e\" data-element_type=\"container\">\n\t\t\t\t\t<div class=\"e-con-inner\">\n\t\t\t\t<div class=\"elementor-element elementor-element-a51a507 elementor-widget elementor-widget-text-editor\" data-id=\"a51a507\" data-element_type=\"widget\" data-widget_type=\"text-editor.default\">\n\t\t\t\t<div class=\"elementor-widget-container\">\n\t\t\t\t\t\t\t<p><strong>Chilpancingo, Gro., 27 de abril de 2026.<\/strong>\u2014 El diputado Juan Valenzo Villanueva present\u00f3 una iniciativa para adicionar la fracci\u00f3n XLI Bis al art\u00edculo 22 y la fracci\u00f3n IX Bis al art\u00edculo 37 de la Ley 495 del Registro Civil del Estado de Guerrero, con el objetivo de garantizar un servicio gratuito a domicilio para la realizaci\u00f3n de tr\u00e1mites del estado civil en favor de personas adultas mayores y personas con discapacidad que no puedan trasladarse a las oficial\u00edas.<\/p><p>En su exposici\u00f3n de motivos, destac\u00f3 que el derecho a la identidad es fundamental para el ejercicio de otros derechos, por lo que es necesario eliminar las barreras f\u00edsicas y administrativas que impiden su acceso, especialmente para los sectores m\u00e1s vulnerables.<\/p><p>Inform\u00f3 que, de acuerdo con la Encuesta Nacional sobre Salud y Envejecimiento en M\u00e9xico (ENASEM 2021), en el pa\u00eds existen 25.9 millones de personas de 53 a\u00f1os y m\u00e1s, de las cuales 62.3 porciento percibe su estado de salud como regular o malo, y 15 porciento presenta limitaciones para realizar actividades b\u00e1sicas, lo que refleja las dificultades para acudir a servicios p\u00fablicos.<\/p><p>Indic\u00f3 que estas condiciones se agravan en zonas con alta marginaci\u00f3n, donde muchas personas adultas mayores y con discapacidad enfrentan obst\u00e1culos para acceder a tr\u00e1mites esenciales del Registro Civil.<\/p><p>Por ello, Juan Valenzo propone que las oficial\u00edas del Registro Civil otorguen atenci\u00f3n a domicilio sin costo alguno, previa acreditaci\u00f3n m\u00e9dica, y que se establezca un procedimiento claro que garantice este servicio en todo el estado.<\/p><p>Remarc\u00f3 que el acercamiento de los servicios p\u00fablicos a los sectores m\u00e1s vulnerables coadyuva a la eliminaci\u00f3n de barreras econ\u00f3micas y de movilidad, a la reducci\u00f3n del rezago en tr\u00e1mites del estado civil, al fortalecimiento de la certeza jur\u00eddica de las personas y a la posibilidad de acceder a otros derechos como salud, programas sociales y seguridad social.<\/p><p>La iniciativa fue turnada a la Comisi\u00f3n de Justicia para su an\u00e1lisis y dictaminaci\u00f3n.<\/p>\t\t\t\t\t\t<\/div>\n\t\t\t\t<\/div>\n\t\t\t\t\t<\/div>\n\t\t\t\t<\/div>\n\t\t\t\t<\/div>\n\t\t","protected":false},"excerpt":{"rendered":"<p>Chilpancingo, Gro., 27 de abril de 2026.\u2014 El diputado Juan Valenzo Villanueva present\u00f3 una iniciativa para adicionar la fracci\u00f3n XLI Bis al art\u00edculo 22 y la fracci\u00f3n IX Bis al art\u00edculo 37 de la Ley 495 del Registro Civil del Estado de Guerrero, con el objetivo de garantizar un servicio gratuito a domicilio para la [&hellip;]<\/p>\n","protected":false},"author":3,"featured_media":17894,"comment_status":"closed","ping_status":"open","sticky":false,"template":"","format":"standard","meta":{"_seopress_robots_primary_cat":"","_seopress_titles_title":"","_seopress_titles_desc":"","_seopress_robots_index":"","footnotes":""},"categories":[165,136],"tags":[162],"class_list":["post-17893","post","type-post","status-publish","format-standard","has-post-thumbnail","hentry","category-atencion-a-las-personas-con-discapacidad","category-justicia","tag-juan-valenzo-villanueva"],"_links":{"self":[{"href":"https:\/\/congresogro.gob.mx\/inicio\/wp-json\/wp\/v2\/posts\/17893","targetHints":{"allow":["GET"]}}],"collection":[{"href":"https:\/\/congresogro.gob.mx\/inicio\/wp-json\/wp\/v2\/posts"}],"about":[{"href":"https:\/\/congresogro.gob.mx\/inicio\/wp-json\/wp\/v2\/types\/post"}],"author":[{"embeddable":true,"href":"https:\/\/congresogro.gob.mx\/inicio\/wp-json\/wp\/v2\/users\/3"}],"replies":[{"embeddable":true,"href":"https:\/\/congresogro.gob.mx\/inicio\/wp-json\/wp\/v2\/comments?post=17893"}],"version-history":[{"count":4,"href":"https:\/\/congresogro.gob.mx\/inicio\/wp-json\/wp\/v2\/posts\/17893\/revisions"}],"predecessor-version":[{"id":17898,"href":"https:\/\/congresogro.gob.mx\/inicio\/wp-json\/wp\/v2\/posts\/17893\/revisions\/17898"}],"wp:featuredmedia":[{"embeddable":true,"href":"https:\/\/congresogro.gob.mx\/inicio\/wp-json\/wp\/v2\/media\/17894"}],"wp:attachment":[{"href":"https:\/\/congresogro.gob.mx\/inicio\/wp-json\/wp\/v2\/media?parent=17893"}],"wp:term":[{"taxonomy":"category","embeddable":true,"href":"https:\/\/congresogro.gob.mx\/inicio\/wp-json\/wp\/v2\/categories?post=17893"},{"taxonomy":"post_tag","embeddable":true,"href":"https:\/\/congresogro.gob.mx\/inicio\/wp-json\/wp\/v2\/tags?post=17893"}],"curies":[{"name":"wp","href":"https:\/\/api.w.org\/{rel}","templated":true}]}}