{"id":17887,"date":"2026-04-27T23:44:43","date_gmt":"2026-04-27T23:44:43","guid":{"rendered":"https:\/\/congresogro.gob.mx\/inicio\/?p=17887"},"modified":"2026-04-27T23:48:26","modified_gmt":"2026-04-27T23:48:26","slug":"diputado-pide-reforzar-operativos-de-seguridad-y-verificacion-en-playas-y-zonas-turisticas-de-acapulco","status":"publish","type":"post","link":"https:\/\/congresogro.gob.mx\/inicio\/diputado-pide-reforzar-operativos-de-seguridad-y-verificacion-en-playas-y-zonas-turisticas-de-acapulco\/","title":{"rendered":"DIPUTADO PIDE REFORZAR OPERATIVOS DE SEGURIDAD Y VERIFICACI\u00d3N EN PLAYAS Y ZONAS TUR\u00cdSTICAS DE ACAPULCO"},"content":{"rendered":"\t\t<div data-elementor-type=\"wp-post\" data-elementor-id=\"17887\" class=\"elementor elementor-17887\">\n\t\t\t\t<div class=\"elementor-element elementor-element-02370ef e-flex e-con-boxed e-con e-parent\" data-id=\"02370ef\" data-element_type=\"container\">\n\t\t\t\t\t<div class=\"e-con-inner\">\n\t\t\t\t<div class=\"elementor-element elementor-element-4fab3b7 elementor-widget elementor-widget-text-editor\" data-id=\"4fab3b7\" data-element_type=\"widget\" data-widget_type=\"text-editor.default\">\n\t\t\t\t<div class=\"elementor-widget-container\">\n\t\t\t\t\t\t\t<p><strong>Chilpancingo, Gro., 27 de abril de 2026.<\/strong>\u2014 El diputado Marco Tulio S\u00e1nchez Alarc\u00f3n propuso exhortar a las Secretar\u00edas de Turismo y de Gesti\u00f3n Integral de Riesgos y Protecci\u00f3n Civil del Estado, as\u00ed como a la Coordinaci\u00f3n General de Protecci\u00f3n Civil y Bomberos, para que implementen y refuercen de manera coordinada operativos de verificaci\u00f3n, inspecci\u00f3n y supervisi\u00f3n en playas, zonas tur\u00edsticas, establecimientos y prestadores de servicios vinculados con actividades acu\u00e1ticas, recreativas y de aventura.<\/p><p>Al presentar esta propuesta, el legislador expres\u00f3 que, en Acapulco, la seguridad de los servicios tur\u00edsticos de playas y actividades recreativas, acu\u00e1ticas y de aventura deben dar cumplimiento normativo, as\u00ed como contar con vigilancia administrativa y prevenci\u00f3n integral del riesgo.<\/p><p>Dijo que Acapulco, con su intensa actividad tur\u00edstica, no solo es un componente esencial de la econom\u00eda, sino tambi\u00e9n una funci\u00f3n social que debe desarrollarse bajo condiciones objetivas de seguridad, legalidad y control preventivo.<\/p><p>\u201cEl puerto de Acapulco presenta una doble condici\u00f3n que obliga a una actuaci\u00f3n p\u00fablica reforzada. Por una parte, concentra alta afluencia de turistas, prestadores de servicios, equipamientos recreativos, embarcaciones menores, operadores de actividades acu\u00e1ticas y espacios de uso intensivo del litoral. Por otra, la Ley de Gesti\u00f3n Integral de Riesgos y Protecci\u00f3n Civil del Estado reconoce la necesidad de abandonar el enfoque reactivo y migrar hacia uno preventivo, as\u00ed como fortalecer la verificaci\u00f3n de medidas de seguridad, profesionalizaci\u00f3n, capacitaci\u00f3n, sistemas de alertamiento y actuaci\u00f3n coordinada entre \u00f3rdenes de gobierno\u201d, se\u00f1al\u00f3.<\/p><p>Por ello, agreg\u00f3 que se debe cumplir con la norma NOM-011-TUR-2001 y pasar del discurso a la comprobaci\u00f3n material de que quienes ofrecen actividades de aventura y, en lo conducente, servicios acu\u00e1ticos y recreativos con exposici\u00f3n relevante al riesgo, cuenten con permisos, seguros, protocolos de emergencia, personal capacitado, rutas de evacuaci\u00f3n, material de primeros auxilios, equipo de comunicaci\u00f3n, bit\u00e1coras de mantenimiento, l\u00edmites de participantes, medidas de informaci\u00f3n al usuario y mecanismos claros de actuaci\u00f3n ante incidentes.<\/p><p>Asimismo, indic\u00f3 que, en playas y zonas de alta concurrencia tur\u00edstica, la prevenci\u00f3n exige revisar la disponibilidad de salvavidas, se\u00f1al\u00e9tica preventiva, control de aforos, difusi\u00f3n de condiciones de riesgo, coordinaci\u00f3n con Protecci\u00f3n Civil y la existencia de procedimientos de evacuaci\u00f3n y respuesta inmediata.<\/p><p>Por ello, plante\u00f3 el exhorto para que realicen verificaciones sobre permisos, protocolos de emergencia, salvavidas, se\u00f1al\u00e9tica, aforos, programas internos de protecci\u00f3n civil, equipos de comunicaci\u00f3n, rutas de evacuaci\u00f3n, dict\u00e1menes o actas correspondientes y el cumplimiento de las normas aplicables a actividades acu\u00e1ticas, recreativas y de aventura.<\/p><p>El exhorto se turn\u00f3 a las Comisiones Unidas de Turismo y de Protecci\u00f3n Civil para su an\u00e1lisis.<\/p>\t\t\t\t\t\t<\/div>\n\t\t\t\t<\/div>\n\t\t\t\t\t<\/div>\n\t\t\t\t<\/div>\n\t\t\t\t<\/div>\n\t\t","protected":false},"excerpt":{"rendered":"<p>Chilpancingo, Gro., 27 de abril de 2026.\u2014 El diputado Marco Tulio S\u00e1nchez Alarc\u00f3n propuso exhortar a las Secretar\u00edas de Turismo y de Gesti\u00f3n Integral de Riesgos y Protecci\u00f3n Civil del Estado, as\u00ed como a la Coordinaci\u00f3n General de Protecci\u00f3n Civil y Bomberos, para que implementen y refuercen de manera coordinada operativos de verificaci\u00f3n, inspecci\u00f3n y [&hellip;]<\/p>\n","protected":false},"author":3,"featured_media":17888,"comment_status":"closed","ping_status":"open","sticky":false,"template":"","format":"standard","meta":{"_seopress_robots_primary_cat":"","_seopress_titles_title":"","_seopress_titles_desc":"","_seopress_robots_index":"","footnotes":""},"categories":[166,168],"tags":[112],"class_list":["post-17887","post","type-post","status-publish","format-standard","has-post-thumbnail","hentry","category-proteccion-civil","category-turismo","tag-marco-tulio-sanchez-alarcon"],"_links":{"self":[{"href":"https:\/\/congresogro.gob.mx\/inicio\/wp-json\/wp\/v2\/posts\/17887","targetHints":{"allow":["GET"]}}],"collection":[{"href":"https:\/\/congresogro.gob.mx\/inicio\/wp-json\/wp\/v2\/posts"}],"about":[{"href":"https:\/\/congresogro.gob.mx\/inicio\/wp-json\/wp\/v2\/types\/post"}],"author":[{"embeddable":true,"href":"https:\/\/congresogro.gob.mx\/inicio\/wp-json\/wp\/v2\/users\/3"}],"replies":[{"embeddable":true,"href":"https:\/\/congresogro.gob.mx\/inicio\/wp-json\/wp\/v2\/comments?post=17887"}],"version-history":[{"count":4,"href":"https:\/\/congresogro.gob.mx\/inicio\/wp-json\/wp\/v2\/posts\/17887\/revisions"}],"predecessor-version":[{"id":17892,"href":"https:\/\/congresogro.gob.mx\/inicio\/wp-json\/wp\/v2\/posts\/17887\/revisions\/17892"}],"wp:featuredmedia":[{"embeddable":true,"href":"https:\/\/congresogro.gob.mx\/inicio\/wp-json\/wp\/v2\/media\/17888"}],"wp:attachment":[{"href":"https:\/\/congresogro.gob.mx\/inicio\/wp-json\/wp\/v2\/media?parent=17887"}],"wp:term":[{"taxonomy":"category","embeddable":true,"href":"https:\/\/congresogro.gob.mx\/inicio\/wp-json\/wp\/v2\/categories?post=17887"},{"taxonomy":"post_tag","embeddable":true,"href":"https:\/\/congresogro.gob.mx\/inicio\/wp-json\/wp\/v2\/tags?post=17887"}],"curies":[{"name":"wp","href":"https:\/\/api.w.org\/{rel}","templated":true}]}}