{"id":17880,"date":"2026-04-26T20:03:22","date_gmt":"2026-04-26T20:03:22","guid":{"rendered":"https:\/\/congresogro.gob.mx\/inicio\/?p=17880"},"modified":"2026-04-27T20:09:07","modified_gmt":"2026-04-27T20:09:07","slug":"propone-diputada-atencion-intercultural-para-migrantes-indigenas","status":"publish","type":"post","link":"https:\/\/congresogro.gob.mx\/inicio\/propone-diputada-atencion-intercultural-para-migrantes-indigenas\/","title":{"rendered":"PROPONE DIPUTADA ATENCI\u00d3N INTERCULTURAL PARA MIGRANTES IND\u00cdGENAS"},"content":{"rendered":"\t\t<div data-elementor-type=\"wp-post\" data-elementor-id=\"17880\" class=\"elementor elementor-17880\">\n\t\t\t\t<div class=\"elementor-element elementor-element-aa10794 e-flex e-con-boxed e-con e-parent\" data-id=\"aa10794\" data-element_type=\"container\">\n\t\t\t\t\t<div class=\"e-con-inner\">\n\t\t\t\t<div class=\"elementor-element elementor-element-9d35e76 elementor-widget elementor-widget-text-editor\" data-id=\"9d35e76\" data-element_type=\"widget\" data-widget_type=\"text-editor.default\">\n\t\t\t\t<div class=\"elementor-widget-container\">\n\t\t\t\t\t\t\t<p>Chilpancingo, Gro., 26 de abril de 2026.\u2014 Con el prop\u00f3sito de que se reconozca formalmente el enfoque intercultural en la atenci\u00f3n a migrantes ind\u00edgenas y se garantice su derecho a recibir informaci\u00f3n en su propia lengua, as\u00ed como el respeto absoluto a su identidad cultural durante su tr\u00e1nsito o estancia en la entidad, la diputada Ma. Guadalupe Eguiluz Bautista present\u00f3 una iniciativa para reformar el art\u00edculo 5 y adicionar la fracci\u00f3n XVIII al art\u00edculo 4 y la fracci\u00f3n VIII al art\u00edculo 9 de la Ley 838 de Atenci\u00f3n a las Personas Migrantes del Estado de Guerrero.<\/p><p>En la iniciativa se expone que la movilidad humana en Guerrero es un fen\u00f3meno estructural, particularmente en regiones con alta presencia de pueblos ind\u00edgenas, donde la migraci\u00f3n est\u00e1 vinculada a condiciones de desigualdad y falta de acceso a derechos fundamentales. Esta situaci\u00f3n provoca que las personas migrantes ind\u00edgenas enfrenten obst\u00e1culos adicionales derivados de su lengua, identidad cultural y condiciones de discriminaci\u00f3n estructural.<\/p><p>Enfatiz\u00f3 que, aunque la legislaci\u00f3n vigente ha avanzado en el reconocimiento de los derechos de las personas migrantes, a\u00fan es necesario contemplar de manera expresa a las personas migrantes ind\u00edgenas como un grupo de atenci\u00f3n prioritaria e incorporar el principio de interculturalidad como eje rector de la acci\u00f3n p\u00fablica.<\/p><p>Por ello, se propone establecer el reconocimiento de este sector como grupo prioritario, as\u00ed como incorporar el principio de interculturalidad como una directriz obligatoria para las autoridades estatales y municipales, a fin de garantizar una atenci\u00f3n adecuada que respete su lengua, tradiciones, formas de organizaci\u00f3n y contexto cultural.<\/p><p>Asimismo, se plantea garantizar el derecho de las personas migrantes ind\u00edgenas a recibir orientaci\u00f3n e informaci\u00f3n en su lengua, as\u00ed como acceso a servicios p\u00fablicos en condiciones de igualdad y no discriminaci\u00f3n, fortaleciendo con ello el marco jur\u00eddico estatal y avanzando hacia una pol\u00edtica p\u00fablica m\u00e1s incluyente, con enfoque de derechos humanos y acorde con la realidad pluricultural de Guerrero.<\/p><p>La iniciativa de reforma fue turnada a la Comisi\u00f3n de Atenci\u00f3n a los Migrantes para su an\u00e1lisis y dictaminaci\u00f3n.<\/p>\t\t\t\t\t\t<\/div>\n\t\t\t\t<\/div>\n\t\t\t\t\t<\/div>\n\t\t\t\t<\/div>\n\t\t\t\t<\/div>\n\t\t","protected":false},"excerpt":{"rendered":"<p>Chilpancingo, Gro., 26 de abril de 2026.\u2014 Con el prop\u00f3sito de que se reconozca formalmente el enfoque intercultural en la atenci\u00f3n a migrantes ind\u00edgenas y se garantice su derecho a recibir informaci\u00f3n en su propia lengua, as\u00ed como el respeto absoluto a su identidad cultural durante su tr\u00e1nsito o estancia en la entidad, la diputada [&hellip;]<\/p>\n","protected":false},"author":4,"featured_media":17881,"comment_status":"closed","ping_status":"open","sticky":false,"template":"","format":"standard","meta":{"_seopress_robots_primary_cat":"","_seopress_titles_title":"","_seopress_titles_desc":"","_seopress_robots_index":"","footnotes":""},"categories":[179],"tags":[125],"class_list":["post-17880","post","type-post","status-publish","format-standard","has-post-thumbnail","hentry","category-migrantes","tag-maria-guadalupe-eguiluz-bautista"],"_links":{"self":[{"href":"https:\/\/congresogro.gob.mx\/inicio\/wp-json\/wp\/v2\/posts\/17880","targetHints":{"allow":["GET"]}}],"collection":[{"href":"https:\/\/congresogro.gob.mx\/inicio\/wp-json\/wp\/v2\/posts"}],"about":[{"href":"https:\/\/congresogro.gob.mx\/inicio\/wp-json\/wp\/v2\/types\/post"}],"author":[{"embeddable":true,"href":"https:\/\/congresogro.gob.mx\/inicio\/wp-json\/wp\/v2\/users\/4"}],"replies":[{"embeddable":true,"href":"https:\/\/congresogro.gob.mx\/inicio\/wp-json\/wp\/v2\/comments?post=17880"}],"version-history":[{"count":4,"href":"https:\/\/congresogro.gob.mx\/inicio\/wp-json\/wp\/v2\/posts\/17880\/revisions"}],"predecessor-version":[{"id":17885,"href":"https:\/\/congresogro.gob.mx\/inicio\/wp-json\/wp\/v2\/posts\/17880\/revisions\/17885"}],"wp:featuredmedia":[{"embeddable":true,"href":"https:\/\/congresogro.gob.mx\/inicio\/wp-json\/wp\/v2\/media\/17881"}],"wp:attachment":[{"href":"https:\/\/congresogro.gob.mx\/inicio\/wp-json\/wp\/v2\/media?parent=17880"}],"wp:term":[{"taxonomy":"category","embeddable":true,"href":"https:\/\/congresogro.gob.mx\/inicio\/wp-json\/wp\/v2\/categories?post=17880"},{"taxonomy":"post_tag","embeddable":true,"href":"https:\/\/congresogro.gob.mx\/inicio\/wp-json\/wp\/v2\/tags?post=17880"}],"curies":[{"name":"wp","href":"https:\/\/api.w.org\/{rel}","templated":true}]}}