{"id":17874,"date":"2026-04-26T19:57:28","date_gmt":"2026-04-26T19:57:28","guid":{"rendered":"https:\/\/congresogro.gob.mx\/inicio\/?p=17874"},"modified":"2026-04-27T20:02:35","modified_gmt":"2026-04-27T20:02:35","slug":"proponen-blindar-presupuesto-de-unidades-de-genero-y-sancionar-recortes-injustificados","status":"publish","type":"post","link":"https:\/\/congresogro.gob.mx\/inicio\/proponen-blindar-presupuesto-de-unidades-de-genero-y-sancionar-recortes-injustificados\/","title":{"rendered":"PROPONEN BLINDAR PRESUPUESTO DE UNIDADES DE G\u00c9NERO Y SANCIONAR RECORTES INJUSTIFICADOS"},"content":{"rendered":"\t\t<div data-elementor-type=\"wp-post\" data-elementor-id=\"17874\" class=\"elementor elementor-17874\">\n\t\t\t\t<div class=\"elementor-element elementor-element-bd7bfb6 e-flex e-con-boxed e-con e-parent\" data-id=\"bd7bfb6\" data-element_type=\"container\">\n\t\t\t\t\t<div class=\"e-con-inner\">\n\t\t\t\t<div class=\"elementor-element elementor-element-c623ca1 elementor-widget elementor-widget-text-editor\" data-id=\"c623ca1\" data-element_type=\"widget\" data-widget_type=\"text-editor.default\">\n\t\t\t\t<div class=\"elementor-widget-container\">\n\t\t\t\t\t\t\t<p>Chilpancingo, Gro., 26 de abril de 2026.\u2014 La diputada Luissana Ramos Pineda propuso una iniciativa en materia de protecci\u00f3n, control, responsabilidad y fiscalizaci\u00f3n del presupuesto destinado a las unidades de igualdad de g\u00e9nero, institutos de las mujeres y dem\u00e1s instancias responsables de la pol\u00edtica de igualdad, para garantizar la irreductibilidad de sus recursos y establecer auditor\u00edas espec\u00edficas que impidan recortes injustificados.<br \/>Destac\u00f3 que estas unidades son las que previenen la violencia, capacitan, acompa\u00f1an procesos e impulsan cambios dentro de las propias instituciones, adem\u00e1s de constituir el v\u00ednculo m\u00e1s cercano entre las instituciones y las mujeres.<br \/>Manifest\u00f3 que actualmente se cuenta con unidades de g\u00e9nero que est\u00e1n en el organigrama, pero que se les debe garantizar presupuesto.<br \/>\u201cCuando una unidad de g\u00e9nero no tiene presupuesto, una mujer se queda sin atenci\u00f3n oportuna; se detienen programas de prevenci\u00f3n; se limitan acciones que pueden cambiar realidades. Y entonces, la pol\u00edtica de igualdad deja de ser efectiva\u201d, mencion\u00f3.<br \/>Por ello, propuso establecer la obligaci\u00f3n de asignar presupuesto suficiente a las instancias de igualdad, garantizando su operaci\u00f3n y el cumplimiento de sus metas institucionales; prohibir la reducci\u00f3n injustificada de dichos recursos cuando esto comprometa los objetivos en materia de igualdad de g\u00e9nero; y establecer que la reducci\u00f3n injustificada de estos recursos, cuando afecte el cumplimiento de sus fines, constituya una falta administrativa grave.<br \/>Adem\u00e1s, plante\u00f3 incorporar la auditor\u00eda con perspectiva de g\u00e9nero de manera transversal en la Auditor\u00eda Superior del Estado de Guerrero, sin generar nuevas estructuras administrativas, y promover la difusi\u00f3n clara, accesible e individualizada del uso de estos recursos, porque la ciudadan\u00eda tiene derecho a saber c\u00f3mo se invierte el presupuesto en materia de igualdad, y esa transparencia es tambi\u00e9n una forma de rendici\u00f3n de cuentas.<br \/>La propuesta, por la que se reforman y adicionan diversas disposiciones de las Leyes de Presupuesto y Disciplina Fiscal; de Responsabilidades Administrativas; de Fiscalizaci\u00f3n Superior y Rendici\u00f3n de Cuentas; para la Igualdad entre Mujeres y Hombres; y de Acceso de las Mujeres a una Vida Libre de Violencia, todas del Estado de Guerrero, se turn\u00f3 a las Comisiones de Presupuesto y Cuenta P\u00fablica, de Justicia y Para la Igualdad de G\u00e9nero.<\/p>\t\t\t\t\t\t<\/div>\n\t\t\t\t<\/div>\n\t\t\t\t\t<\/div>\n\t\t\t\t<\/div>\n\t\t\t\t<\/div>\n\t\t","protected":false},"excerpt":{"rendered":"<p>Chilpancingo, Gro., 26 de abril de 2026.\u2014 La diputada Luissana Ramos Pineda propuso una iniciativa en materia de protecci\u00f3n, control, responsabilidad y fiscalizaci\u00f3n del presupuesto destinado a las unidades de igualdad de g\u00e9nero, institutos de las mujeres y dem\u00e1s instancias responsables de la pol\u00edtica de igualdad, para garantizar la irreductibilidad de sus recursos y establecer [&hellip;]<\/p>\n","protected":false},"author":4,"featured_media":17875,"comment_status":"closed","ping_status":"open","sticky":false,"template":"","format":"standard","meta":{"_seopress_robots_primary_cat":"","_seopress_titles_title":"","_seopress_titles_desc":"","_seopress_robots_index":"","footnotes":""},"categories":[175,136,189],"tags":[113],"class_list":["post-17874","post","type-post","status-publish","format-standard","has-post-thumbnail","hentry","category-igualdad-de-genero","category-justicia","category-presupuesto-y-cuenta-publica","tag-luissana-ramos-pineda"],"_links":{"self":[{"href":"https:\/\/congresogro.gob.mx\/inicio\/wp-json\/wp\/v2\/posts\/17874","targetHints":{"allow":["GET"]}}],"collection":[{"href":"https:\/\/congresogro.gob.mx\/inicio\/wp-json\/wp\/v2\/posts"}],"about":[{"href":"https:\/\/congresogro.gob.mx\/inicio\/wp-json\/wp\/v2\/types\/post"}],"author":[{"embeddable":true,"href":"https:\/\/congresogro.gob.mx\/inicio\/wp-json\/wp\/v2\/users\/4"}],"replies":[{"embeddable":true,"href":"https:\/\/congresogro.gob.mx\/inicio\/wp-json\/wp\/v2\/comments?post=17874"}],"version-history":[{"count":4,"href":"https:\/\/congresogro.gob.mx\/inicio\/wp-json\/wp\/v2\/posts\/17874\/revisions"}],"predecessor-version":[{"id":17879,"href":"https:\/\/congresogro.gob.mx\/inicio\/wp-json\/wp\/v2\/posts\/17874\/revisions\/17879"}],"wp:featuredmedia":[{"embeddable":true,"href":"https:\/\/congresogro.gob.mx\/inicio\/wp-json\/wp\/v2\/media\/17875"}],"wp:attachment":[{"href":"https:\/\/congresogro.gob.mx\/inicio\/wp-json\/wp\/v2\/media?parent=17874"}],"wp:term":[{"taxonomy":"category","embeddable":true,"href":"https:\/\/congresogro.gob.mx\/inicio\/wp-json\/wp\/v2\/categories?post=17874"},{"taxonomy":"post_tag","embeddable":true,"href":"https:\/\/congresogro.gob.mx\/inicio\/wp-json\/wp\/v2\/tags?post=17874"}],"curies":[{"name":"wp","href":"https:\/\/api.w.org\/{rel}","templated":true}]}}