{"id":17863,"date":"2026-04-24T19:42:23","date_gmt":"2026-04-24T19:42:23","guid":{"rendered":"https:\/\/congresogro.gob.mx\/inicio\/?p=17863"},"modified":"2026-04-27T19:48:15","modified_gmt":"2026-04-27T19:48:15","slug":"exhortan-a-tiendas-y-bancos-a-garantizar-accesibilidad-para-personas-con-discapacidad","status":"publish","type":"post","link":"https:\/\/congresogro.gob.mx\/inicio\/exhortan-a-tiendas-y-bancos-a-garantizar-accesibilidad-para-personas-con-discapacidad\/","title":{"rendered":"EXHORTAN A TIENDAS Y BANCOS A GARANTIZAR ACCESIBILIDAD PARA PERSONAS CON DISCAPACIDAD"},"content":{"rendered":"\t\t<div data-elementor-type=\"wp-post\" data-elementor-id=\"17863\" class=\"elementor elementor-17863\">\n\t\t\t\t<div class=\"elementor-element elementor-element-b232fa7 e-flex e-con-boxed e-con e-parent\" data-id=\"b232fa7\" data-element_type=\"container\">\n\t\t\t\t\t<div class=\"e-con-inner\">\n\t\t\t\t<div class=\"elementor-element elementor-element-30ca429 elementor-widget elementor-widget-text-editor\" data-id=\"30ca429\" data-element_type=\"widget\" data-widget_type=\"text-editor.default\">\n\t\t\t\t<div class=\"elementor-widget-container\">\n\t\t\t\t\t\t\t<p>Chilpancingo, Gro., 24 de abril de 2026.\u2014 El Congreso del Estado exhort\u00f3 a la Secretar\u00eda del Trabajo y Previsi\u00f3n Social del Estado de Guerrero para que conmine a las tiendas de conveniencia de cadena nacional e instituciones bancarias con presencia en la entidad a adecuar sus instalaciones y herramientas electr\u00f3nicas para las personas con discapacidad, a fin de facilitarles el uso de los servicios que prestan.<br \/>En el dictamen del exhorto, elaborado por las Comisiones Unidas de Desarrollo Econ\u00f3mico y Trabajo y de Atenci\u00f3n a las Personas con Discapacidad, a propuesta del diputado Alejandro Bravo Abarca, se destaca que el objetivo central es la protecci\u00f3n y garant\u00eda de los derechos humanos de las personas con discapacidad, particularmente en materia de accesibilidad universal, igualdad de oportunidades, movilidad segura y no discriminaci\u00f3n.<br \/>Al fundamentar el dictamen, el diputado Marco Tulio S\u00e1nchez Alarc\u00f3n manifest\u00f3 que es prioritario garantizar el acceso efectivo de este grupo de atenci\u00f3n prioritaria al entorno f\u00edsico, la informaci\u00f3n, las comunicaciones y a toda instalaci\u00f3n o servicio abierto al p\u00fablico. A\u00f1adi\u00f3 que tambi\u00e9n es indispensable reconocer el derecho de las personas con discapacidad a vivir de forma independiente y a participar plenamente en la comunidad, lo que exige la existencia de espacios accesibles, seguros y adecuados para su desarrollo cotidiano.<br \/>Se se\u00f1ala que existen establecimientos de acceso p\u00fablico, como tiendas de conveniencia e instituciones bancarias, que no cumplen con esta garant\u00eda de accesibilidad y que, aun cuando se trata de entidades privadas, debe asegurarse que los servicios abiertos al p\u00fablico integren criterios de accesibilidad universal.<br \/>Por ello, se exhort\u00f3 a dicha dependencia, pero tambi\u00e9n en el mismo sentido, a los 84 ayuntamientos municipales y al Concejo Municipal de Ayutla de los Libres, a fin de conminar a las tiendas de conveniencia de cadena nacional y a las instituciones bancarias con presencia en la entidad a adecuar sus instalaciones y herramientas electr\u00f3nicas para las personas con discapacidad.<\/p>\t\t\t\t\t\t<\/div>\n\t\t\t\t<\/div>\n\t\t\t\t\t<\/div>\n\t\t\t\t<\/div>\n\t\t\t\t<\/div>\n\t\t","protected":false},"excerpt":{"rendered":"<p>Chilpancingo, Gro., 24 de abril de 2026.\u2014 El Congreso del Estado exhort\u00f3 a la Secretar\u00eda del Trabajo y Previsi\u00f3n Social del Estado de Guerrero para que conmine a las tiendas de conveniencia de cadena nacional e instituciones bancarias con presencia en la entidad a adecuar sus instalaciones y herramientas electr\u00f3nicas para las personas con discapacidad, [&hellip;]<\/p>\n","protected":false},"author":4,"featured_media":17864,"comment_status":"closed","ping_status":"open","sticky":false,"template":"","format":"standard","meta":{"_seopress_robots_primary_cat":"","_seopress_titles_title":"","_seopress_titles_desc":"","_seopress_robots_index":"","footnotes":""},"categories":[137],"tags":[80,112],"class_list":["post-17863","post","type-post","status-publish","format-standard","has-post-thumbnail","hentry","category-desarrollo-economico-y-trabajo","tag-alejandro-bravo-abarca","tag-marco-tulio-sanchez-alarcon"],"_links":{"self":[{"href":"https:\/\/congresogro.gob.mx\/inicio\/wp-json\/wp\/v2\/posts\/17863","targetHints":{"allow":["GET"]}}],"collection":[{"href":"https:\/\/congresogro.gob.mx\/inicio\/wp-json\/wp\/v2\/posts"}],"about":[{"href":"https:\/\/congresogro.gob.mx\/inicio\/wp-json\/wp\/v2\/types\/post"}],"author":[{"embeddable":true,"href":"https:\/\/congresogro.gob.mx\/inicio\/wp-json\/wp\/v2\/users\/4"}],"replies":[{"embeddable":true,"href":"https:\/\/congresogro.gob.mx\/inicio\/wp-json\/wp\/v2\/comments?post=17863"}],"version-history":[{"count":4,"href":"https:\/\/congresogro.gob.mx\/inicio\/wp-json\/wp\/v2\/posts\/17863\/revisions"}],"predecessor-version":[{"id":17868,"href":"https:\/\/congresogro.gob.mx\/inicio\/wp-json\/wp\/v2\/posts\/17863\/revisions\/17868"}],"wp:featuredmedia":[{"embeddable":true,"href":"https:\/\/congresogro.gob.mx\/inicio\/wp-json\/wp\/v2\/media\/17864"}],"wp:attachment":[{"href":"https:\/\/congresogro.gob.mx\/inicio\/wp-json\/wp\/v2\/media?parent=17863"}],"wp:term":[{"taxonomy":"category","embeddable":true,"href":"https:\/\/congresogro.gob.mx\/inicio\/wp-json\/wp\/v2\/categories?post=17863"},{"taxonomy":"post_tag","embeddable":true,"href":"https:\/\/congresogro.gob.mx\/inicio\/wp-json\/wp\/v2\/tags?post=17863"}],"curies":[{"name":"wp","href":"https:\/\/api.w.org\/{rel}","templated":true}]}}