{"id":17846,"date":"2026-04-26T19:30:42","date_gmt":"2026-04-26T19:30:42","guid":{"rendered":"https:\/\/congresogro.gob.mx\/inicio\/?p=17846"},"modified":"2026-04-27T19:35:15","modified_gmt":"2026-04-27T19:35:15","slug":"proponen-garantizar-convivencia-regular-de-ninas-y-ninos-con-ambos-progenitores","status":"publish","type":"post","link":"https:\/\/congresogro.gob.mx\/inicio\/proponen-garantizar-convivencia-regular-de-ninas-y-ninos-con-ambos-progenitores\/","title":{"rendered":"PROPONEN GARANTIZAR CONVIVENCIA REGULAR DE NI\u00d1AS Y NI\u00d1OS CON AMBOS PROGENITORES"},"content":{"rendered":"\t\t<div data-elementor-type=\"wp-post\" data-elementor-id=\"17846\" class=\"elementor elementor-17846\">\n\t\t\t\t<div class=\"elementor-element elementor-element-da504bf e-flex e-con-boxed e-con e-parent\" data-id=\"da504bf\" data-element_type=\"container\">\n\t\t\t\t\t<div class=\"e-con-inner\">\n\t\t\t\t<div class=\"elementor-element elementor-element-dc297b4 elementor-widget elementor-widget-text-editor\" data-id=\"dc297b4\" data-element_type=\"widget\" data-widget_type=\"text-editor.default\">\n\t\t\t\t<div class=\"elementor-widget-container\">\n\t\t\t\t\t\t\t<p>Chilpancingo, Gro., 26 de abril de 2026.\u2014 La diputada Violeta Mart\u00ednez Pacheco propuso una iniciativa para garantizar el derecho de la ni\u00f1ez a una convivencia regular y libre de interferencias con ambos progenitores, bajo la premisa de que las ni\u00f1as y los ni\u00f1os no deben ser utilizados como instrumentos de presi\u00f3n en conflictos de adultos, asegurando as\u00ed su sano desarrollo emocional, lo anterior, siempre y cuando se les garantice su bienestar <br \/>En la propuesta para adicionar una fracci\u00f3n XXIII al art\u00edculo 12 y agregar el Cap\u00edtulo Vig\u00e9simo Segundo al T\u00edtulo Segundo de la Ley 812 para la Protecci\u00f3n de los Derechos de Ni\u00f1as, Ni\u00f1os y Adolescentes del Estado de Guerrero \u2014turnada a la Comisi\u00f3n de los Derechos de las Ni\u00f1as, Ni\u00f1os y Adolescentes\u2014, la legisladora se\u00f1ala que es una realidad que ni\u00f1as y ni\u00f1os, sin haber tomado ninguna decisi\u00f3n, terminan atrapados en conflictos que no les pertenecen.<br \/>En ese sentido, propone reconocer de manera expresa en la legislaci\u00f3n el derecho a la convivencia familiar efectiva, entendida como la posibilidad de que ni\u00f1as, ni\u00f1os y adolescentes mantengan relaciones personales, contacto directo y comunicaci\u00f3n regular con ambos progenitores, libres de interferencias injustificadas, siempre y cuando se les garantice su bienestar. <br \/>Asimismo, se establece con claridad qu\u00e9 conductas vulneran este derecho y se obliga a las autoridades a garantizarlo y restituirlo cuando sea necesario \u201cporque los derechos que no se pueden ejercer no son verdaderos derechos\u201d, dijo.<br \/>La iniciativa con proyecto de decreto por el que se adiciona una fracci\u00f3n XXIII al art\u00edculo 12 y se incorpora el Cap\u00edtulo Vig\u00e9simo Segundo al T\u00edtulo Segundo de la Ley 812 para la Protecci\u00f3n de los Derechos de Ni\u00f1as, Ni\u00f1os y Adolescentes del Estado de Guerrero, se turn\u00f3 a la Comisi\u00f3n de los Derechos de las Ni\u00f1as, Ni\u00f1os y Adolescentes para su an\u00e1lisis.<\/p>\t\t\t\t\t\t<\/div>\n\t\t\t\t<\/div>\n\t\t\t\t\t<\/div>\n\t\t\t\t<\/div>\n\t\t\t\t<\/div>\n\t\t","protected":false},"excerpt":{"rendered":"<p>Chilpancingo, Gro., 26 de abril de 2026.\u2014 La diputada Violeta Mart\u00ednez Pacheco propuso una iniciativa para garantizar el derecho de la ni\u00f1ez a una convivencia regular y libre de interferencias con ambos progenitores, bajo la premisa de que las ni\u00f1as y los ni\u00f1os no deben ser utilizados como instrumentos de presi\u00f3n en conflictos de adultos, [&hellip;]<\/p>\n","protected":false},"author":4,"featured_media":17847,"comment_status":"closed","ping_status":"open","sticky":false,"template":"","format":"standard","meta":{"_seopress_robots_primary_cat":"","_seopress_titles_title":"","_seopress_titles_desc":"","_seopress_robots_index":"","footnotes":""},"categories":[176],"tags":[127],"class_list":["post-17846","post","type-post","status-publish","format-standard","has-post-thumbnail","hentry","category-derechos-de-las-ninas-ninos-y-adolescentes","tag-violeta-martinez-pacheco"],"_links":{"self":[{"href":"https:\/\/congresogro.gob.mx\/inicio\/wp-json\/wp\/v2\/posts\/17846","targetHints":{"allow":["GET"]}}],"collection":[{"href":"https:\/\/congresogro.gob.mx\/inicio\/wp-json\/wp\/v2\/posts"}],"about":[{"href":"https:\/\/congresogro.gob.mx\/inicio\/wp-json\/wp\/v2\/types\/post"}],"author":[{"embeddable":true,"href":"https:\/\/congresogro.gob.mx\/inicio\/wp-json\/wp\/v2\/users\/4"}],"replies":[{"embeddable":true,"href":"https:\/\/congresogro.gob.mx\/inicio\/wp-json\/wp\/v2\/comments?post=17846"}],"version-history":[{"count":4,"href":"https:\/\/congresogro.gob.mx\/inicio\/wp-json\/wp\/v2\/posts\/17846\/revisions"}],"predecessor-version":[{"id":17851,"href":"https:\/\/congresogro.gob.mx\/inicio\/wp-json\/wp\/v2\/posts\/17846\/revisions\/17851"}],"wp:featuredmedia":[{"embeddable":true,"href":"https:\/\/congresogro.gob.mx\/inicio\/wp-json\/wp\/v2\/media\/17847"}],"wp:attachment":[{"href":"https:\/\/congresogro.gob.mx\/inicio\/wp-json\/wp\/v2\/media?parent=17846"}],"wp:term":[{"taxonomy":"category","embeddable":true,"href":"https:\/\/congresogro.gob.mx\/inicio\/wp-json\/wp\/v2\/categories?post=17846"},{"taxonomy":"post_tag","embeddable":true,"href":"https:\/\/congresogro.gob.mx\/inicio\/wp-json\/wp\/v2\/tags?post=17846"}],"curies":[{"name":"wp","href":"https:\/\/api.w.org\/{rel}","templated":true}]}}