{"id":17835,"date":"2026-04-26T17:48:24","date_gmt":"2026-04-26T17:48:24","guid":{"rendered":"https:\/\/congresogro.gob.mx\/inicio\/?p=17835"},"modified":"2026-04-27T19:53:05","modified_gmt":"2026-04-27T19:53:05","slug":"analizan-integrar-contenidos-de-inteligencia-artificial-en-educacion-basica-de-guerrero","status":"publish","type":"post","link":"https:\/\/congresogro.gob.mx\/inicio\/analizan-integrar-contenidos-de-inteligencia-artificial-en-educacion-basica-de-guerrero\/","title":{"rendered":"ANALIZAN INTEGRAR CONTENIDOS DE INTELIGENCIA ARTIFICIAL EN EDUCACI\u00d3N B\u00c1SICA DE GUERRERO"},"content":{"rendered":"\t\t<div data-elementor-type=\"wp-post\" data-elementor-id=\"17835\" class=\"elementor elementor-17835\">\n\t\t\t\t<div class=\"elementor-element elementor-element-39452c6b e-flex e-con-boxed e-con e-parent\" data-id=\"39452c6b\" data-element_type=\"container\">\n\t\t\t\t\t<div class=\"e-con-inner\">\n\t\t\t\t<div class=\"elementor-element elementor-element-5ca12baf elementor-widget elementor-widget-text-editor\" data-id=\"5ca12baf\" data-element_type=\"widget\" data-widget_type=\"text-editor.default\">\n\t\t\t\t<div class=\"elementor-widget-container\">\n\t\t\t\t\t\t\t<!-- wp:image -->\n<figure class=\"wp-block-image\"><img alt=\"\" \/><\/figure>\n<!-- \/wp:image -->\t\t\t\t\t\t<\/div>\n\t\t\t\t<\/div>\n\t\t\t\t\t<\/div>\n\t\t\t\t<\/div>\n\t\t<div class=\"elementor-element elementor-element-e1e6f29 e-flex e-con-boxed e-con e-parent\" data-id=\"e1e6f29\" data-element_type=\"container\">\n\t\t\t\t\t<div class=\"e-con-inner\">\n\t\t\t\t<div class=\"elementor-element elementor-element-1864d5f elementor-widget elementor-widget-text-editor\" data-id=\"1864d5f\" data-element_type=\"widget\" data-widget_type=\"text-editor.default\">\n\t\t\t\t<div class=\"elementor-widget-container\">\n\t\t\t\t\t\t\t<p>Chilpancingo, Gro., 26 de abril de 2026.- El Congreso del Estado exhort\u00f3 a la Secretar\u00eda de Educaci\u00f3n Guerrero (SEG) para que, en coordinaci\u00f3n con la Secretar\u00eda de Educaci\u00f3n P\u00fablica del Gobierno Federal, realice los estudios t\u00e9cnicos, pedag\u00f3gicos, administrativos y presupuestarios necesarios para valorar la viabilidad de incorporar, de manera gradual y progresiva, contenidos relacionados con la inteligencia artificial en el nivel b\u00e1sico del Sistema Educativo Estatal.<br \/>Al fundamentar el dictamen a nombre de la Comisi\u00f3n de Educaci\u00f3n, Ciencia y Tecnolog\u00eda, la diputada Mar\u00eda del Pilar Vadillo Ruiz, resalt\u00f3 que la incorporaci\u00f3n progresiva de contenidos vinculados con tecnolog\u00edas emergentes, como la inteligencia artificial, es congruente con el mandato constitucional de garantizar una educaci\u00f3n integral, pertinente y acorde con los desaf\u00edos contempor\u00e1neos. Asimismo, inform\u00f3 que la propuesta inicial fue impulsada por el diputado Alejandro Bravo Abarca. <br \/>Se\u00f1al\u00f3 que la legislaci\u00f3n en la materia establece la obligaci\u00f3n del Estado de promover el uso educativo de la ciencia, la tecnolog\u00eda y la innovaci\u00f3n, as\u00ed como de fortalecer la alfabetizaci\u00f3n digital y el acceso equitativo a herramientas tecnol\u00f3gicas. Por ello, subray\u00f3 que cualquier eventual incorporaci\u00f3n de contenidos sobre inteligencia artificial debe estar precedida de estudios t\u00e9cnicos, diagn\u00f3sticos de infraestructura, capacitaci\u00f3n docente y an\u00e1lisis presupuestarios que garanticen su viabilidad y eviten generar cargas administrativas o financieras no previstas.<br \/>Asimismo, se destaca que Guerrero enfrenta importantes retos en materia de conectividad, infraestructura escolar y acceso a tecnolog\u00edas de la informaci\u00f3n, por lo que la incorporaci\u00f3n de contenidos de inteligencia artificial debe priorizar el cierre de brechas digitales, evitando que la innovaci\u00f3n educativa profundice las desigualdades existentes entre zonas urbanas y rurales, comunidades ind\u00edgenas o escuelas multigrado.<br \/>Por lo anterior, se exhorta a la SEG para que, en el \u00e1mbito de sus atribuciones y en coordinaci\u00f3n con la SEP, realice los estudios t\u00e9cnicos, pedag\u00f3gicos, administrativos y presupuestarios necesarios para valorar la viabilidad de incorporar, de manera gradual y progresiva, contenidos relacionados con la inteligencia artificial en el nivel b\u00e1sico del sistema educativo estatal.<\/p>\n<p>\u00a0<\/p>\t\t\t\t\t\t<\/div>\n\t\t\t\t<\/div>\n\t\t\t\t\t<\/div>\n\t\t\t\t<\/div>\n\t\t<div class=\"elementor-element elementor-element-bc644e0 e-flex e-con-boxed e-con e-parent\" data-id=\"bc644e0\" data-element_type=\"container\">\n\t\t\t\t\t<div class=\"e-con-inner\">\n\t\t\t\t<div class=\"elementor-element elementor-element-74cf6bf elementor-widget elementor-widget-image\" data-id=\"74cf6bf\" data-element_type=\"widget\" data-widget_type=\"image.default\">\n\t\t\t\t<div class=\"elementor-widget-container\">\n\t\t\t\t\t\t\t\t\t\t\t\t\t<img fetchpriority=\"high\" decoding=\"async\" width=\"1024\" height=\"451\" src=\"https:\/\/congresogro.gob.mx\/inicio\/wp-content\/uploads\/2026\/04\/Boletin-816-1-1024x451.jpg\" class=\"attachment-large size-large wp-image-17840\" alt=\"ANALIZAN INTEGRAR CONTENIDOS DE INTELIGENCIA ARTIFICIAL EN EDUCACI\u00d3N B\u00c1SICA DE GUERRERO\" srcset=\"https:\/\/congresogro.gob.mx\/inicio\/wp-content\/uploads\/2026\/04\/Boletin-816-1-1024x451.jpg 1024w, https:\/\/congresogro.gob.mx\/inicio\/wp-content\/uploads\/2026\/04\/Boletin-816-1-300x132.jpg 300w, https:\/\/congresogro.gob.mx\/inicio\/wp-content\/uploads\/2026\/04\/Boletin-816-1-768x338.jpg 768w, https:\/\/congresogro.gob.mx\/inicio\/wp-content\/uploads\/2026\/04\/Boletin-816-1-1536x677.jpg 1536w, https:\/\/congresogro.gob.mx\/inicio\/wp-content\/uploads\/2026\/04\/Boletin-816-1-600x264.jpg 600w, https:\/\/congresogro.gob.mx\/inicio\/wp-content\/uploads\/2026\/04\/Boletin-816-1-560x247.jpg 560w, https:\/\/congresogro.gob.mx\/inicio\/wp-content\/uploads\/2026\/04\/Boletin-816-1.jpg 1600w\" sizes=\"(max-width: 1024px) 100vw, 1024px\" \/>\t\t\t\t\t\t\t\t\t\t\t\t\t<\/div>\n\t\t\t\t<\/div>\n\t\t\t\t\t<\/div>\n\t\t\t\t<\/div>\n\t\t\t\t<\/div>\n\t\t","protected":false},"excerpt":{"rendered":"<p>Chilpancingo, Gro., 26 de abril de 2026.- El Congreso del Estado exhort\u00f3 a la Secretar\u00eda de Educaci\u00f3n Guerrero (SEG) para que, en coordinaci\u00f3n con la Secretar\u00eda de Educaci\u00f3n P\u00fablica del Gobierno Federal, realice los estudios t\u00e9cnicos, pedag\u00f3gicos, administrativos y presupuestarios necesarios para valorar la viabilidad de incorporar, de manera gradual y progresiva, contenidos relacionados con [&hellip;]<\/p>\n","protected":false},"author":4,"featured_media":17872,"comment_status":"closed","ping_status":"open","sticky":false,"template":"","format":"standard","meta":{"_seopress_robots_primary_cat":"","_seopress_titles_title":"","_seopress_titles_desc":"","_seopress_robots_index":"","footnotes":""},"categories":[182,1],"tags":[80,109],"class_list":["post-17835","post","type-post","status-publish","format-standard","has-post-thumbnail","hentry","category-educacion-ciencia-y-tecnologia","category-sin-categoria","tag-alejandro-bravo-abarca","tag-ma-del-pilar-vadillo-ruiz"],"_links":{"self":[{"href":"https:\/\/congresogro.gob.mx\/inicio\/wp-json\/wp\/v2\/posts\/17835","targetHints":{"allow":["GET"]}}],"collection":[{"href":"https:\/\/congresogro.gob.mx\/inicio\/wp-json\/wp\/v2\/posts"}],"about":[{"href":"https:\/\/congresogro.gob.mx\/inicio\/wp-json\/wp\/v2\/types\/post"}],"author":[{"embeddable":true,"href":"https:\/\/congresogro.gob.mx\/inicio\/wp-json\/wp\/v2\/users\/4"}],"replies":[{"embeddable":true,"href":"https:\/\/congresogro.gob.mx\/inicio\/wp-json\/wp\/v2\/comments?post=17835"}],"version-history":[{"count":7,"href":"https:\/\/congresogro.gob.mx\/inicio\/wp-json\/wp\/v2\/posts\/17835\/revisions"}],"predecessor-version":[{"id":17844,"href":"https:\/\/congresogro.gob.mx\/inicio\/wp-json\/wp\/v2\/posts\/17835\/revisions\/17844"}],"wp:featuredmedia":[{"embeddable":true,"href":"https:\/\/congresogro.gob.mx\/inicio\/wp-json\/wp\/v2\/media\/17872"}],"wp:attachment":[{"href":"https:\/\/congresogro.gob.mx\/inicio\/wp-json\/wp\/v2\/media?parent=17835"}],"wp:term":[{"taxonomy":"category","embeddable":true,"href":"https:\/\/congresogro.gob.mx\/inicio\/wp-json\/wp\/v2\/categories?post=17835"},{"taxonomy":"post_tag","embeddable":true,"href":"https:\/\/congresogro.gob.mx\/inicio\/wp-json\/wp\/v2\/tags?post=17835"}],"curies":[{"name":"wp","href":"https:\/\/api.w.org\/{rel}","templated":true}]}}