{"id":17804,"date":"2026-04-24T23:39:36","date_gmt":"2026-04-24T23:39:36","guid":{"rendered":"https:\/\/congresogro.gob.mx\/inicio\/?p=17804"},"modified":"2026-04-24T23:40:42","modified_gmt":"2026-04-24T23:40:42","slug":"propone-diputada-transicion-a-cableado-subterraneo-para-garantizar-energia-electrica-durante-fenomenos-naturales","status":"publish","type":"post","link":"https:\/\/congresogro.gob.mx\/inicio\/propone-diputada-transicion-a-cableado-subterraneo-para-garantizar-energia-electrica-durante-fenomenos-naturales\/","title":{"rendered":"PROPONE DIPUTADA TRANSICI\u00d3N A CABLEADO SUBTERR\u00c1NEO PARA GARANTIZAR ENERG\u00cdA EL\u00c9CTRICA DURANTE FEN\u00d3MENOS NATURALES"},"content":{"rendered":"\t\t<div data-elementor-type=\"wp-post\" data-elementor-id=\"17804\" class=\"elementor elementor-17804\">\n\t\t\t\t<div class=\"elementor-element elementor-element-0ca3630 e-flex e-con-boxed e-con e-parent\" data-id=\"0ca3630\" data-element_type=\"container\">\n\t\t\t\t\t<div class=\"e-con-inner\">\n\t\t\t\t<div class=\"elementor-element elementor-element-143f579 elementor-widget elementor-widget-text-editor\" data-id=\"143f579\" data-element_type=\"widget\" data-widget_type=\"text-editor.default\">\n\t\t\t\t<div class=\"elementor-widget-container\">\n\t\t\t\t\t\t\t<p><strong>Chilpancingo, Gro., 24 de abril de 2026.\u2014<\/strong> La diputada Erika Isabel Guill\u00e9n Rom\u00e1n present\u00f3 una iniciativa con el objetivo de promover la transici\u00f3n gradual del cableado a\u00e9reo a sistemas subterr\u00e1neos de energ\u00eda y telecomunicaciones.<\/p><p>Al exponer el tema en tribuna, se\u00f1al\u00f3 que la propuesta busca proteger la infraestructura cr\u00edtica frente a fen\u00f3menos naturales, garantizar la continuidad de los servicios b\u00e1sicos y fortalecer la seguridad de la poblaci\u00f3n, contribuyendo a un desarrollo urbano m\u00e1s ordenado, resiliente y seguro.<\/p><p>Adem\u00e1s, plantea un enfoque gradual para la implementaci\u00f3n de infraestructura subterr\u00e1nea, priorizando zonas de alto riesgo, \u00e1reas tur\u00edsticas y regiones afectadas por desastres naturales, sin invadir competencias federales, ya que se centra en la planeaci\u00f3n urbana y la protecci\u00f3n de la poblaci\u00f3n. El prop\u00f3sito es impulsar un modelo de desarrollo m\u00e1s seguro y preparado para enfrentar los desaf\u00edos actuales, fortaleciendo la resiliencia de las ciudades en Guerrero.<\/p><p>Erika Guill\u00e9n agreg\u00f3 que actualmente la mayor\u00eda de las redes en el estado son a\u00e9reas, lo que las hace vulnerables a vientos intensos, lluvias, ca\u00edda de \u00e1rboles e incluso actos delictivos, provocando interrupciones constantes y afectaciones a la poblaci\u00f3n. Ante ello, resalt\u00f3 la necesidad de avanzar hacia modelos m\u00e1s seguros y eficientes, tomando como referencia experiencias exitosas en otras ciudades del pa\u00eds y del extranjero, donde el soterramiento del cableado ha mejorado la seguridad, el orden urbano y la continuidad de los servicios.<\/p><p>La iniciativa, por la que se adiciona una fracci\u00f3n VIII \u2014recorri\u00e9ndose la actual fracci\u00f3n VIII para pasar a ser fracci\u00f3n IX\u2014 al art\u00edculo 92 de la Ley de Asentamientos Humanos, Ordenamiento Territorial y Desarrollo Urbano del Estado de Guerrero, fue turnada a la Comisi\u00f3n de Desarrollo Urbano y Obras P\u00fablicas para su an\u00e1lisis y dictaminaci\u00f3n.<\/p>\t\t\t\t\t\t<\/div>\n\t\t\t\t<\/div>\n\t\t\t\t\t<\/div>\n\t\t\t\t<\/div>\n\t\t\t\t<\/div>\n\t\t","protected":false},"excerpt":{"rendered":"<p>Chilpancingo, Gro., 24 de abril de 2026.\u2014 La diputada Erika Isabel Guill\u00e9n Rom\u00e1n present\u00f3 una iniciativa con el objetivo de promover la transici\u00f3n gradual del cableado a\u00e9reo a sistemas subterr\u00e1neos de energ\u00eda y telecomunicaciones. Al exponer el tema en tribuna, se\u00f1al\u00f3 que la propuesta busca proteger la infraestructura cr\u00edtica frente a fen\u00f3menos naturales, garantizar la [&hellip;]<\/p>\n","protected":false},"author":3,"featured_media":17805,"comment_status":"closed","ping_status":"open","sticky":false,"template":"","format":"standard","meta":{"_seopress_robots_primary_cat":"","_seopress_titles_title":"","_seopress_titles_desc":"","_seopress_robots_index":"","footnotes":""},"categories":[160],"tags":[106],"class_list":["post-17804","post","type-post","status-publish","format-standard","has-post-thumbnail","hentry","category-desarrollo-urbano-y-obras-publicas","tag-erika-isabel-guillen-roman"],"_links":{"self":[{"href":"https:\/\/congresogro.gob.mx\/inicio\/wp-json\/wp\/v2\/posts\/17804","targetHints":{"allow":["GET"]}}],"collection":[{"href":"https:\/\/congresogro.gob.mx\/inicio\/wp-json\/wp\/v2\/posts"}],"about":[{"href":"https:\/\/congresogro.gob.mx\/inicio\/wp-json\/wp\/v2\/types\/post"}],"author":[{"embeddable":true,"href":"https:\/\/congresogro.gob.mx\/inicio\/wp-json\/wp\/v2\/users\/3"}],"replies":[{"embeddable":true,"href":"https:\/\/congresogro.gob.mx\/inicio\/wp-json\/wp\/v2\/comments?post=17804"}],"version-history":[{"count":4,"href":"https:\/\/congresogro.gob.mx\/inicio\/wp-json\/wp\/v2\/posts\/17804\/revisions"}],"predecessor-version":[{"id":17809,"href":"https:\/\/congresogro.gob.mx\/inicio\/wp-json\/wp\/v2\/posts\/17804\/revisions\/17809"}],"wp:featuredmedia":[{"embeddable":true,"href":"https:\/\/congresogro.gob.mx\/inicio\/wp-json\/wp\/v2\/media\/17805"}],"wp:attachment":[{"href":"https:\/\/congresogro.gob.mx\/inicio\/wp-json\/wp\/v2\/media?parent=17804"}],"wp:term":[{"taxonomy":"category","embeddable":true,"href":"https:\/\/congresogro.gob.mx\/inicio\/wp-json\/wp\/v2\/categories?post=17804"},{"taxonomy":"post_tag","embeddable":true,"href":"https:\/\/congresogro.gob.mx\/inicio\/wp-json\/wp\/v2\/tags?post=17804"}],"curies":[{"name":"wp","href":"https:\/\/api.w.org\/{rel}","templated":true}]}}