{"id":16409,"date":"2026-01-27T15:22:02","date_gmt":"2026-01-27T15:22:02","guid":{"rendered":"https:\/\/congresogro.gob.mx\/inicio\/?p=16409"},"modified":"2026-01-28T15:43:52","modified_gmt":"2026-01-28T15:43:52","slug":"congreso-analiza-nueva-ley-a-favor-de-personas-con-espectro-autista","status":"publish","type":"post","link":"https:\/\/congresogro.gob.mx\/inicio\/congreso-analiza-nueva-ley-a-favor-de-personas-con-espectro-autista\/","title":{"rendered":"CONGRESO ANALIZA NUEVA LEY A FAVOR DE PERSONAS CON ESPECTRO AUTISTA"},"content":{"rendered":"\t\t<div data-elementor-type=\"wp-post\" data-elementor-id=\"16409\" class=\"elementor elementor-16409\">\n\t\t\t\t<div class=\"elementor-element elementor-element-1a737ce e-flex e-con-boxed e-con e-parent\" data-id=\"1a737ce\" data-element_type=\"container\">\n\t\t\t\t\t<div class=\"e-con-inner\">\n\t\t\t\t<div class=\"elementor-element elementor-element-5ec3b7a elementor-widget elementor-widget-text-editor\" data-id=\"5ec3b7a\" data-element_type=\"widget\" data-widget_type=\"text-editor.default\">\n\t\t\t\t<div class=\"elementor-widget-container\">\n\t\t\t\t\t\t\t<p style=\"text-align: justify;\"><strong>Chilpancingo, Gro., 27 de enero de 2026.-<\/strong> La Comisi\u00f3n de Salud del Congreso del Estado analiza una iniciativa de Ley para la Atenci\u00f3n, Inclusi\u00f3n y Protecci\u00f3n de las Personas con la Condici\u00f3n del Espectro Autista en Guerrero, con el prop\u00f3sito de reconocer, promover y garantizar su integraci\u00f3n e inclusi\u00f3n, as\u00ed como el ejercicio efectivo de sus derechos fundamentales.<\/p><p style=\"text-align: justify;\">La propuesta, impulsada por la Comisi\u00f3n legislativa integrada por las diputadas Beatriz V\u00e9lez N\u00fa\u00f1ez, Mar\u00eda Guadalupe Eguiluz Bautista, Citlali Yaret T\u00e9lez Castillo, Hilda Jennifer Ponce Mendoza y Guadalupe Garc\u00eda Villalva \u2014como presidenta, secretaria y vocales\u2014, responde a un mandato expreso de la Suprema Corte de Justicia de la Naci\u00f3n (SCJN), derivado de resoluciones recientes que obligan al Congreso a garantizar procesos legislativos incluyentes y acordes con el modelo social de discapacidad y a generar ordenamientos que garanticen la participaci\u00f3n efectiva de las personas con discapacidad.<\/p><p style=\"text-align: justify;\">La iniciativa, subraya la Comisi\u00f3n, se encuentra plenamente fundada en la Constituci\u00f3n, en los tratados internacionales, en la jurisprudencia de la SCJN y en la realidad social del estado. Su aprobaci\u00f3n permitir\u00e1 garantizar el ejercicio efectivo de los derechos humanos de las personas con espectro autista, consolidando un Guerrero m\u00e1s justo, incluyente y respetuoso de la diversidad. No responde \u00fanicamente a un inter\u00e9s pol\u00edtico o social, sino a una obligaci\u00f3n constitucional y jurisdiccional derivada de las sentencias de la Suprema Corte de Justicia de la Naci\u00f3n.<\/p><p style=\"text-align: justify;\">Por lo que se se\u00f1ala que con la propuesta se cumple con el deber de legislar de manera incluyente, participativa y conforme al modelo social de discapacidad, garantizando que las personas con espectro autista y sus familias cuenten con un marco jur\u00eddico s\u00f3lido y leg\u00edtimo.<\/p>\t\t\t\t\t\t<\/div>\n\t\t\t\t<\/div>\n\t\t\t\t\t<\/div>\n\t\t\t\t<\/div>\n\t\t\t\t<\/div>\n\t\t","protected":false},"excerpt":{"rendered":"<p>Chilpancingo, Gro., 27 de enero de 2026.- La Comisi\u00f3n de Salud del Congreso del Estado analiza una iniciativa de Ley para la Atenci\u00f3n, Inclusi\u00f3n y Protecci\u00f3n de las Personas con la Condici\u00f3n del Espectro Autista en Guerrero, con el prop\u00f3sito de reconocer, promover y garantizar su integraci\u00f3n e inclusi\u00f3n, as\u00ed como el ejercicio efectivo de [&hellip;]<\/p>\n","protected":false},"author":1,"featured_media":16414,"comment_status":"closed","ping_status":"open","sticky":false,"template":"","format":"standard","meta":{"_seopress_robots_primary_cat":"","_seopress_titles_title":"","_seopress_titles_desc":"","_seopress_robots_index":"","footnotes":""},"categories":[135],"tags":[89,134,126,132,125],"class_list":["post-16409","post","type-post","status-publish","format-standard","has-post-thumbnail","hentry","category-salud","tag-beatriz-velez-nunez","tag-citlali-yaret-tellez-castillo","tag-guadalupe-garcia-villalva","tag-hilda-jennifer-ponce-mendoza","tag-maria-guadalupe-eguiluz-bautista"],"_links":{"self":[{"href":"https:\/\/congresogro.gob.mx\/inicio\/wp-json\/wp\/v2\/posts\/16409","targetHints":{"allow":["GET"]}}],"collection":[{"href":"https:\/\/congresogro.gob.mx\/inicio\/wp-json\/wp\/v2\/posts"}],"about":[{"href":"https:\/\/congresogro.gob.mx\/inicio\/wp-json\/wp\/v2\/types\/post"}],"author":[{"embeddable":true,"href":"https:\/\/congresogro.gob.mx\/inicio\/wp-json\/wp\/v2\/users\/1"}],"replies":[{"embeddable":true,"href":"https:\/\/congresogro.gob.mx\/inicio\/wp-json\/wp\/v2\/comments?post=16409"}],"version-history":[{"count":4,"href":"https:\/\/congresogro.gob.mx\/inicio\/wp-json\/wp\/v2\/posts\/16409\/revisions"}],"predecessor-version":[{"id":16413,"href":"https:\/\/congresogro.gob.mx\/inicio\/wp-json\/wp\/v2\/posts\/16409\/revisions\/16413"}],"wp:featuredmedia":[{"embeddable":true,"href":"https:\/\/congresogro.gob.mx\/inicio\/wp-json\/wp\/v2\/media\/16414"}],"wp:attachment":[{"href":"https:\/\/congresogro.gob.mx\/inicio\/wp-json\/wp\/v2\/media?parent=16409"}],"wp:term":[{"taxonomy":"category","embeddable":true,"href":"https:\/\/congresogro.gob.mx\/inicio\/wp-json\/wp\/v2\/categories?post=16409"},{"taxonomy":"post_tag","embeddable":true,"href":"https:\/\/congresogro.gob.mx\/inicio\/wp-json\/wp\/v2\/tags?post=16409"}],"curies":[{"name":"wp","href":"https:\/\/api.w.org\/{rel}","templated":true}]}}