{"id":16395,"date":"2026-01-26T15:33:14","date_gmt":"2026-01-26T15:33:14","guid":{"rendered":"https:\/\/congresogro.gob.mx\/inicio\/?p=16395"},"modified":"2026-01-27T15:38:25","modified_gmt":"2026-01-27T15:38:25","slug":"propone-diputada-reconocer-en-la-constitucion-el-regimen-de-municipios-indigenas-y-afromexicanos","status":"publish","type":"post","link":"https:\/\/congresogro.gob.mx\/inicio\/propone-diputada-reconocer-en-la-constitucion-el-regimen-de-municipios-indigenas-y-afromexicanos\/","title":{"rendered":"PROPONE DIPUTADA RECONOCER EN LA CONSTITUCI\u00d3N EL R\u00c9GIMEN DE MUNICIPIOS IND\u00cdGENAS Y AFROMEXICANOS"},"content":{"rendered":"\t\t<div data-elementor-type=\"wp-post\" data-elementor-id=\"16395\" class=\"elementor elementor-16395\">\n\t\t\t\t<div class=\"elementor-element elementor-element-da57b50 e-flex e-con-boxed e-con e-parent\" data-id=\"da57b50\" data-element_type=\"container\">\n\t\t\t\t\t<div class=\"e-con-inner\">\n\t\t\t\t<div class=\"elementor-element elementor-element-6c4ae3f elementor-widget elementor-widget-text-editor\" data-id=\"6c4ae3f\" data-element_type=\"widget\" data-widget_type=\"text-editor.default\">\n\t\t\t\t<div class=\"elementor-widget-container\">\n\t\t\t\t\t\t\t<p style=\"text-align: justify;\"><strong>Chilpancingo, Gro., 26 de enero de 2026.-<\/strong> La diputada Catalina Apolinar Santiago present\u00f3 dos iniciativas orientadas a fortalecer los derechos colectivos, la inclusi\u00f3n y el bienestar de las familias guerrerenses, con un enfoque de justicia social y reconocimiento a la diversidad cultural de los pueblos ind\u00edgenas y afromexicano.<\/p><p style=\"text-align: justify;\">La legisladora, integrante del Grupo Parlamentario de Morena, explic\u00f3 que la primera iniciativa propone adicionar la Secci\u00f3n II Bis denominada \u201cDel R\u00e9gimen de Municipios Ind\u00edgenas y Afromexicanos\u201d a la Constituci\u00f3n Pol\u00edtica del Estado de Guerrero, con el objetivo de reconocer constitucionalmente a estos municipios, garantizar su autonom\u00eda, preservar su identidad cultural y fortalecer sus formas propias de organizaci\u00f3n, gobierno y toma de decisiones, en congruencia con el marco constitucional federal y los tratados internacionales en materia de derechos humanos.<\/p><p style=\"text-align: justify;\">La segunda propuesta, corresponde a la Ley del Sistema P\u00fablico de Cuidados del Estado de Guerrero, que plantea la creaci\u00f3n de un sistema integral para reconocer el cuidado como un derecho humano, redistribuir esta responsabilidad entre el Estado, los municipios, las comunidades y las familias, y garantizar servicios y apoyos para personas en situaci\u00f3n de dependencia, as\u00ed como para quienes realizan labores de cuidado.<\/p><p style=\"text-align: justify;\">Se\u00f1al\u00f3 que en la entidad, al igual que en el resto del pa\u00eds, el trabajo de cuidados es invisibilizado, feminizado y carece de reconocimiento jur\u00eddico y econ\u00f3mico, siendo principalmente las mujeres quienes se dedican a esta actividad, sin acceso a empleos formales ni a seguridad social.<\/p><p style=\"text-align: justify;\">La propuesta busca establecer al Sistema P\u00fablico de Cuidados del Estado como pilar de la protecci\u00f3n social y del desarrollo con igualdad de g\u00e9nero, definiendo su estructura, competencias, mecanismos de coordinaci\u00f3n, financiamiento y formas de participaci\u00f3n social; adem\u00e1s de regular pol\u00edticas, programas, servicios y acciones orientadas a reconocer, reducir y redistribuir el trabajo de cuidados, remunerado y no remunerado, entre mujeres y hombres, familias, comunidad, sector privado y Estado. Tambi\u00e9n plantea las bases de coordinaci\u00f3n y concurrencia entre el Estado, los municipios y, en su caso, la Federaci\u00f3n, para implementar pol\u00edticas integrales de cuidados con enfoque territorial, intercultural e interseccional.<\/p><p style=\"text-align: justify;\">La diputada Catalina Apolinar agreg\u00f3 que ambas propuestas buscan saldar una deuda hist\u00f3rica con los pueblos ind\u00edgenas y afromexicanos, as\u00ed como con las mujeres y familias que han sostenido la vida desde el cuidado sin reconocimiento ni respaldo institucional, convirtiendo los derechos en estructuras reales que transformen la vida de las comunidades.<\/p><p style=\"text-align: justify;\">Finalmente, subray\u00f3 que es fundamental que el Congreso del Estado contin\u00fae cumpliendo con la responsabilidad de construir un marco jur\u00eddico que refleje la pluralidad de Guerrero y responda a su realidad social, avanzando hacia un modelo de desarrollo con justicia, igualdad sustantiva y pleno respeto a los derechos humanos.<\/p><p style=\"text-align: justify;\">La primera iniciativa fue turnada a la Comisi\u00f3n de Estudios Constitucionales y Jur\u00eddicos, y la segunda a la Comisi\u00f3n de Desarrollo y Bienestar Social, para continuar con su tr\u00e1mite legislativo.<\/p>\t\t\t\t\t\t<\/div>\n\t\t\t\t<\/div>\n\t\t\t\t\t<\/div>\n\t\t\t\t<\/div>\n\t\t\t\t<\/div>\n\t\t","protected":false},"excerpt":{"rendered":"<p>Chilpancingo, Gro., 26 de enero de 2026.- La diputada Catalina Apolinar Santiago present\u00f3 dos iniciativas orientadas a fortalecer los derechos colectivos, la inclusi\u00f3n y el bienestar de las familias guerrerenses, con un enfoque de justicia social y reconocimiento a la diversidad cultural de los pueblos ind\u00edgenas y afromexicano. La legisladora, integrante del Grupo Parlamentario de [&hellip;]<\/p>\n","protected":false},"author":1,"featured_media":16396,"comment_status":"closed","ping_status":"open","sticky":false,"template":"","format":"standard","meta":{"_seopress_robots_primary_cat":"","_seopress_titles_title":"","_seopress_titles_desc":"","_seopress_robots_index":"","footnotes":""},"categories":[172,93],"tags":[105],"class_list":["post-16395","post","type-post","status-publish","format-standard","has-post-thumbnail","hentry","category-desarrollo-y-bienestar-social","category-estudios-constitucionales-y-juridicos","tag-catalina-apolinar-santiago"],"_links":{"self":[{"href":"https:\/\/congresogro.gob.mx\/inicio\/wp-json\/wp\/v2\/posts\/16395","targetHints":{"allow":["GET"]}}],"collection":[{"href":"https:\/\/congresogro.gob.mx\/inicio\/wp-json\/wp\/v2\/posts"}],"about":[{"href":"https:\/\/congresogro.gob.mx\/inicio\/wp-json\/wp\/v2\/types\/post"}],"author":[{"embeddable":true,"href":"https:\/\/congresogro.gob.mx\/inicio\/wp-json\/wp\/v2\/users\/1"}],"replies":[{"embeddable":true,"href":"https:\/\/congresogro.gob.mx\/inicio\/wp-json\/wp\/v2\/comments?post=16395"}],"version-history":[{"count":4,"href":"https:\/\/congresogro.gob.mx\/inicio\/wp-json\/wp\/v2\/posts\/16395\/revisions"}],"predecessor-version":[{"id":16401,"href":"https:\/\/congresogro.gob.mx\/inicio\/wp-json\/wp\/v2\/posts\/16395\/revisions\/16401"}],"wp:featuredmedia":[{"embeddable":true,"href":"https:\/\/congresogro.gob.mx\/inicio\/wp-json\/wp\/v2\/media\/16396"}],"wp:attachment":[{"href":"https:\/\/congresogro.gob.mx\/inicio\/wp-json\/wp\/v2\/media?parent=16395"}],"wp:term":[{"taxonomy":"category","embeddable":true,"href":"https:\/\/congresogro.gob.mx\/inicio\/wp-json\/wp\/v2\/categories?post=16395"},{"taxonomy":"post_tag","embeddable":true,"href":"https:\/\/congresogro.gob.mx\/inicio\/wp-json\/wp\/v2\/tags?post=16395"}],"curies":[{"name":"wp","href":"https:\/\/api.w.org\/{rel}","templated":true}]}}