{"id":15862,"date":"2025-11-23T01:16:57","date_gmt":"2025-11-23T01:16:57","guid":{"rendered":"https:\/\/congresogro.gob.mx\/inicio\/?p=15862"},"modified":"2025-11-24T01:19:12","modified_gmt":"2025-11-24T01:19:12","slug":"propone-diputada-fortalecer-la-semujer-guerrero-y-alinearla-a-politica-nacional-impulsada-por-la-presidencia","status":"publish","type":"post","link":"https:\/\/congresogro.gob.mx\/inicio\/propone-diputada-fortalecer-la-semujer-guerrero-y-alinearla-a-politica-nacional-impulsada-por-la-presidencia\/","title":{"rendered":"PROPONE DIPUTADA FORTALECER LA SEMUJER GUERRERO Y ALINEARLA A POL\u00cdTICA NACIONAL IMPULSADA POR LA PRESIDENCIA"},"content":{"rendered":"\t\t<div data-elementor-type=\"wp-post\" data-elementor-id=\"15862\" class=\"elementor elementor-15862\">\n\t\t\t\t<div class=\"elementor-element elementor-element-d99cf08 e-flex e-con-boxed e-con e-parent\" data-id=\"d99cf08\" data-element_type=\"container\">\n\t\t\t\t\t<div class=\"e-con-inner\">\n\t\t\t\t<div class=\"elementor-element elementor-element-68fdb05 elementor-widget elementor-widget-text-editor\" data-id=\"68fdb05\" data-element_type=\"widget\" data-widget_type=\"text-editor.default\">\n\t\t\t\t<div class=\"elementor-widget-container\">\n\t\t\t\t\t\t\t<p style=\"text-align: justify;\"><strong>Chilpancingo, Gro., 23 de noviembre de 2025.-<\/strong> La diputada Gloria Citlali Calixto Jim\u00e9nez, integrante del Grupo Parlamentario de Morena, present\u00f3 una iniciativa de reformas a la Ley N\u00famero 553 de Acceso de las Mujeres a una Vida Libre de Violencia, con el prop\u00f3sito de actualizar las atribuciones de la Secretar\u00eda de la Mujer Guerrero y alinearlas con la nueva pol\u00edtica nacional impulsada por la presidenta de la Rep\u00fablica.<\/p><p style=\"text-align: justify;\">Al exponer en tribuna el objetivo de la reforma explic\u00f3 que se busca armonizar el marco jur\u00eddico estatal con la reciente creaci\u00f3n de la Secretar\u00eda de las Mujeres del Gobierno de M\u00e9xico, responsable de implementar la pol\u00edtica nacional en igualdad sustantiva, prevenci\u00f3n y erradicaci\u00f3n de las violencias, as\u00ed como del sistema de cuidados y la reconfiguraci\u00f3n institucional que establece nuevos est\u00e1ndares de coordinaci\u00f3n, evaluaci\u00f3n y actuaci\u00f3n para todas las entidades federativas.<\/p><p style=\"text-align: justify;\">Asimismo, la iniciativa plantea fortalecer el papel de la Secretar\u00eda de la Mujer Guerrero dentro del Sistema Estatal para Prevenir, Atender, Sancionar y Erradicar la Violencia contra las Mujeres, incorporando funciones actualizadas para dise\u00f1ar, coordinar y monitorear pol\u00edticas p\u00fablicas con perspectiva de g\u00e9nero, derechos humanos e interseccionalidad.<\/p><p style=\"text-align: justify;\">Tambi\u00e9n se propone modernizar las denominaciones y atribuciones de diversas dependencias que integran dicho Sistema, conforme a la normativa estatal vigente, garantizar una pol\u00edtica integral y articulada que permita mejorar la prevenci\u00f3n, atenci\u00f3n y protecci\u00f3n de ni\u00f1as, adolescentes y mujeres, adem\u00e1s de asegurar una coordinaci\u00f3n efectiva entre los tres \u00f3rdenes de gobierno y fortalecer la capacidad institucional del Estado para enfrentar las violencias de g\u00e9nero.<\/p><p style=\"text-align: justify;\">Por \u00faltimo, la diputada recalc\u00f3 que con esta iniciativa se reafirma el compromiso con la construcci\u00f3n de un marco jur\u00eddico moderno, eficaz y alineado a la pol\u00edtica nacional para garantizar a las mujeres guerrerenses una vida plena, libre de violencias y con acceso efectivo a sus derechos.<\/p><p style=\"text-align: justify;\">La Comisi\u00f3n Para la Igualdad de G\u00e9nero, analiza esta iniciativa de reforma y darle continuidad a la respectiva dictaminaci\u00f3n.<\/p>\t\t\t\t\t\t<\/div>\n\t\t\t\t<\/div>\n\t\t\t\t\t<\/div>\n\t\t\t\t<\/div>\n\t\t\t\t<\/div>\n\t\t","protected":false},"excerpt":{"rendered":"<p>Chilpancingo, Gro., 23 de noviembre de 2025.- La diputada Gloria Citlali Calixto Jim\u00e9nez, integrante del Grupo Parlamentario de Morena, present\u00f3 una iniciativa de reformas a la Ley N\u00famero 553 de Acceso de las Mujeres a una Vida Libre de Violencia, con el prop\u00f3sito de actualizar las atribuciones de la Secretar\u00eda de la Mujer Guerrero y [&hellip;]<\/p>\n","protected":false},"author":1,"featured_media":15863,"comment_status":"closed","ping_status":"open","sticky":false,"template":"","format":"standard","meta":{"_seopress_robots_primary_cat":"","_seopress_titles_title":"","_seopress_titles_desc":"","_seopress_robots_index":"","footnotes":""},"categories":[175],"tags":[94],"class_list":["post-15862","post","type-post","status-publish","format-standard","has-post-thumbnail","hentry","category-igualdad-de-genero","tag-gloria-citlali-calixto-jimenez"],"_links":{"self":[{"href":"https:\/\/congresogro.gob.mx\/inicio\/wp-json\/wp\/v2\/posts\/15862","targetHints":{"allow":["GET"]}}],"collection":[{"href":"https:\/\/congresogro.gob.mx\/inicio\/wp-json\/wp\/v2\/posts"}],"about":[{"href":"https:\/\/congresogro.gob.mx\/inicio\/wp-json\/wp\/v2\/types\/post"}],"author":[{"embeddable":true,"href":"https:\/\/congresogro.gob.mx\/inicio\/wp-json\/wp\/v2\/users\/1"}],"replies":[{"embeddable":true,"href":"https:\/\/congresogro.gob.mx\/inicio\/wp-json\/wp\/v2\/comments?post=15862"}],"version-history":[{"count":4,"href":"https:\/\/congresogro.gob.mx\/inicio\/wp-json\/wp\/v2\/posts\/15862\/revisions"}],"predecessor-version":[{"id":15867,"href":"https:\/\/congresogro.gob.mx\/inicio\/wp-json\/wp\/v2\/posts\/15862\/revisions\/15867"}],"wp:featuredmedia":[{"embeddable":true,"href":"https:\/\/congresogro.gob.mx\/inicio\/wp-json\/wp\/v2\/media\/15863"}],"wp:attachment":[{"href":"https:\/\/congresogro.gob.mx\/inicio\/wp-json\/wp\/v2\/media?parent=15862"}],"wp:term":[{"taxonomy":"category","embeddable":true,"href":"https:\/\/congresogro.gob.mx\/inicio\/wp-json\/wp\/v2\/categories?post=15862"},{"taxonomy":"post_tag","embeddable":true,"href":"https:\/\/congresogro.gob.mx\/inicio\/wp-json\/wp\/v2\/tags?post=15862"}],"curies":[{"name":"wp","href":"https:\/\/api.w.org\/{rel}","templated":true}]}}