{"id":15238,"date":"2025-10-09T17:11:06","date_gmt":"2025-10-09T17:11:06","guid":{"rendered":"https:\/\/congresogro.gob.mx\/inicio\/?p=15238"},"modified":"2025-10-10T17:13:47","modified_gmt":"2025-10-10T17:13:47","slug":"inicia-con-jovenes-de-la-montana-seleccion-para-el-parlamento-juvenil-guerrero-2025","status":"publish","type":"post","link":"https:\/\/congresogro.gob.mx\/inicio\/inicia-con-jovenes-de-la-montana-seleccion-para-el-parlamento-juvenil-guerrero-2025\/","title":{"rendered":"INICIA CON J\u00d3VENES DE LA MONTA\u00d1A SELECCI\u00d3N PARA EL PARLAMENTO JUVENIL GUERRERO 2025"},"content":{"rendered":"\t\t<div data-elementor-type=\"wp-post\" data-elementor-id=\"15238\" class=\"elementor elementor-15238\">\n\t\t\t\t<div class=\"elementor-element elementor-element-59311c5 e-flex e-con-boxed e-con e-parent\" data-id=\"59311c5\" data-element_type=\"container\">\n\t\t\t\t\t<div class=\"e-con-inner\">\n\t\t\t\t<div class=\"elementor-element elementor-element-a1f8974 elementor-widget elementor-widget-text-editor\" data-id=\"a1f8974\" data-element_type=\"widget\" data-widget_type=\"text-editor.default\">\n\t\t\t\t<div class=\"elementor-widget-container\">\n\t\t\t\t\t\t\t<p style=\"text-align: justify;\"><strong>Chilpancingo, Gro; 09 de octubre de 2025.-<\/strong> El Congreso de Guerrero, a trav\u00e9s de la Comisi\u00f3n de la Juventud y el Deporte, en coordinaci\u00f3n con la Secretar\u00eda de la Juventud y la Ni\u00f1ez del Gobierno del Estado,y del Instituto Electoral y de Participaci\u00f3n Ciudadana del Estado de Guerrero (IEPC Guerrero), realiz\u00f3 el Primer Encuentro Regional Virtual de Selecci\u00f3n de las y los J\u00f3venes que representar\u00e1n a la Regi\u00f3n Monta\u00f1a en el Parlamento Juvenil Guerrero 2025, a realizarse el 13 y 14 de noviembre en el Sal\u00f3n de Plenos del Poder Legislativo, quedando electas y electos: In\u00e9s Moreno Gaspar, Melani Merlin Elmes, Ulises Ra\u00fal Ram\u00edrez Villegas y Miguel \u00c1ngel Rodr\u00edguez Santiago.<\/p><p style=\"text-align: justify;\">Dicha actividad se desarroll\u00f3 de manera h\u00edbrida, ya que las y los representantes de las instituciones estuvieron presentes en las instalaciones del Congreso local.<\/p><p style=\"text-align: justify;\">Al dar un mensaje, el diputado Jorge Iv\u00e1n Ortega Jim\u00e9nez, presidente de la Comisi\u00f3n de la Juventud y el Deporte, manifest\u00f3 que el Parlamento Juvenil representa una valiosa plataforma de participaci\u00f3n y aprendizaje c\u00edvico que impulsa a las juventudes a involucrarse en la transformaci\u00f3n de su entorno.<\/p><p style=\"text-align: justify;\">Destac\u00f3 que en este ejercicio que fomenta el liderazgo, la reflexi\u00f3n y el compromiso social, tuvo un registro de 221 aspirantes de las ocho regiones de la entidad, adem\u00e1s de que la convocatoria cumple con el principio de paridad y refleja la voluntad de la juventud por contribuir a la construcci\u00f3n de un mejor Guerrero.<\/p><p style=\"text-align: justify;\">En su oportunidad, el diputado Edgar Ventura de la Cruz, vocal de dicho organo legislativo, reconoci\u00f3 la amplia participaci\u00f3n para representar a la regi\u00f3n Monta\u00f1a en el Parlamento Juvenil 2025, ya que dijo que est\u00e9 espacio permitir\u00e1 escuchar las ideas para hacer un cambio generacional en favor de Guerrero.<\/p><p style=\"text-align: justify;\">El secretario de la Juventud y la Ni\u00f1ez, Carlos S\u00e1nchez Garc\u00eda, reconoci\u00f3 el compromiso y el trabajo interinstitucional que se est\u00e1 realizando; asimismo, hizo extensivo su reconocimiento a las y los j\u00f3venes participantes en el proceso de selecci\u00f3n, ya que, dijo, es una oportunidad para que se involucren en la vida democr\u00e1tica y participativa, as\u00ed como presentar sus propuestas de soluci\u00f3n a diversas situaciones en favor de las juventudes guerrerenses.<\/p><p style=\"text-align: justify;\">Por su parte, la consejera presidenta del IEPC Guerrero, Luz Fabiola Matildes Gama, resalt\u00f3 que el Parlamento Juvenil es un espacio que permite el di\u00e1logo, el debate y la deliberaci\u00f3n sobre los temas que interesan a las juventudes guerrerenses, celebr\u00f3 el entusiasmo y explic\u00f3 que el parlamento abordar\u00e1 mesas tem\u00e1ticas como g\u00e9nero y diversidad, migraci\u00f3n, identidad de pueblos originarios y afrodescendientes, derechos culturales, arte, ciencia y tecnolog\u00eda, seguridad social, adicciones, derechos sexuales y reproductivos, acceso a la justicia y uso de inteligencia artificial.<\/p><p style=\"text-align: justify;\">El Parlamento Juvenil Guerrero 2025 en esta fase continuar\u00e1 sus encuentros regionales en las siguientes semanas hasta el 30 de octubre, a fin de integrar a las y los representantes de todas las regiones que ser\u00e1n la voz en este encuentro.<\/p><p style=\"text-align: justify;\">Participaron tambi\u00e9n en la actividad, la consejera presidenta de la Comisi\u00f3n de Educaci\u00f3n C\u00edvica del IEPC Guerrero, Alejandra Sandoval Catal\u00e1n; el director Ejecutivo de Educaci\u00f3n C\u00edvica y Participaci\u00f3n Ciudadana, Alberto Granda Villalva, el coordinador Jorge Armando Leyva Fuentes, en representaci\u00f3n del diputado Jes\u00fas Uri\u00f3stegui Garc\u00eda, Jos\u00e9 Antonio Soto Corona,\u00a0entre\u00a0otros.\u00a0<\/p>\t\t\t\t\t\t<\/div>\n\t\t\t\t<\/div>\n\t\t\t\t\t<\/div>\n\t\t\t\t<\/div>\n\t\t\t\t<\/div>\n\t\t","protected":false},"excerpt":{"rendered":"<p>Chilpancingo, Gro; 09 de octubre de 2025.- El Congreso de Guerrero, a trav\u00e9s de la Comisi\u00f3n de la Juventud y el Deporte, en coordinaci\u00f3n con la Secretar\u00eda de la Juventud y la Ni\u00f1ez del Gobierno del Estado,y del Instituto Electoral y de Participaci\u00f3n Ciudadana del Estado de Guerrero (IEPC Guerrero), realiz\u00f3 el Primer Encuentro Regional [&hellip;]<\/p>\n","protected":false},"author":1,"featured_media":15243,"comment_status":"closed","ping_status":"open","sticky":false,"template":"","format":"standard","meta":{"_seopress_robots_primary_cat":"","_seopress_titles_title":"","_seopress_titles_desc":"","_seopress_robots_index":"","footnotes":""},"categories":[180],"tags":[88,83],"class_list":["post-15238","post","type-post","status-publish","format-standard","has-post-thumbnail","hentry","category-juventud-y-el-deporte","tag-edgar-ventura-de-la-cruz","tag-jorge-ivan-ortega-jimenez"],"_links":{"self":[{"href":"https:\/\/congresogro.gob.mx\/inicio\/wp-json\/wp\/v2\/posts\/15238","targetHints":{"allow":["GET"]}}],"collection":[{"href":"https:\/\/congresogro.gob.mx\/inicio\/wp-json\/wp\/v2\/posts"}],"about":[{"href":"https:\/\/congresogro.gob.mx\/inicio\/wp-json\/wp\/v2\/types\/post"}],"author":[{"embeddable":true,"href":"https:\/\/congresogro.gob.mx\/inicio\/wp-json\/wp\/v2\/users\/1"}],"replies":[{"embeddable":true,"href":"https:\/\/congresogro.gob.mx\/inicio\/wp-json\/wp\/v2\/comments?post=15238"}],"version-history":[{"count":4,"href":"https:\/\/congresogro.gob.mx\/inicio\/wp-json\/wp\/v2\/posts\/15238\/revisions"}],"predecessor-version":[{"id":15242,"href":"https:\/\/congresogro.gob.mx\/inicio\/wp-json\/wp\/v2\/posts\/15238\/revisions\/15242"}],"wp:featuredmedia":[{"embeddable":true,"href":"https:\/\/congresogro.gob.mx\/inicio\/wp-json\/wp\/v2\/media\/15243"}],"wp:attachment":[{"href":"https:\/\/congresogro.gob.mx\/inicio\/wp-json\/wp\/v2\/media?parent=15238"}],"wp:term":[{"taxonomy":"category","embeddable":true,"href":"https:\/\/congresogro.gob.mx\/inicio\/wp-json\/wp\/v2\/categories?post=15238"},{"taxonomy":"post_tag","embeddable":true,"href":"https:\/\/congresogro.gob.mx\/inicio\/wp-json\/wp\/v2\/tags?post=15238"}],"curies":[{"name":"wp","href":"https:\/\/api.w.org\/{rel}","templated":true}]}}