{"id":13946,"date":"2025-05-28T20:47:40","date_gmt":"2025-05-28T20:47:40","guid":{"rendered":"https:\/\/congresogro.gob.mx\/inicio\/?p=13946"},"modified":"2025-09-25T15:56:50","modified_gmt":"2025-09-25T15:56:50","slug":"exhorta-el-congreso-a-conagua-semarnat-y-profepa-a-regular-flujo-de-laguna-de-mitla-y-disenar-plan-de-recuperacion","status":"publish","type":"post","link":"https:\/\/congresogro.gob.mx\/inicio\/exhorta-el-congreso-a-conagua-semarnat-y-profepa-a-regular-flujo-de-laguna-de-mitla-y-disenar-plan-de-recuperacion\/","title":{"rendered":"EXHORTA EL CONGRESO A CONAGUA, SEMARNAT Y PROFEPA A REGULAR FLUJO DE LAGUNA DE MITLA Y DISE\u00d1AR PLAN DE RECUPERACI\u00d3N"},"content":{"rendered":"\t\t<div data-elementor-type=\"wp-post\" data-elementor-id=\"13946\" class=\"elementor elementor-13946\">\n\t\t\t\t<div class=\"elementor-element elementor-element-68f4a0f e-flex e-con-boxed e-con e-parent\" data-id=\"68f4a0f\" data-element_type=\"container\">\n\t\t\t\t\t<div class=\"e-con-inner\">\n\t\t\t\t<div class=\"elementor-element elementor-element-61e5726 elementor-widget elementor-widget-text-editor\" data-id=\"61e5726\" data-element_type=\"widget\" data-widget_type=\"text-editor.default\">\n\t\t\t\t<div class=\"elementor-widget-container\">\n\t\t\t\t\t\t\t<p style=\"text-align: justify;\"><strong>Chilpancingo, Gro., 28 de mayo de 2025.-<\/strong> El Congreso del Estado exhort\u00f3 al Gobierno Federal, particularmente a la Comisi\u00f3n Nacional del Agua (CONAGUA), a la Secretar\u00eda de Medio Ambiente y Recursos Naturales (SEMARNAT) y a la Procuradur\u00eda Federal de Protecci\u00f3n al Ambiente (PROFEPA), a coordinar esfuerzos con el Gobierno de Guerrero para tomar medidas urgentes que logren regular el flujo de agua en la Laguna de Mitla y dise\u00f1en un plan de restauraci\u00f3n ecol\u00f3gica que garantice la recuperaci\u00f3n de este ecosistema clave para la regi\u00f3n.<br \/><br \/>Luego de aprobar un dictamen, que emiti\u00f3 la Comisi\u00f3n del Agua, Infraestructura y Recursos Hidr\u00e1ulicos, a partir de una propuesta de la diputada Mar\u00eda de Jes\u00fas Galeana Radilla, se menciona que con este exhorto se pretende coadyuvar a resolver la problem\u00e1tica de sequ\u00eda que enfrenta dicha laguna, ubicada en las inmediaciones de diversas comunidades de los municipios de Coyuca de Ben\u00edtez y Atoyac de \u00c1lvarez, que ha reducido dr\u00e1sticamente sus niveles de agua, afectando a m\u00e1s de 200 familias cuya principal fuente de ingreso es la pesca.<br \/><br \/>Por lo que tambi\u00e9n se solicita a la Secretar\u00eda de Bienestar coordinar esfuerzos con el Gobierno de Guerrero a trav\u00e9s de sus Secretar\u00edas del Bienestar, del Trabajo y Previsi\u00f3n Social y de Fomento y Desarrollo Econ\u00f3mico para implementar acciones conjuntas y oportunas, dentro del \u00e1mbito de sus competencias, para otorgar apoyos econ\u00f3micos subsidiarios y explorar programas de empleo temporal que contribuyan a la recuperaci\u00f3n de los medios de vida de las personas, familias y comunidades de la Laguna de Mitla.<br \/><br \/>Tambi\u00e9n se exhorta al Gobierno de Guerrero, a trav\u00e9s de las Secretar\u00edas de Medio Ambiente y Recursos Naturales y de Gesti\u00f3n Integral de Riesgos y Protecci\u00f3n Civil, a ejecutar acciones de mitigaci\u00f3n en la zona de la Laguna, a coordinarse con el Gobierno Federal para la implementaci\u00f3n de un plan de restauraci\u00f3n ecol\u00f3gica e impulsar mecanismos, instrumentos y procedimientos para prevenir y atender la eventualidad del riesgo o peligro que representa la crisis de la laguna.<br \/><br \/>Adem\u00e1s, se exhortar a los Gobiernos municipales de Atoyac de \u00c1lvarez y Coyuca de Ben\u00edtez para que implementen programas de apoyo directo a los afectados y a coordinar esfuerzos con las instancias estatales y federales para la evaluaci\u00f3n del manejo de los recursos h\u00eddricos en la regi\u00f3n, en el \u00e1mbito de sus respectivas competencias.<br \/><br \/>El dictamen, que fue aprobado por unanimidad, fue fundamentado por diputado Alejandro Carabias Icaza, presidente de la Comisi\u00f3n del Agua, Infraestructura y Recursos Hidr\u00e1ulicos.<br \/><br \/>El diputado Vladimir Barrera Fuerte razon\u00f3 su voto a favor del dictamen se\u00f1alando que los gobiernos estatal y federal han emprendido diversas acciones y entregado insumos a pescadores para mitigar los da\u00f1os causados por las mareas de fondo en los cuerpos lagunares.<br \/><br \/>Asimismo, destac\u00f3 la importancia de incluir a la Laguna de Mitla en el programa de dragados que realizar\u00e1 el Gobierno Federal.<\/p><p style=\"text-align: justify;\"><strong>Intervenciones<\/strong><\/p><p style=\"text-align: justify;\">Las diputadas Marisol Baz\u00e1n Fern\u00e1ndez y Deyanira Uribe Cuevas intervinieron con motivo del D\u00eda Internacional de la Dignidad Menstrual, que se conmemorar el 28 de mayo.<\/p><p style=\"text-align: justify;\">Los diputados Alejandro Carabias Icaza y Joaqu\u00edn Badillo Escamilla y las diputadas Mar\u00eda del Pilar Vadillo Ruiz y Erika Lorena L\u00fchrs Cort\u00e9s intervinieron con el tema: reflexiones para Acapulco, en relaci\u00f3n al evento denominado Acamoto.<\/p><p style=\"text-align: justify;\">Las diputadas Araceli Ocampo Manzanares y Leticia Mosso Hern\u00e1ndez, as\u00ed como el diputado Joaqu\u00edn Badillo Escamilla, intervinieron con el tema: Tr\u00e1fico de armas provenientes de los Estados Unidos.\u00a0\u00a0<\/p>\t\t\t\t\t\t<\/div>\n\t\t\t\t<\/div>\n\t\t\t\t\t<\/div>\n\t\t\t\t<\/div>\n\t\t\t\t<\/div>\n\t\t","protected":false},"excerpt":{"rendered":"<p>Chilpancingo, Gro., 28 de mayo de 2025.- El Congreso del Estado exhort\u00f3 al Gobierno Federal, particularmente a la Comisi\u00f3n Nacional del Agua (CONAGUA), a la Secretar\u00eda de Medio Ambiente y Recursos Naturales (SEMARNAT) y a la Procuradur\u00eda Federal de Protecci\u00f3n al Ambiente (PROFEPA), a coordinar esfuerzos con el Gobierno de Guerrero para tomar medidas urgentes [&hellip;]<\/p>\n","protected":false},"author":1,"featured_media":13947,"comment_status":"closed","ping_status":"open","sticky":false,"template":"","format":"standard","meta":{"_seopress_robots_primary_cat":"","_seopress_titles_title":"","_seopress_titles_desc":"","_seopress_robots_index":"","footnotes":""},"categories":[186],"tags":[81],"class_list":["post-13946","post","type-post","status-publish","format-standard","has-post-thumbnail","hentry","category-agua-infraestructura-y-recursos-hidraulicos","tag-alejandro-carabias-icaza"],"_links":{"self":[{"href":"https:\/\/congresogro.gob.mx\/inicio\/wp-json\/wp\/v2\/posts\/13946","targetHints":{"allow":["GET"]}}],"collection":[{"href":"https:\/\/congresogro.gob.mx\/inicio\/wp-json\/wp\/v2\/posts"}],"about":[{"href":"https:\/\/congresogro.gob.mx\/inicio\/wp-json\/wp\/v2\/types\/post"}],"author":[{"embeddable":true,"href":"https:\/\/congresogro.gob.mx\/inicio\/wp-json\/wp\/v2\/users\/1"}],"replies":[{"embeddable":true,"href":"https:\/\/congresogro.gob.mx\/inicio\/wp-json\/wp\/v2\/comments?post=13946"}],"version-history":[{"count":4,"href":"https:\/\/congresogro.gob.mx\/inicio\/wp-json\/wp\/v2\/posts\/13946\/revisions"}],"predecessor-version":[{"id":13951,"href":"https:\/\/congresogro.gob.mx\/inicio\/wp-json\/wp\/v2\/posts\/13946\/revisions\/13951"}],"wp:featuredmedia":[{"embeddable":true,"href":"https:\/\/congresogro.gob.mx\/inicio\/wp-json\/wp\/v2\/media\/13947"}],"wp:attachment":[{"href":"https:\/\/congresogro.gob.mx\/inicio\/wp-json\/wp\/v2\/media?parent=13946"}],"wp:term":[{"taxonomy":"category","embeddable":true,"href":"https:\/\/congresogro.gob.mx\/inicio\/wp-json\/wp\/v2\/categories?post=13946"},{"taxonomy":"post_tag","embeddable":true,"href":"https:\/\/congresogro.gob.mx\/inicio\/wp-json\/wp\/v2\/tags?post=13946"}],"curies":[{"name":"wp","href":"https:\/\/api.w.org\/{rel}","templated":true}]}}