{"id":13919,"date":"2025-05-27T15:28:47","date_gmt":"2025-05-27T15:28:47","guid":{"rendered":"https:\/\/congresogro.gob.mx\/inicio\/?p=13919"},"modified":"2025-09-25T15:56:50","modified_gmt":"2025-09-25T15:56:50","slug":"plantea-diputada-exhortar-a-la-cfe-y-a-la-cne-aplicar-tarifa-1f-y-mejorar-red-electrica-en-la-costa-chica","status":"publish","type":"post","link":"https:\/\/congresogro.gob.mx\/inicio\/plantea-diputada-exhortar-a-la-cfe-y-a-la-cne-aplicar-tarifa-1f-y-mejorar-red-electrica-en-la-costa-chica\/","title":{"rendered":"PLANTEA DIPUTADA EXHORTAR A LA CFE Y A LA CNE APLICAR TARIFA 1F Y MEJORAR RED EL\u00c9CTRICA EN LA COSTA CHICA"},"content":{"rendered":"\t\t<div data-elementor-type=\"wp-post\" data-elementor-id=\"13919\" class=\"elementor elementor-13919\">\n\t\t\t\t<div class=\"elementor-element elementor-element-0f96897 e-flex e-con-boxed e-con e-parent\" data-id=\"0f96897\" data-element_type=\"container\">\n\t\t\t\t\t<div class=\"e-con-inner\">\n\t\t\t\t<div class=\"elementor-element elementor-element-8c3ada5 elementor-widget elementor-widget-text-editor\" data-id=\"8c3ada5\" data-element_type=\"widget\" data-widget_type=\"text-editor.default\">\n\t\t\t\t<div class=\"elementor-widget-container\">\n\t\t\t\t\t\t\t<p style=\"text-align: justify;\"><strong>Chilpancingo, Gro., 27 de mayo de 2025.-<\/strong> La diputada Claudia Sierra P\u00e9rez propuso exhortar a la Comisi\u00f3n Federal de Electricidad (CFE) y a la Comisi\u00f3n Nacional de Energ\u00eda para que consideren la implementaci\u00f3n de la Tarifa Preferencial 1F en los hogares de los municipios que integran la regi\u00f3n de la Costa Chica de Guerrero.<\/p><p style=\"text-align: justify;\">En el acuerdo que se turn\u00f3 a la Comisi\u00f3n de Hacienda, la diputada tambi\u00e9n propone exhortar a la CFE, para que a la brevedad se realicen los trabajos de mejora y mantenimiento preventivo y correctivo, a la red de transmisi\u00f3n, distribuci\u00f3n y suministro de energ\u00eda el\u00e9ctrica en los municipios de la regi\u00f3n de la Costa Chica, para eficientar este servicio b\u00e1sico que esta empresa proporciona y evitar los incidentes de los apagones en cada temporada de lluvias.<\/p><p style=\"text-align: justify;\">La diputada expres\u00f3 que al aplicarse la tarifa 1F los hogares tendr\u00e1n mayor subsidio en el pago de sus recibos bimestrales de luz, lo que ayudar\u00e1 directamente los bolsillos de las madres y padres de familia de esta regi\u00f3n, donde la pobreza es parte de la cotidianidad.<\/p><p style=\"text-align: justify;\">Adem\u00e1s, argument\u00f3 que en temporada de lluvias los hogares guerrerenses y particularmente los de la Regi\u00f3n Costa Chica, sufren constantemente apagones por el mal estado de las l\u00edneas de transmisi\u00f3n y distribuci\u00f3n de energ\u00eda el\u00e9ctrica de la CFE, que llevan d\u00e9cadas sin mantenimiento preventivo y correctivo.<\/p><p style=\"text-align: justify;\">\u201cEstos apagones se vuelven eventos comunes, surgiendo reclamos y protestas de la ciudadan\u00eda que se ven afectados en los da\u00f1os de sus electrodom\u00e9sticos y alimentos que requieren refrigeraci\u00f3n. Adem\u00e1s, no solo perturban la cotidianidad de los habitantes, sino que tambi\u00e9n ponen en riesgo la actividad econ\u00f3mica de emprendedores y empresarios y cortan toda conectividad y comunicaci\u00f3n, quedando pueblos enteros incomunicados, muchas veces, hasta semanas\u201d, dijo Claudia Sierra.<\/p><p style=\"text-align: justify;\">Por estas razones la diputada considera pertinente exhortar a la CFE para que contemple a los hogares de esta regi\u00f3n y sean beneficiados con la tarifa preferencial 1F, que es la m\u00e1s baja del espectro el\u00e9ctrico nacional, lo que vendr\u00e1 a favorecer los bolsillos de los sectores y grupos m\u00e1s vulnerables, como los campesinos, pueblos ind\u00edgenas y afromexicanos que ah\u00ed habitan.<\/p>\t\t\t\t\t\t<\/div>\n\t\t\t\t<\/div>\n\t\t\t\t\t<\/div>\n\t\t\t\t<\/div>\n\t\t\t\t<\/div>\n\t\t","protected":false},"excerpt":{"rendered":"<p>Chilpancingo, Gro., 27 de mayo de 2025.- La diputada Claudia Sierra P\u00e9rez propuso exhortar a la Comisi\u00f3n Federal de Electricidad (CFE) y a la Comisi\u00f3n Nacional de Energ\u00eda para que consideren la implementaci\u00f3n de la Tarifa Preferencial 1F en los hogares de los municipios que integran la regi\u00f3n de la Costa Chica de Guerrero. En [&hellip;]<\/p>\n","protected":false},"author":1,"featured_media":13920,"comment_status":"closed","ping_status":"open","sticky":false,"template":"","format":"standard","meta":{"_seopress_robots_primary_cat":"","_seopress_titles_title":"","_seopress_titles_desc":"","_seopress_robots_index":"","footnotes":""},"categories":[188],"tags":[99],"class_list":["post-13919","post","type-post","status-publish","format-standard","has-post-thumbnail","hentry","category-hacienda","tag-claudia-sierra-perez"],"_links":{"self":[{"href":"https:\/\/congresogro.gob.mx\/inicio\/wp-json\/wp\/v2\/posts\/13919","targetHints":{"allow":["GET"]}}],"collection":[{"href":"https:\/\/congresogro.gob.mx\/inicio\/wp-json\/wp\/v2\/posts"}],"about":[{"href":"https:\/\/congresogro.gob.mx\/inicio\/wp-json\/wp\/v2\/types\/post"}],"author":[{"embeddable":true,"href":"https:\/\/congresogro.gob.mx\/inicio\/wp-json\/wp\/v2\/users\/1"}],"replies":[{"embeddable":true,"href":"https:\/\/congresogro.gob.mx\/inicio\/wp-json\/wp\/v2\/comments?post=13919"}],"version-history":[{"count":4,"href":"https:\/\/congresogro.gob.mx\/inicio\/wp-json\/wp\/v2\/posts\/13919\/revisions"}],"predecessor-version":[{"id":13924,"href":"https:\/\/congresogro.gob.mx\/inicio\/wp-json\/wp\/v2\/posts\/13919\/revisions\/13924"}],"wp:featuredmedia":[{"embeddable":true,"href":"https:\/\/congresogro.gob.mx\/inicio\/wp-json\/wp\/v2\/media\/13920"}],"wp:attachment":[{"href":"https:\/\/congresogro.gob.mx\/inicio\/wp-json\/wp\/v2\/media?parent=13919"}],"wp:term":[{"taxonomy":"category","embeddable":true,"href":"https:\/\/congresogro.gob.mx\/inicio\/wp-json\/wp\/v2\/categories?post=13919"},{"taxonomy":"post_tag","embeddable":true,"href":"https:\/\/congresogro.gob.mx\/inicio\/wp-json\/wp\/v2\/tags?post=13919"}],"curies":[{"name":"wp","href":"https:\/\/api.w.org\/{rel}","templated":true}]}}