{"id":13365,"date":"2025-04-18T18:20:59","date_gmt":"2025-04-18T18:20:59","guid":{"rendered":"https:\/\/congresogro.gob.mx\/inicio\/?p=13365"},"modified":"2025-09-25T15:58:37","modified_gmt":"2025-09-25T15:58:37","slug":"propone-diputado-reconversion-de-la-termoelectrica-de-petacalco-por-contaminacion-y-enfermedades","status":"publish","type":"post","link":"https:\/\/congresogro.gob.mx\/inicio\/propone-diputado-reconversion-de-la-termoelectrica-de-petacalco-por-contaminacion-y-enfermedades\/","title":{"rendered":"PROPONE DIPUTADO RECONVERSI\u00d3N DE LA TERMOEL\u00c9CTRICA DE PETACALCO POR CONTAMINACI\u00d3N Y ENFERMEDADES"},"content":{"rendered":"\t\t<div data-elementor-type=\"wp-post\" data-elementor-id=\"13365\" class=\"elementor elementor-13365\">\n\t\t\t\t<div class=\"elementor-element elementor-element-452ce4b e-flex e-con-boxed e-con e-parent\" data-id=\"452ce4b\" data-element_type=\"container\">\n\t\t\t\t\t<div class=\"e-con-inner\">\n\t\t\t\t<div class=\"elementor-element elementor-element-1fe680d elementor-widget elementor-widget-text-editor\" data-id=\"1fe680d\" data-element_type=\"widget\" data-widget_type=\"text-editor.default\">\n\t\t\t\t<div class=\"elementor-widget-container\">\n\t\t\t\t\t\t\t<p style=\"text-align: justify;\"><strong>Chilpancingo, Gro., 18 de abril de 2025.-<\/strong> El diputado Alejandro Carabias Icaza present\u00f3 un punto de acuerdo para exhortar a la Secretar\u00eda de Energ\u00eda (SENER) y a la Comisi\u00f3n de Electricidad (CFE) que realicen la reconversi\u00f3n de la central termoel\u00e9ctrica \u201cPlutarco El\u00edas Calles\u201d, ubicada en la comunidad de Petacalco, municipio de La Uni\u00f3n Montes de Oca, a carb\u00f3n a gas natural bajo un esquema de transici\u00f3n energ\u00e9tica sostenible, o se realice el decomisionamiento o cierre seguro, ordenado y ambientalmente responsable, bajo un plan de acciones apegadas a los est\u00e1ndares nacionales e internacionales.<\/p><p style=\"text-align: justify;\">En tribuna, el diputado coordinador del Grupo Parlamentario del Partido Verde Ecol\u00f3gica de M\u00e9xico (PVEM) explic\u00f3 que durante d\u00e9cadas la actividad industrial ha usado el carb\u00f3n como combustible para la operaci\u00f3n de la termoel\u00e9ctrica, pese a que es altamente contaminante, puesto que es una de las principales fuentes de emisiones de gases de efecto invernadero como el di\u00f3xido de carbono que contribuye al cambio clim\u00e1tico, as\u00ed como el di\u00f3xido de azufre y \u00f3xidos de nitr\u00f3geno altamente nocivos para la salud, ocasionando enfermedades respiratorias y cardiovasculares, c\u00e1ncer y pulmonares obstructivas cr\u00f3nicas que se derivan en bronquitis o enfisema.<\/p><p style=\"text-align: justify;\">Dijo que estos datos son revelados en un informe de la Secretar\u00eda de Salud estatal realizado en el 2022, que reflej\u00f3 que la termoel\u00e9ctrica es la principal fuente de enfermedades respiratorias en la regi\u00f3n que en los \u00faltimos a\u00f1os han ido en aumento hasta en un 16 por ciento, datos que se confirman en el Informe de monitoreo de la calidad del aire y exposici\u00f3n personal en la poblaci\u00f3n de Petacalco, elaborado por el Instituto Nacional de Ecolog\u00eda y Cambio Clim\u00e1tico (INECC) en el 2023.<\/p><p style=\"text-align: justify;\">Carabias Icaza resalt\u00f3 que la contaminaci\u00f3n que genera la termoel\u00e9ctrica tambi\u00e9n afecta la vida silvestre y los recursos naturales que la rodea entre las que se encuentran tortugas marinas, cocodrilos y peces que mueren con el impacto de la planta en el ecosistema acu\u00e1tico. As\u00edmismo, la central es responsable del 69% del consumo de agua de todo el estado.<\/p><p style=\"text-align: justify;\">Por lo anterior, recalc\u00f3 que no se puede seguir ignorando el problema y por eso se hace el llamado a la SENER y a la CFE para que tomen acciones para que el gas natural sea una alternativa para el cuidado del medio ambiente y dar un paso significativo hacia un futuro m\u00e1s limpio y saludable.<\/p><p style=\"text-align: justify;\">La propuesta de acuerdo parlamentario fue turnada a la Comisi\u00f3n Unidas de Recursos Naturales, Desarrollo Sustentable y Cambio Clim\u00e1tico y de Salud para su tr\u00e1mite legislativo.<\/p>\t\t\t\t\t\t<\/div>\n\t\t\t\t<\/div>\n\t\t\t\t\t<\/div>\n\t\t\t\t<\/div>\n\t\t\t\t<\/div>\n\t\t","protected":false},"excerpt":{"rendered":"<p>Chilpancingo, Gro., 18 de abril de 2025.- El diputado Alejandro Carabias Icaza present\u00f3 un punto de acuerdo para exhortar a la Secretar\u00eda de Energ\u00eda (SENER) y a la Comisi\u00f3n de Electricidad (CFE) que realicen la reconversi\u00f3n de la central termoel\u00e9ctrica \u201cPlutarco El\u00edas Calles\u201d, ubicada en la comunidad de Petacalco, municipio de La Uni\u00f3n Montes de [&hellip;]<\/p>\n","protected":false},"author":1,"featured_media":13366,"comment_status":"closed","ping_status":"open","sticky":false,"template":"","format":"standard","meta":{"_seopress_robots_primary_cat":"","_seopress_titles_title":"","_seopress_titles_desc":"","_seopress_robots_index":"","footnotes":""},"categories":[178,135],"tags":[81],"class_list":["post-13365","post","type-post","status-publish","format-standard","has-post-thumbnail","hentry","category-recursos-naturales-desarrollo-sustentable-y-cambio-climatico","category-salud","tag-alejandro-carabias-icaza"],"_links":{"self":[{"href":"https:\/\/congresogro.gob.mx\/inicio\/wp-json\/wp\/v2\/posts\/13365","targetHints":{"allow":["GET"]}}],"collection":[{"href":"https:\/\/congresogro.gob.mx\/inicio\/wp-json\/wp\/v2\/posts"}],"about":[{"href":"https:\/\/congresogro.gob.mx\/inicio\/wp-json\/wp\/v2\/types\/post"}],"author":[{"embeddable":true,"href":"https:\/\/congresogro.gob.mx\/inicio\/wp-json\/wp\/v2\/users\/1"}],"replies":[{"embeddable":true,"href":"https:\/\/congresogro.gob.mx\/inicio\/wp-json\/wp\/v2\/comments?post=13365"}],"version-history":[{"count":4,"href":"https:\/\/congresogro.gob.mx\/inicio\/wp-json\/wp\/v2\/posts\/13365\/revisions"}],"predecessor-version":[{"id":13370,"href":"https:\/\/congresogro.gob.mx\/inicio\/wp-json\/wp\/v2\/posts\/13365\/revisions\/13370"}],"wp:featuredmedia":[{"embeddable":true,"href":"https:\/\/congresogro.gob.mx\/inicio\/wp-json\/wp\/v2\/media\/13366"}],"wp:attachment":[{"href":"https:\/\/congresogro.gob.mx\/inicio\/wp-json\/wp\/v2\/media?parent=13365"}],"wp:term":[{"taxonomy":"category","embeddable":true,"href":"https:\/\/congresogro.gob.mx\/inicio\/wp-json\/wp\/v2\/categories?post=13365"},{"taxonomy":"post_tag","embeddable":true,"href":"https:\/\/congresogro.gob.mx\/inicio\/wp-json\/wp\/v2\/tags?post=13365"}],"curies":[{"name":"wp","href":"https:\/\/api.w.org\/{rel}","templated":true}]}}