{"id":12384,"date":"2025-02-05T16:17:29","date_gmt":"2025-02-05T16:17:29","guid":{"rendered":"https:\/\/congresogro.gob.mx\/inicio\/?p=12384"},"modified":"2025-09-25T16:00:18","modified_gmt":"2025-09-25T16:00:18","slug":"pide-diputada-que-se-actualicen-planes-de-desarrollo-municipal-en-guerrero","status":"publish","type":"post","link":"https:\/\/congresogro.gob.mx\/inicio\/pide-diputada-que-se-actualicen-planes-de-desarrollo-municipal-en-guerrero\/","title":{"rendered":"PIDE DIPUTADA QUE SE ACTUALICEN PLANES DE DESARROLLO MUNICIPAL EN GUERRERO"},"content":{"rendered":"\t\t<div data-elementor-type=\"wp-post\" data-elementor-id=\"12384\" class=\"elementor elementor-12384\">\n\t\t\t\t<div class=\"elementor-element elementor-element-5c83911 e-flex e-con-boxed e-con e-parent\" data-id=\"5c83911\" data-element_type=\"container\">\n\t\t\t\t\t<div class=\"e-con-inner\">\n\t\t\t\t<div class=\"elementor-element elementor-element-18a0b83 elementor-widget elementor-widget-text-editor\" data-id=\"18a0b83\" data-element_type=\"widget\" data-widget_type=\"text-editor.default\">\n\t\t\t\t<div class=\"elementor-widget-container\">\n\t\t\t\t\t\t\t<p style=\"text-align: justify;\"><strong>Chilpancingo, Gro., 05 de febrero de 2025.-<\/strong> La diputada Violeta Mart\u00ednez Pacheco (Morena) present\u00f3 un exhorto a los Ayuntamientos que a\u00fan no cuentan con Planes de Desarrollo Municipal, para que formulen, actualicen, revisen, modifiquen y, en su caso, aprueben dichos programas en los t\u00e9rminos de la Ley de Asentamientos Humanos, Ordenamiento Territorial y Desarrollo Urbano del Estado de Guerrero.<\/p><p style=\"text-align: justify;\">En un Punto de Acuerdo que se turn\u00f3 a la Comisi\u00f3n de Desarrollo Urbano y Obras P\u00fablicas para su an\u00e1lisis, la diputada se\u00f1ala que la Ley de Asentamientos Humanos, Ordenamiento Territorial y Desarrollo Urbano establece que los ayuntamientos podr\u00e1n formular, actualizar, revisar, modificar y aprobar sus planes o programas de desarrollo urbano, as\u00ed como los Atlas de Riesgo municipales en el primer a\u00f1o de su administraci\u00f3n.<\/p><p style=\"text-align: justify;\">Resalt\u00f3 que dichos planes son una herramienta que sirve para orientar la planificaci\u00f3n y el desarrollo de un municipio con el prop\u00f3sito de mejorar la calidad de vida de sus habitantes, as\u00ed como su entorno.<\/p><p style=\"text-align: justify;\">La legisladora refiri\u00f3 que un adecuado Plan Municipal de Desarrollo Urbano debe establecer con claridad las pol\u00edticas, estrategias y objetivos para el desarrollo urbano de cada municipio, por eso se debe cumplir con la Ley al elaborarlo determinando la zonificaci\u00f3n del territorio, los destinos del suelo, las normas de uso y aprovechamiento del suelo, planeaci\u00f3n de acciones de conservaci\u00f3n, mejoramiento y crecimiento de los centros de poblaci\u00f3n y orienten la actividad econ\u00f3mica para obtener el m\u00e1ximo beneficio social.<\/p><p style=\"text-align: justify;\">Adem\u00e1s, agreg\u00f3 que deben dejar establecido de manera clara, exacta y precisa las reglas para poder regular y orientar el desarrollo urbano en cada municipio, promover la inversi\u00f3n p\u00fablica y privada, organizar el trabajo de la administraci\u00f3n p\u00fablica municipal en materia de urbanizaci\u00f3n y concertar actividades con organizaciones e interesados en el desarrollo del municipio.<\/p><p style=\"text-align: justify;\">Asimismo, deben incluir proyectos de inversi\u00f3n p\u00fablica y privada, obras y acciones regionales que detonen la adecuada urbanizaci\u00f3n de cada una de sus zonas poblacionales, infraestructura hidr\u00e1ulica, sanitaria y el\u00e9ctrica en beneficio de sus habitantes, as\u00ed como el\u00a0 desarrollo econ\u00f3mico que, a partir de la adecuada planeaci\u00f3n urban\u00edstica municipal, se logre en beneficio de su poblaci\u00f3n, y reglas estrictas e inflexibles de protecci\u00f3n y conservaci\u00f3n del medio ambiente.<\/p><p style=\"text-align: justify;\">En el Plan tambi\u00e9n se debe asegurar la participaci\u00f3n ciudadana y vecinal, en raz\u00f3n del derecho humano y de informaci\u00f3n de los ciudadanos de participar y tener acceso a la informaci\u00f3n en materia medioambiental, a trav\u00e9s de foros ciudadanos donde se expongan y escuchen las propuestas y opiniones.<\/p><p style=\"text-align: justify;\"><strong>Iniciativa<\/strong><\/p><p style=\"text-align: justify;\">El diputado Marco Tulio S\u00e1nchez Alarc\u00f3n propuso adicionar el C\u00f3digo Civil del Estado para establecer que cuando una donaci\u00f3n implique la totalidad de los bienes del donante, y tenga 60 a\u00f1os o m\u00e1s, se le garantice el usufructo vitalicio de dichos bienes.<\/p><p style=\"text-align: justify;\">La propuesta que se turn\u00f3 a la Comisi\u00f3n de Justicia busca que los notarios incluyan obligatoriamente esta cl\u00e1usula en los instrumentos de donaci\u00f3n para asegurar que la persona adulta mayor conserve el derecho de uso y disfrute de su patrimonio durante toda su vida.<\/p><p style=\"text-align: justify;\"><strong>Acuerdo<\/strong><\/p><p style=\"text-align: justify;\">El diputado Jhobanny Jim\u00e9nez Mendoza (PVEM) present\u00f3 un exhorto a los titulares de la Comisi\u00f3n de Agua Potable, Alcantarillado y Saneamiento del Estado de Guerrero y de la Comisi\u00f3n de Agua Potable y Alcantarillado de Chilpancingo para que, de manera coordinada, realicen acciones de limpieza y desazolve del R\u00edo Huacapa en Chilpancingo.<\/p><p style=\"text-align: justify;\">El documento se turn\u00f3 a la Comisi\u00f3n de Desarrollo Urbano y Obras P\u00fablicas para su an\u00e1lisis, discusi\u00f3n y emisi\u00f3n del dictamen correspondiente.<\/p><p style=\"text-align: justify;\"><strong>Intervenciones<\/strong><\/p><p style=\"text-align: justify;\">La diputada Beatriz V\u00e9lez N\u00fa\u00f1ez (PRI), al intervenir sobre el \u201cD\u00eda Mundial de la Lucha contra el C\u00e1ncer\u201d, manifest\u00f3 que esta enfermedad representa una de las principales causas de muerte en M\u00e9xico y que la detecci\u00f3n temprana es clave para salvar vidas.<\/p><p style=\"text-align: justify;\">Refiri\u00f3 que, de acuerdo con datos oficiales, el c\u00e1ncer de mama es la principal causa de muerte en mujeres mayores de 60 a\u00f1os, mientras que el de pr\u00f3stata es el m\u00e1s frecuente en hombres y la leucemia afecta principalmente a j\u00f3venes, por eso subray\u00f3 la importancia de fortalecer la prevenci\u00f3n, el acceso a tratamientos y la investigaci\u00f3n m\u00e9dica, as\u00ed como garantizar apoyo emocional a pacientes y familias.<\/p><p style=\"text-align: justify;\">Finalmente, hizo un llamado a la unidad y al compromiso de todas las fuerzas pol\u00edticas representadas en el Congreso del Estado para impulsar pol\u00edticas p\u00fablicas que mejoren la atenci\u00f3n oncol\u00f3gica en Guerrero.<\/p><p style=\"text-align: justify;\">Sobre el mismo tema intervinieron las diputadas Violeta Mart\u00ednez Pacheco y Mar\u00eda de Jes\u00fas Galeana Radilla.<\/p><p style=\"text-align: justify;\">Al intervenir en el marco del CVIII Aniversario de la Promulgaci\u00f3n de la Constituci\u00f3n Pol\u00edtica de los Estados Unidos Mexicanos, la diputada Erika Lorena L\u00fchrs Cort\u00e9s (MC) destac\u00f3 la importancia de este documento como pilar de la justicia, la equidad y la libertad en el pa\u00eds, subrayando que la Constituci\u00f3n de 1917 ha sido testigo de las luchas sociales y transformaciones pol\u00edticas que han marcado la historia de M\u00e9xico.<\/p><p style=\"text-align: justify;\">Enfatiz\u00f3 que sus principios fundamentales, como el derecho a la educaci\u00f3n, la salud y la igualdad, deben ser protegidos y defendidos.<\/p><p style=\"text-align: justify;\">Mencion\u00f3 que desde su promulgaci\u00f3n la Constituci\u00f3n ha sido reformada en 770 ocasiones para responder a los desaf\u00edos de cada \u00e9poca, por lo que hizo un llamado a la unidad y al compromiso para seguir construyendo un M\u00e9xico m\u00e1s justo e incluyente.<\/p><p style=\"text-align: justify;\">Intervinieron sobre el tema las diputadas Marisol Baz\u00e1n Fern\u00e1ndez, Beatriz V\u00e9lez N\u00fa\u00f1ez y Mar\u00eda de Jes\u00fas Galeana Radilla, adem\u00e1s del diputado Pablo Amilcar Sandoval Ballesteros.<\/p>\t\t\t\t\t\t<\/div>\n\t\t\t\t<\/div>\n\t\t\t\t\t<\/div>\n\t\t\t\t<\/div>\n\t\t\t\t<\/div>\n\t\t","protected":false},"excerpt":{"rendered":"<p>Chilpancingo, Gro., 05 de febrero de 2025.- La diputada Violeta Mart\u00ednez Pacheco (Morena) present\u00f3 un exhorto a los Ayuntamientos que a\u00fan no cuentan con Planes de Desarrollo Municipal, para que formulen, actualicen, revisen, modifiquen y, en su caso, aprueben dichos programas en los t\u00e9rminos de la Ley de Asentamientos Humanos, Ordenamiento Territorial y Desarrollo Urbano [&hellip;]<\/p>\n","protected":false},"author":1,"featured_media":12386,"comment_status":"closed","ping_status":"open","sticky":false,"template":"","format":"standard","meta":{"_seopress_robots_primary_cat":"","_seopress_titles_title":"","_seopress_titles_desc":"","_seopress_robots_index":"","footnotes":""},"categories":[160,136],"tags":[89,82,161,112,117,115,102,127],"class_list":["post-12384","post","type-post","status-publish","format-standard","has-post-thumbnail","hentry","category-desarrollo-urbano-y-obras-publicas","category-justicia","tag-beatriz-velez-nunez","tag-erika-lorena-luhrs-cortes","tag-jhobanny-jimenez-mendoza","tag-marco-tulio-sanchez-alarcon","tag-maria-de-jesus-galeana-radilla","tag-marisol-bazan-fernandez","tag-pablo-amilcar-sandoval-ballesteros","tag-violeta-martinez-pacheco"],"_links":{"self":[{"href":"https:\/\/congresogro.gob.mx\/inicio\/wp-json\/wp\/v2\/posts\/12384","targetHints":{"allow":["GET"]}}],"collection":[{"href":"https:\/\/congresogro.gob.mx\/inicio\/wp-json\/wp\/v2\/posts"}],"about":[{"href":"https:\/\/congresogro.gob.mx\/inicio\/wp-json\/wp\/v2\/types\/post"}],"author":[{"embeddable":true,"href":"https:\/\/congresogro.gob.mx\/inicio\/wp-json\/wp\/v2\/users\/1"}],"replies":[{"embeddable":true,"href":"https:\/\/congresogro.gob.mx\/inicio\/wp-json\/wp\/v2\/comments?post=12384"}],"version-history":[{"count":4,"href":"https:\/\/congresogro.gob.mx\/inicio\/wp-json\/wp\/v2\/posts\/12384\/revisions"}],"predecessor-version":[{"id":12389,"href":"https:\/\/congresogro.gob.mx\/inicio\/wp-json\/wp\/v2\/posts\/12384\/revisions\/12389"}],"wp:featuredmedia":[{"embeddable":true,"href":"https:\/\/congresogro.gob.mx\/inicio\/wp-json\/wp\/v2\/media\/12386"}],"wp:attachment":[{"href":"https:\/\/congresogro.gob.mx\/inicio\/wp-json\/wp\/v2\/media?parent=12384"}],"wp:term":[{"taxonomy":"category","embeddable":true,"href":"https:\/\/congresogro.gob.mx\/inicio\/wp-json\/wp\/v2\/categories?post=12384"},{"taxonomy":"post_tag","embeddable":true,"href":"https:\/\/congresogro.gob.mx\/inicio\/wp-json\/wp\/v2\/tags?post=12384"}],"curies":[{"name":"wp","href":"https:\/\/api.w.org\/{rel}","templated":true}]}}