{"id":11877,"date":"2024-12-06T16:42:33","date_gmt":"2024-12-06T16:42:33","guid":{"rendered":"https:\/\/congresogro.gob.mx\/inicio\/?p=11877"},"modified":"2025-09-25T16:00:40","modified_gmt":"2025-09-25T16:00:40","slug":"proponen-ley-para-la-proteccion-y-promocion-de-la-lactancia-materna","status":"publish","type":"post","link":"https:\/\/congresogro.gob.mx\/inicio\/proponen-ley-para-la-proteccion-y-promocion-de-la-lactancia-materna\/","title":{"rendered":"PROPONEN LEY PARA LA PROTECCI\u00d3N Y PROMOCI\u00d3N DE LA LACTANCIA MATERNA"},"content":{"rendered":"\t\t<div data-elementor-type=\"wp-post\" data-elementor-id=\"11877\" class=\"elementor elementor-11877\">\n\t\t\t\t<div class=\"elementor-element elementor-element-26ca5a1 e-flex e-con-boxed e-con e-parent\" data-id=\"26ca5a1\" data-element_type=\"container\">\n\t\t\t\t\t<div class=\"e-con-inner\">\n\t\t\t\t<div class=\"elementor-element elementor-element-1eefb28 elementor-widget elementor-widget-text-editor\" data-id=\"1eefb28\" data-element_type=\"widget\" data-widget_type=\"text-editor.default\">\n\t\t\t\t<div class=\"elementor-widget-container\">\n\t\t\t\t\t\t\t<iframe src=\"https:\/\/creators.spotify.com\/pod\/show\/congresogro\/embed\/episodes\/Diputada-propone-Ley-para-proteger-y-promover-la-lactancia-materna-en-Guerrero-e2sfblf\/a-abmh9ud\" height=\"190px\" width=\"400px\" frameborder=\"0\" scrolling=\"no\"><\/iframe>\t\t\t\t\t\t<\/div>\n\t\t\t\t<\/div>\n\t\t\t\t<div class=\"elementor-element elementor-element-3dda03d elementor-widget elementor-widget-text-editor\" data-id=\"3dda03d\" data-element_type=\"widget\" data-widget_type=\"text-editor.default\">\n\t\t\t\t<div class=\"elementor-widget-container\">\n\t\t\t\t\t\t\t<p style=\"text-align: justify;\"><strong>Chilpancingo, Gro., 06 de diciembre de 2024.-<\/strong> La diputada Leticia Mosso Hern\u00e1ndez present\u00f3 una iniciativa de Ley para la Protecci\u00f3n, Apoyo y Promoci\u00f3n de la Lactancia Materna del Estado, donde se establecen medidas que constituyen a esta pr\u00e1ctica como el cimiento de la alimentaci\u00f3n y nutrici\u00f3n de las personas.<\/p><p style=\"text-align: justify;\">Al exponer los motivos de su iniciativa, la diputada integrante del Partido del Trabajo expuso que la lactancia materna es un acto fundamental que no s\u00f3lo proporciona los nutrientes esenciales para el crecimiento y desarrollo saludable de los infantes, sino que tambi\u00e9n establece un v\u00ednculo emocional entre la madre y el beb\u00e9.<\/p><p style=\"text-align: justify;\">Sin embargo, indic\u00f3 que en la entidad, como en otras partes del pa\u00eds, las tasas de lactancia materna exclusiva son a\u00fan insuficientes, lo que plantea un desaf\u00edo significativo para la salud p\u00fablica y el bienestar social, y ante ello, es necesario implementar una legislaci\u00f3n que promueva, proteja y apoye esta pr\u00e1ctica vital.<\/p><p style=\"text-align: justify;\">La legisladora se\u00f1al\u00f3 que la Organizaci\u00f3n Mundial de la Salud y la UNICEF recomiendan la lactancia materna exclusiva durante los primeros 6 meses de vida y su continuidad junto con alimentos complementarios hasta los 2 a\u00f1os o m\u00e1s.<\/p><p style=\"text-align: justify;\">Adem\u00e1s, refiri\u00f3 que la evidencia cient\u00edfica demuestra que esta pr\u00e1ctica reduce el riesgo de infecciones, enfermedades cr\u00f3nicas y muertes infantiles, contribuyendo al desarrollo cognitivo y emocional del ni\u00f1o.<\/p><p style=\"text-align: justify;\">Resalt\u00f3 que uno de los problemas m\u00e1s significativos para la lactancia materna es la falta de informaci\u00f3n y concienciaci\u00f3n, porque muchas futuras madres no reciben la educaci\u00f3n adecuada sobre la importancia de la lactancia materna durante el embarazo, lo que conlleva a tomar decisiones que no benefician ni a ellas ni a sus beb\u00e9s.<\/p><p style=\"text-align: justify;\">Asegur\u00f3 tambi\u00e9n que muchas madres enfrentan dificultades con el tiempo y espacios adecuados para amamantar o extraer leche en sus lugares de trabajo, por lo que es esencial que las pol\u00edticas laborales resuelvan esta problem\u00e1tica.<\/p><p style=\"text-align: justify;\">Esta propuesta se turn\u00f3 a la Comisi\u00f3n de Salud del Congreso del Estado para su correspondiente an\u00e1lisis y dictaminaci\u00f3n.<\/p>\t\t\t\t\t\t<\/div>\n\t\t\t\t<\/div>\n\t\t\t\t\t<\/div>\n\t\t\t\t<\/div>\n\t\t<div class=\"elementor-element elementor-element-0ee2e6d e-flex e-con-boxed e-con e-parent\" data-id=\"0ee2e6d\" data-element_type=\"container\">\n\t\t\t\t\t<div class=\"e-con-inner\">\n\t\t\t\t<div class=\"elementor-element elementor-element-6cb393e elementor-widget elementor-widget-video\" data-id=\"6cb393e\" data-element_type=\"widget\" data-settings=\"{&quot;youtube_url&quot;:&quot;https:\\\/\\\/www.youtube.com\\\/watch?v=k6wecJi68u8&amp;ab_channel=CongresodelEstadodeGuerrero&quot;,&quot;lazy_load&quot;:&quot;yes&quot;,&quot;video_type&quot;:&quot;youtube&quot;,&quot;controls&quot;:&quot;yes&quot;}\" data-widget_type=\"video.default\">\n\t\t\t\t<div class=\"elementor-widget-container\">\n\t\t\t\t\t<div class=\"elementor-wrapper elementor-open-inline\">\n\t\t\t<div class=\"elementor-video\"><\/div>\t\t<\/div>\n\t\t\t\t<\/div>\n\t\t\t\t<\/div>\n\t\t\t\t\t<\/div>\n\t\t\t\t<\/div>\n\t\t\t\t<\/div>\n\t\t","protected":false},"excerpt":{"rendered":"<p>Chilpancingo, Gro., 06 de diciembre de 2024.- La diputada Leticia Mosso Hern\u00e1ndez present\u00f3 una iniciativa de Ley para la Protecci\u00f3n, Apoyo y Promoci\u00f3n de la Lactancia Materna del Estado, donde se establecen medidas que constituyen a esta pr\u00e1ctica como el cimiento de la alimentaci\u00f3n y nutrici\u00f3n de las personas. Al exponer los motivos de su [&hellip;]<\/p>\n","protected":false},"author":1,"featured_media":11879,"comment_status":"closed","ping_status":"open","sticky":false,"template":"","format":"standard","meta":{"_seopress_robots_primary_cat":"","_seopress_titles_title":"","_seopress_titles_desc":"","_seopress_robots_index":"","footnotes":""},"categories":[135],"tags":[79],"class_list":["post-11877","post","type-post","status-publish","format-standard","has-post-thumbnail","hentry","category-salud","tag-leticia-mosso-hernandez"],"_links":{"self":[{"href":"https:\/\/congresogro.gob.mx\/inicio\/wp-json\/wp\/v2\/posts\/11877","targetHints":{"allow":["GET"]}}],"collection":[{"href":"https:\/\/congresogro.gob.mx\/inicio\/wp-json\/wp\/v2\/posts"}],"about":[{"href":"https:\/\/congresogro.gob.mx\/inicio\/wp-json\/wp\/v2\/types\/post"}],"author":[{"embeddable":true,"href":"https:\/\/congresogro.gob.mx\/inicio\/wp-json\/wp\/v2\/users\/1"}],"replies":[{"embeddable":true,"href":"https:\/\/congresogro.gob.mx\/inicio\/wp-json\/wp\/v2\/comments?post=11877"}],"version-history":[{"count":10,"href":"https:\/\/congresogro.gob.mx\/inicio\/wp-json\/wp\/v2\/posts\/11877\/revisions"}],"predecessor-version":[{"id":12094,"href":"https:\/\/congresogro.gob.mx\/inicio\/wp-json\/wp\/v2\/posts\/11877\/revisions\/12094"}],"wp:featuredmedia":[{"embeddable":true,"href":"https:\/\/congresogro.gob.mx\/inicio\/wp-json\/wp\/v2\/media\/11879"}],"wp:attachment":[{"href":"https:\/\/congresogro.gob.mx\/inicio\/wp-json\/wp\/v2\/media?parent=11877"}],"wp:term":[{"taxonomy":"category","embeddable":true,"href":"https:\/\/congresogro.gob.mx\/inicio\/wp-json\/wp\/v2\/categories?post=11877"},{"taxonomy":"post_tag","embeddable":true,"href":"https:\/\/congresogro.gob.mx\/inicio\/wp-json\/wp\/v2\/tags?post=11877"}],"curies":[{"name":"wp","href":"https:\/\/api.w.org\/{rel}","templated":true}]}}