{"id":11871,"date":"2024-12-05T16:38:47","date_gmt":"2024-12-05T16:38:47","guid":{"rendered":"https:\/\/congresogro.gob.mx\/inicio\/?p=11871"},"modified":"2025-09-25T16:00:40","modified_gmt":"2025-09-25T16:00:40","slug":"es-impostergable-asumir-compromisos-para-el-cuidado-del-medio-ambiente-resuelven-en-comparecencia-de-titular-de-la-semaren","status":"publish","type":"post","link":"https:\/\/congresogro.gob.mx\/inicio\/es-impostergable-asumir-compromisos-para-el-cuidado-del-medio-ambiente-resuelven-en-comparecencia-de-titular-de-la-semaren\/","title":{"rendered":"ES IMPOSTERGABLE ASUMIR COMPROMISOS PARA EL CUIDADO DEL MEDIO AMBIENTE, RESUELVEN EN COMPARECENCIA DE TITULAR DE LA SEMAREN"},"content":{"rendered":"\t\t<div data-elementor-type=\"wp-post\" data-elementor-id=\"11871\" class=\"elementor elementor-11871\">\n\t\t\t\t<div class=\"elementor-element elementor-element-d6906c9 e-flex e-con-boxed e-con e-parent\" data-id=\"d6906c9\" data-element_type=\"container\">\n\t\t\t\t\t<div class=\"e-con-inner\">\n\t\t\t\t<div class=\"elementor-element elementor-element-c945f7b elementor-widget elementor-widget-text-editor\" data-id=\"c945f7b\" data-element_type=\"widget\" data-widget_type=\"text-editor.default\">\n\t\t\t\t<div class=\"elementor-widget-container\">\n\t\t\t\t\t\t\t<iframe src=\"https:\/\/creators.spotify.com\/pod\/show\/congresogro\/embed\/episodes\/Impostergable-asumir-compromisos-ambientales-comparecencia-del-titular-de-la-Semaren-e2sfbf3\/a-abmh9mm\" height=\"190px\" width=\"400px\" frameborder=\"0\" scrolling=\"no\"><\/iframe>\t\t\t\t\t\t<\/div>\n\t\t\t\t<\/div>\n\t\t\t\t<div class=\"elementor-element elementor-element-1dc62a8 elementor-widget elementor-widget-text-editor\" data-id=\"1dc62a8\" data-element_type=\"widget\" data-widget_type=\"text-editor.default\">\n\t\t\t\t<div class=\"elementor-widget-container\">\n\t\t\t\t\t\t\t<p style=\"text-align: justify;\"><strong>Chilpancingo, Gro., 05 de diciembre de 2024.- <\/strong>Guerrero es una entidad con una amplia riqueza natural, pero hay preocupaci\u00f3n por las alteraciones al cambio clim\u00e1tico a causa del calentamiento global, cuyas consecuencias son altamente devastadoras y tr\u00e1gicas, y ante esto, es impostergable que gobiernos y sociedad en su conjunto adquieran conciencia y asuman el compromiso firme de cuidar el medio ambiente.<\/p><p style=\"text-align: justify;\">Esto durante la comparecencia del titular de la Secretar\u00eda de Medio Ambiente y Recursos Naturales, \u00c1ngel Almaz\u00e1n Ju\u00e1rez, con motivo de la Glosa del Tercer Informe de Gobierno, ante diputadas y diputados integrantes de las Comisiones de Recursos Naturales, Desarrollo Sustentable y Cambio Clim\u00e1tico; del Agua, Infraestructura y Recursos Hidr\u00e1ulicos, y de los Pueblos y Comunidades Ind\u00edgenas y Afromexicanos del Congreso del Estado.<\/p><p style=\"text-align: justify;\">Al dar la bienvenida al funcionario, resaltaron que su presencia en el Congreso es un testimonio del compromiso que comparten los Poderes Legislativo y Ejecutivo en la b\u00fasqueda de un desarrollo sostenible y responsable para Guerrero.<\/p><p style=\"text-align: justify;\">Destacaron que los desastres ambientales, como huracanes, inundaciones, incendios forestales, sequ\u00edas, terremotos, entre otros, afectan constantemente al estado, en gran medida por pr\u00e1cticas humanas que est\u00e1n prohibidas por ley.<\/p><p style=\"text-align: justify;\">En ese sentido, remarcaron que la Semaren desempe\u00f1a un papel crucial en la protecci\u00f3n de los ecosistemas, la conservaci\u00f3n de la biodiversidad y la gesti\u00f3n sostenible de los vastos recursos naturales con que cuenta el estado, pero para el efecto es imperativo que se implementen pol\u00edticas efectivas que no s\u00f3lo promuevan el desarrollo econ\u00f3mico, sino que tambi\u00e9n aseguren la preservaci\u00f3n del entorno natural para las futuras generaciones.<\/p><p style=\"text-align: justify;\">Asimismo, reconocieron que la dependencia ha estado en la primera l\u00ednea de la lucha contra los fen\u00f3menos clim\u00e1ticos extremos, enfrentando problem\u00e1ticas que requieren la atenci\u00f3n y colaboraci\u00f3n de todas las instituciones. En ese tenor, adelantaron que el Congreso abogar\u00e1 por un financiamiento adecuado para que se puedan implementar proyectos de conservaci\u00f3n y sostenibilidad que beneficien a la entidad.<\/p><p style=\"text-align: justify;\">Enfatizaron tambi\u00e9n que la desigualdad social agrava la crisis ambiental, y como resultado las comunidades m\u00e1s vulnerables sufren en mayor medida las consecuencias de los desastres, por ello es importante darle un enfoque integral a las pol\u00edticas p\u00fablicas en la materia, que consideren tanto la justicia social como la protecci\u00f3n del medio ambiente, garantizando que todas y todos tengan acceso a un entorno saludable y recursos naturales.<\/p><p style=\"text-align: justify;\">Se plante\u00f3 tambi\u00e9n la necesidad de retomar lo bueno del pasado, actualizarlo y modernizarlo, para lo cual es importante trabajar de manera conjunta con los municipios, escuelas y familias, a trav\u00e9s de la concientizaci\u00f3n, el reciclaje y la separaci\u00f3n de residuos s\u00f3lidos en favor del medio ambiente.<\/p><p style=\"text-align: justify;\">Los cuestionamientos versaron en qu\u00e9 acciones lleva a cabo la dependencia para sensibilizar y generar la participaci\u00f3n de la poblaci\u00f3n sobre los efectos del cambio clim\u00e1tico; cu\u00e1les son los rubros que han sido afectados por el recorte aplicado para atender los huracanes Otis y John; cu\u00e1ntas personas se beneficiaron con el Programa de Producci\u00f3n de Planta para el Rescate de los Ecosistemas Degradados; qu\u00e9 acciones ha realizado la secretar\u00eda para atender la problem\u00e1tica de la Laguna de Chautengo; qu\u00e9 avances tiene la solicitud para que el cerro del Huixteco y Las Granadas del municipio de Taxco sean consideradas \u00e1reas protegidas; cu\u00e1les han sido los avances sobre el Programa de Ordenamiento Ecol\u00f3gico territorial en la regi\u00f3n Norte; qu\u00e9 medidas se adoptan para evitar que el crecimiento urbano siga invadiendo los espacios ecol\u00f3gicos; c\u00f3mo supervisan la explotaci\u00f3n de la madera y recursos naturales, y acciones para la reforestaci\u00f3n; cu\u00e1les son las medidas y retos que enfrenta para prevenir los incendios; qu\u00e9 impacto han tenido las 40 medidas de mitigaci\u00f3n del cambio clim\u00e1tico, y las 5 rutas de adaptaci\u00f3n implementadas; qu\u00e9 impacto ha tenido el incremento \u00e1reas naturales protegidas, y c\u00f3mo se garantiza la participaci\u00f3n activa de las comunidades en su conservaci\u00f3n, entre otros.<\/p><p style=\"text-align: justify;\">Coordin\u00f3 los trabajos la diputada Obdulia Naranjo Cabrera (PVEM),\u00a0 presidenta de la Comisi\u00f3n de Recursos Naturales y Cambio Clim\u00e1tico, acompa\u00f1ada del diputado Alejandro Carabias Icaza (PVEM), presidente de la Comisi\u00f3n del Agua, Infraestructura y Recursos Hidr\u00e1ulicos y la diputada Catalina Apolinar Santiago (Morena), presidenta de la Comisi\u00f3n de Pueblos y Comunidades Ind\u00edgenas y Afromexicanas, as\u00ed como las diputadas Mar\u00eda Irene Montiel Serv\u00edn (PAN), Pilar Vadillo Ruiz (PRI), Marisol Baz\u00e1n Fern\u00e1ndez (Morena), Violeta Mart\u00ednez Pacheco (Morena); los diputados P\u00e1nfilo S\u00e1nchez Almaz\u00e1n (PT), Robell Uri\u00f3stegui Pati\u00f1o (PRD), H\u00e9ctor Suarez Basurto (Morena), Alejandro Bravo Abarca (PRI), Vladimir Barrera Fuerte (PRI) y como invitado especial el presidente de la Mesa Directiva, diputado Jes\u00fas Parra Garc\u00eda.<\/p>\t\t\t\t\t\t<\/div>\n\t\t\t\t<\/div>\n\t\t\t\t<div class=\"elementor-element elementor-element-57c8a00 elementor-widget elementor-widget-video\" data-id=\"57c8a00\" data-element_type=\"widget\" data-settings=\"{&quot;youtube_url&quot;:&quot;https:\\\/\\\/www.youtube.com\\\/watch?v=HpSdVeVPcHg&quot;,&quot;lazy_load&quot;:&quot;yes&quot;,&quot;video_type&quot;:&quot;youtube&quot;,&quot;controls&quot;:&quot;yes&quot;}\" data-widget_type=\"video.default\">\n\t\t\t\t<div class=\"elementor-widget-container\">\n\t\t\t\t\t<div class=\"elementor-wrapper elementor-open-inline\">\n\t\t\t<div class=\"elementor-video\"><\/div>\t\t<\/div>\n\t\t\t\t<\/div>\n\t\t\t\t<\/div>\n\t\t\t\t\t<\/div>\n\t\t\t\t<\/div>\n\t\t\t\t<\/div>\n\t\t","protected":false},"excerpt":{"rendered":"<p>Chilpancingo, Gro., 05 de diciembre de 2024.- Guerrero es una entidad con una amplia riqueza natural, pero hay preocupaci\u00f3n por las alteraciones al cambio clim\u00e1tico a causa del calentamiento global, cuyas consecuencias son altamente devastadoras y tr\u00e1gicas, y ante esto, es impostergable que gobiernos y sociedad en su conjunto adquieran conciencia y asuman el compromiso [&hellip;]<\/p>\n","protected":false},"author":1,"featured_media":11873,"comment_status":"closed","ping_status":"open","sticky":false,"template":"","format":"standard","meta":{"_seopress_robots_primary_cat":"","_seopress_titles_title":"","_seopress_titles_desc":"","_seopress_robots_index":"","footnotes":""},"categories":[186,91,178],"tags":[80,81,105,100,78,109,84,115,108,103,85,127,124],"class_list":["post-11871","post","type-post","status-publish","format-standard","has-post-thumbnail","hentry","category-agua-infraestructura-y-recursos-hidraulicos","category-pueblos-y-comunidades-indigenas-y-afromexicanos","category-recursos-naturales-desarrollo-sustentable-y-cambio-climatico","tag-alejandro-bravo-abarca","tag-alejandro-carabias-icaza","tag-catalina-apolinar-santiago","tag-hector-suarez-basurto","tag-jesus-parra-garcia","tag-ma-del-pilar-vadillo-ruiz","tag-maria-irene-montiel-servin-2","tag-marisol-bazan-fernandez","tag-obdulia-naranjo-cabrera","tag-panfilo-sanchez-almazan","tag-robell-uriostegui-patino","tag-violeta-martinez-pacheco","tag-vladimir-barrera-fuerte"],"_links":{"self":[{"href":"https:\/\/congresogro.gob.mx\/inicio\/wp-json\/wp\/v2\/posts\/11871","targetHints":{"allow":["GET"]}}],"collection":[{"href":"https:\/\/congresogro.gob.mx\/inicio\/wp-json\/wp\/v2\/posts"}],"about":[{"href":"https:\/\/congresogro.gob.mx\/inicio\/wp-json\/wp\/v2\/types\/post"}],"author":[{"embeddable":true,"href":"https:\/\/congresogro.gob.mx\/inicio\/wp-json\/wp\/v2\/users\/1"}],"replies":[{"embeddable":true,"href":"https:\/\/congresogro.gob.mx\/inicio\/wp-json\/wp\/v2\/comments?post=11871"}],"version-history":[{"count":10,"href":"https:\/\/congresogro.gob.mx\/inicio\/wp-json\/wp\/v2\/posts\/11871\/revisions"}],"predecessor-version":[{"id":12091,"href":"https:\/\/congresogro.gob.mx\/inicio\/wp-json\/wp\/v2\/posts\/11871\/revisions\/12091"}],"wp:featuredmedia":[{"embeddable":true,"href":"https:\/\/congresogro.gob.mx\/inicio\/wp-json\/wp\/v2\/media\/11873"}],"wp:attachment":[{"href":"https:\/\/congresogro.gob.mx\/inicio\/wp-json\/wp\/v2\/media?parent=11871"}],"wp:term":[{"taxonomy":"category","embeddable":true,"href":"https:\/\/congresogro.gob.mx\/inicio\/wp-json\/wp\/v2\/categories?post=11871"},{"taxonomy":"post_tag","embeddable":true,"href":"https:\/\/congresogro.gob.mx\/inicio\/wp-json\/wp\/v2\/tags?post=11871"}],"curies":[{"name":"wp","href":"https:\/\/api.w.org\/{rel}","templated":true}]}}