{"id":11660,"date":"2024-11-27T02:10:46","date_gmt":"2024-11-27T02:10:46","guid":{"rendered":"https:\/\/congresogro.gob.mx\/inicio\/?p=11660"},"modified":"2025-09-25T16:01:24","modified_gmt":"2025-09-25T16:01:24","slug":"aprueba-el-congreso-el-establecimiento-de-la-busqueda-inmediata-de-personas-desaparecidas","status":"publish","type":"post","link":"https:\/\/congresogro.gob.mx\/inicio\/aprueba-el-congreso-el-establecimiento-de-la-busqueda-inmediata-de-personas-desaparecidas\/","title":{"rendered":"APRUEBA EL CONGRESO EL ESTABLECIMIENTO DE LA B\u00daSQUEDA INMEDIATA DE PERSONAS DESAPARECIDAS"},"content":{"rendered":"\t\t<div data-elementor-type=\"wp-post\" data-elementor-id=\"11660\" class=\"elementor elementor-11660\">\n\t\t\t\t<div class=\"elementor-element elementor-element-5819038 e-flex e-con-boxed e-con e-parent\" data-id=\"5819038\" data-element_type=\"container\">\n\t\t\t\t\t<div class=\"e-con-inner\">\n\t\t\t\t<div class=\"elementor-element elementor-element-574b1a1 elementor-widget elementor-widget-text-editor\" data-id=\"574b1a1\" data-element_type=\"widget\" data-widget_type=\"text-editor.default\">\n\t\t\t\t<div class=\"elementor-widget-container\">\n\t\t\t\t\t\t\t<iframe src=\"https:\/\/creators.spotify.com\/pod\/show\/congresogro\/embed\/episodes\/Congreso-de-Guerrero-aprueba-bsqueda-inmediata-de-personas-desaparecidas-e2sdart\/a-abmenjf\" height=\"190px\" width=\"400px\" frameborder=\"0\" scrolling=\"no\"><\/iframe>\t\t\t\t\t\t<\/div>\n\t\t\t\t<\/div>\n\t\t\t\t<div class=\"elementor-element elementor-element-22a0ccb elementor-widget elementor-widget-text-editor\" data-id=\"22a0ccb\" data-element_type=\"widget\" data-widget_type=\"text-editor.default\">\n\t\t\t\t<div class=\"elementor-widget-container\">\n\t\t\t\t\t\t\t<p style=\"text-align: justify;\"><strong>Chilpancingo, Gro., 26 de noviembre de 2024.-<\/strong> Para que las instituciones en materia de seguridad p\u00fablica implementen la b\u00fasqueda inmediata de ni\u00f1as, ni\u00f1os, adolescentes y mujeres reportadas como desaparecidas a trav\u00e9s del n\u00famero de Emergencia 911 o de manera presencial, sin necesidad de denuncia formal ante el Ministerio P\u00fablico, las diputadas y los diputados de la LXIV Legislatura aprobaron por unanimidad<a href=\"https:\/\/congresogro.com\/assets\/NKonBcLpcx0r2ayVbU5XMuuf8BicJIC30GARvpDb.pdf\" target=\"_blank\" rel=\"noopener sponsored\"> adiciones a la Ley 179 del Sistema de Seguridad P\u00fablica del Estado de Guerrero<\/a>.<\/p><p style=\"text-align: justify;\">Al fundamentar el dictamen en su calidad de presidenta de la Comisi\u00f3n de Seguridad, la diputada Mar\u00eda del Pilar Vadillo Ruiz destac\u00f3 la relevancia de llevar a cabo est\u00e1 acci\u00f3n para que las autoridades competentes brinden atenci\u00f3n inmediata y contundente a los reportes, ya que las primeras horas de b\u00fasqueda son cruciales para encontrar con vida a las personas y proteger su integridad f\u00edsica y psicol\u00f3gica.<\/p><p style=\"text-align: justify;\">\u201cEl objetivo de este mecanismo reactivo tiene como fin proteger la vida, la libertad y la integridad de las mujeres y las ni\u00f1as, mediante un plan de atenci\u00f3n y coordinaci\u00f3n entre las autoridades de los tres \u00f3rdenes de gobierno, que involucre a medios de comunicaci\u00f3n, sociedad civil, organismos p\u00fablicos y privados\u201d, subray\u00f3.<\/p><p style=\"text-align: justify;\">Abund\u00f3 que con esta adici\u00f3n a la fracci\u00f3n XVIII Bis del art\u00edculo 4 de la ley mencionada, iniciativa que fue propuesta por la gobernadora Evelyn Salgado Pineda, se elimina de manera oficiosa cualquier obst\u00e1culo de derecho o de hecho que impida la efectividad de la acci\u00f3n, incluyendo las concepciones estereotipadas sobre la desaparici\u00f3n de las mujeres, que pudieran minimizar los hechos constitutivos de un delito.<\/p><p style=\"text-align: justify;\">Asimismo, resalt\u00f3 su gran impacto en la sociedad guerrerense, pues coadyuvar\u00e1 a disminuir los delitos contra las mujeres, los casos de desaparici\u00f3n de ni\u00f1as y la trata de personas, que tienen un alto impacto en el estado.<\/p><p style=\"text-align: justify;\">Adem\u00e1s, indic\u00f3 que se avanza en la estandarizaci\u00f3n de los protocolos utilizados para investigar todos los delitos que se relacionen con desapariciones, violencia sexual y feminicidios, lo cual es fundamental en un contexto como el que se vive en Guerrero, donde prevalece la discriminaci\u00f3n y la violencia por razones de g\u00e9nero.<\/p><p style=\"text-align: justify;\">\u00a0<\/p><p style=\"text-align: justify;\"><strong>Intervenciones<\/strong><\/p><p style=\"text-align: justify;\">La diputada Leticia Mosso Hern\u00e1ndez (PT) intervino en relaci\u00f3n con el D\u00eda Internacional de la Eliminaci\u00f3n de la Violencia Contra las Mujeres, refiriendo que esta es una pr\u00e1ctica social arraigada en la cultura y estructura de la sociedad que se utiliza como medio de control en las relaciones de poder que afectan principalmente a las mujeres y repercute directamente en su salud, calidad de vida y bienestar.<\/p><p style=\"text-align: justify;\">Abund\u00f3 que esta es una situaci\u00f3n alarmante, dado que ni\u00f1as, j\u00f3venes y mujeres siguen enfrentando barreras significativas en el acceso a sus derechos b\u00e1sicos, lo que hace necesaria una respuesta decidida por parte de las autoridades y la sociedad en su conjunto para erradicarla y garantizar un entorno seguro para todas.<\/p><p style=\"text-align: justify;\">Sobre el mismo tema intervinieron las diputadas Mar\u00eda de Jes\u00fas Galeana Radilla, Gloria Citlali Calixto Jim\u00e9nez, Luissana Ramos Pineda, Ana Lilia Botello Figueroa, Mar\u00eda Irene Montiel Serv\u00edn, Obdulia Naranjo Cabrera y Araceli Ocampo Manzanares.<\/p><p style=\"text-align: justify;\">Por su parte, el diputado Arist\u00f3teles Tito Arroyo (Morena) habl\u00f3 sobre la Reforma Constitucional y Legal en materia de Derechos de los Pueblos Originarios y Afromexicano del Estado de Guerrero, mencionando que la misma deriv\u00f3 de las consultas realizadas desde 2019 y de los trabajos del Parlamento Abierto desarrollados en este estado, lo cual represent\u00f3 un avance hist\u00f3rico, al reconocerse los derechos de estas comunidades en el \u00e1mbito federal con la reforma recientemente aprobada.<\/p><p style=\"text-align: justify;\">Resalt\u00f3, por \u00faltimo, que ahora corresponde a la LXIV Legislatura armonizar la Constituci\u00f3n Pol\u00edtica local con la Constituci\u00f3n federal, y actualizar las leyes secundarias en materia de salud, educaci\u00f3n, seguridad y presupuesto, asegurando previamente consultas libres, informadas, de buena fe y culturalmente adecuadas que den cumplimiento a los principios de constitucionalidad y no discriminaci\u00f3n.<\/p>\t\t\t\t\t\t<\/div>\n\t\t\t\t<\/div>\n\t\t\t\t<div class=\"elementor-element elementor-element-0789cca elementor-widget elementor-widget-video\" data-id=\"0789cca\" data-element_type=\"widget\" data-settings=\"{&quot;youtube_url&quot;:&quot;https:\\\/\\\/www.youtube.com\\\/watch?v=EwFUiqMx1j0&quot;,&quot;lazy_load&quot;:&quot;yes&quot;,&quot;video_type&quot;:&quot;youtube&quot;,&quot;controls&quot;:&quot;yes&quot;}\" data-widget_type=\"video.default\">\n\t\t\t\t<div class=\"elementor-widget-container\">\n\t\t\t\t\t<div class=\"elementor-wrapper elementor-open-inline\">\n\t\t\t<div class=\"elementor-video\"><\/div>\t\t<\/div>\n\t\t\t\t<\/div>\n\t\t\t\t<\/div>\n\t\t\t\t\t<\/div>\n\t\t\t\t<\/div>\n\t\t\t\t<\/div>\n\t\t","protected":false},"excerpt":{"rendered":"<p>Chilpancingo, Gro., 26 de noviembre de 2024.- Para que las instituciones en materia de seguridad p\u00fablica implementen la b\u00fasqueda inmediata de ni\u00f1as, ni\u00f1os, adolescentes y mujeres reportadas como desaparecidas a trav\u00e9s del n\u00famero de Emergencia 911 o de manera presencial, sin necesidad de denuncia formal ante el Ministerio P\u00fablico, las diputadas y los diputados de [&hellip;]<\/p>\n","protected":false},"author":1,"featured_media":11662,"comment_status":"closed","ping_status":"open","sticky":false,"template":"","format":"standard","meta":{"_seopress_robots_primary_cat":"","_seopress_titles_title":"","_seopress_titles_desc":"","_seopress_robots_index":"","footnotes":""},"categories":[167],"tags":[119,96,104,94,79,113,109,117,84,108],"class_list":["post-11660","post","type-post","status-publish","format-standard","has-post-thumbnail","hentry","category-seguridad-publica","tag-ana-lilia-botello-figueroa","tag-araceli-ocampo-manzanares","tag-aristoteles-tito-arroyo","tag-gloria-citlali-calixto-jimenez","tag-leticia-mosso-hernandez","tag-luissana-ramos-pineda","tag-ma-del-pilar-vadillo-ruiz","tag-maria-de-jesus-galeana-radilla","tag-maria-irene-montiel-servin-2","tag-obdulia-naranjo-cabrera"],"_links":{"self":[{"href":"https:\/\/congresogro.gob.mx\/inicio\/wp-json\/wp\/v2\/posts\/11660","targetHints":{"allow":["GET"]}}],"collection":[{"href":"https:\/\/congresogro.gob.mx\/inicio\/wp-json\/wp\/v2\/posts"}],"about":[{"href":"https:\/\/congresogro.gob.mx\/inicio\/wp-json\/wp\/v2\/types\/post"}],"author":[{"embeddable":true,"href":"https:\/\/congresogro.gob.mx\/inicio\/wp-json\/wp\/v2\/users\/1"}],"replies":[{"embeddable":true,"href":"https:\/\/congresogro.gob.mx\/inicio\/wp-json\/wp\/v2\/comments?post=11660"}],"version-history":[{"count":7,"href":"https:\/\/congresogro.gob.mx\/inicio\/wp-json\/wp\/v2\/posts\/11660\/revisions"}],"predecessor-version":[{"id":12031,"href":"https:\/\/congresogro.gob.mx\/inicio\/wp-json\/wp\/v2\/posts\/11660\/revisions\/12031"}],"wp:featuredmedia":[{"embeddable":true,"href":"https:\/\/congresogro.gob.mx\/inicio\/wp-json\/wp\/v2\/media\/11662"}],"wp:attachment":[{"href":"https:\/\/congresogro.gob.mx\/inicio\/wp-json\/wp\/v2\/media?parent=11660"}],"wp:term":[{"taxonomy":"category","embeddable":true,"href":"https:\/\/congresogro.gob.mx\/inicio\/wp-json\/wp\/v2\/categories?post=11660"},{"taxonomy":"post_tag","embeddable":true,"href":"https:\/\/congresogro.gob.mx\/inicio\/wp-json\/wp\/v2\/tags?post=11660"}],"curies":[{"name":"wp","href":"https:\/\/api.w.org\/{rel}","templated":true}]}}