{"id":10713,"date":"2024-10-07T16:04:05","date_gmt":"2024-10-07T22:04:05","guid":{"rendered":"https:\/\/congresogro.gob.mx\/63\/inicio\/?p=10713"},"modified":"2025-09-25T16:02:05","modified_gmt":"2025-09-25T16:02:05","slug":"presentan-iniciativa-para-que-aumentos-por-renta-de-viviendas-se-ajusten-al-indice-inflacionario","status":"publish","type":"post","link":"https:\/\/congresogro.gob.mx\/inicio\/presentan-iniciativa-para-que-aumentos-por-renta-de-viviendas-se-ajusten-al-indice-inflacionario\/","title":{"rendered":"PRESENTAN INICIATIVA PARA QUE AUMENTOS POR RENTA DE VIVIENDAS SE AJUSTEN AL \u00cdNDICE INFLACIONARIO"},"content":{"rendered":"\t\t<div data-elementor-type=\"wp-post\" data-elementor-id=\"10713\" class=\"elementor elementor-10713\">\n\t\t\t\t<div class=\"elementor-element elementor-element-651c18d e-flex e-con-boxed e-con e-parent\" data-id=\"651c18d\" data-element_type=\"container\">\n\t\t\t\t\t<div class=\"e-con-inner\">\n\t\t\t\t<div class=\"elementor-element elementor-element-ace1eab elementor-widget elementor-widget-text-editor\" data-id=\"ace1eab\" data-element_type=\"widget\" data-widget_type=\"text-editor.default\">\n\t\t\t\t<div class=\"elementor-widget-container\">\n\t\t\t\t\t\t\t<iframe src=\"https:\/\/podcasters.spotify.com\/pod\/show\/congresogro\/embed\/episodes\/Proponen-ajustar-aumentos-en-rentas-de-viviendas-al-ndice-inflacionario-en-Guerrero-e2pc27r\" width=\"100%\" height=\"190px\" frameborder=\"0\" scrolling=\"no\"><span data-mce-type=\"bookmark\" style=\"display: inline-block; width: 0px; overflow: hidden; line-height: 0;\" class=\"mce_SELRES_start\">\ufeff<\/span><\/iframe>\n<p style=\"text-align: justify;margin-top: -15em;\"><strong>Chilpancingo, Gro., 07 de octubre de 2024.<\/strong>&#8211; La diputada Diana Bernab\u00e9 Vega propuso <a href=\"https:\/\/congresogro.com\/assets\/3FB59jsdg0V4lXpt2qvTWFEwpxFe75rN72dkXnxM.pdf\" target=\"_blank\" rel=\"noopener\">reformar el C\u00f3digo Civil del Estado<\/a> para que los incrementos por renta de viviendas se ajusten al \u00edndice de inflaci\u00f3n determinado por el Banco de M\u00e9xico, protegiendo de aumentos desproporcionados a los arrendatarios.<\/p>\n<p style=\"text-align: justify;\">Al exponer los motivos de su iniciativa, la legisladora de Morena se\u00f1al\u00f3 que el acceso a una vivienda digna se ha convertido en un reto cada vez m\u00e1s dif\u00edcil de afrontar por miles de guerrerenses, especialmente en Chilpancingo, donde el aumento acelerado y descontrolado de las rentas de cuartos, departamentos y casas ha generado una presi\u00f3n econ\u00f3mica significativa en los hogares, afectando principalmente a trabajadores con salarios m\u00ednimos, estudiantes, madres solteras y adultos mayores.<\/p>\n<p style=\"text-align: justify;\">La diputada refiri\u00f3 que de acuerdo con datos del Banco de M\u00e9xico, la inflaci\u00f3n ha tenido fluctuaciones significativas en los \u00faltimos a\u00f1os, afectando de manera directa los costos de bienes y servicios esenciales, y al no existir una regulaci\u00f3n adecuada que establezca l\u00edmites claros, se imponen incrementos desproporcionados que generan un impacto negativo en la estabilidad econ\u00f3mica de los arrendatarios.<\/p>\n<p style=\"text-align: justify;\">A\u00f1adi\u00f3 que esta propuesta busca proteger a los arrendatarios de incrementos desproporcionados que no reflejan la realidad econ\u00f3mica del pa\u00eds, y que en muchos casos superan la capacidad adquisitiva de los ciudadanos.<\/p>\n<p style=\"text-align: justify;\">\u201cEl incremento descontrolado de las rentas genera una cadena de efectos adversos, como desplazamiento forzado, aumento de la pobreza urbana, deterioro de las condiciones de vida y mayor desigualdad social\u201d, indic\u00f3.<\/p>\n<p style=\"text-align: justify;\">Por lo anterior, Bernab\u00e9 Vega llam\u00f3 sus hom\u00f3logos y hom\u00f3logas a aprobar esta iniciativa porque representa un paso fundamental en la protecci\u00f3n de los derechos econ\u00f3micos y sociales de las y los ciudadanos, particularmente de Acapulco, Chilpancingo e Iguala.<\/p>\t\t\t\t\t\t<\/div>\n\t\t\t\t<\/div>\n\t\t\t\t<div class=\"elementor-element elementor-element-d3ad369 elementor-widget elementor-widget-video\" data-id=\"d3ad369\" data-element_type=\"widget\" data-settings=\"{&quot;youtube_url&quot;:&quot;https:\\\/\\\/www.youtube.com\\\/watch?v=0n9zVgY1QSU&quot;,&quot;lazy_load&quot;:&quot;yes&quot;,&quot;video_type&quot;:&quot;youtube&quot;,&quot;controls&quot;:&quot;yes&quot;}\" data-widget_type=\"video.default\">\n\t\t\t\t<div class=\"elementor-widget-container\">\n\t\t\t\t\t<div class=\"elementor-wrapper elementor-open-inline\">\n\t\t\t<div class=\"elementor-video\"><\/div>\t\t<\/div>\n\t\t\t\t<\/div>\n\t\t\t\t<\/div>\n\t\t\t\t\t<\/div>\n\t\t\t\t<\/div>\n\t\t\t\t<\/div>\n\t\t","protected":false},"excerpt":{"rendered":"<p>\ufeff Chilpancingo, Gro., 07 de octubre de 2024.&#8211; La diputada Diana Bernab\u00e9 Vega propuso reformar el C\u00f3digo Civil del Estado para que los incrementos por renta de viviendas se ajusten al \u00edndice de inflaci\u00f3n determinado por el Banco de M\u00e9xico, protegiendo de aumentos desproporcionados a los arrendatarios. Al exponer los motivos de su iniciativa, la [&hellip;]<\/p>\n","protected":false},"author":1,"featured_media":10711,"comment_status":"closed","ping_status":"open","sticky":false,"template":"","format":"standard","meta":{"_seopress_robots_primary_cat":"","_seopress_titles_title":"","_seopress_titles_desc":"","_seopress_robots_index":"","footnotes":""},"categories":[77],"tags":[87],"class_list":["post-10713","post","type-post","status-publish","format-standard","has-post-thumbnail","hentry","category-pleno","tag-diana-bernabe-vega"],"_links":{"self":[{"href":"https:\/\/congresogro.gob.mx\/inicio\/wp-json\/wp\/v2\/posts\/10713","targetHints":{"allow":["GET"]}}],"collection":[{"href":"https:\/\/congresogro.gob.mx\/inicio\/wp-json\/wp\/v2\/posts"}],"about":[{"href":"https:\/\/congresogro.gob.mx\/inicio\/wp-json\/wp\/v2\/types\/post"}],"author":[{"embeddable":true,"href":"https:\/\/congresogro.gob.mx\/inicio\/wp-json\/wp\/v2\/users\/1"}],"replies":[{"embeddable":true,"href":"https:\/\/congresogro.gob.mx\/inicio\/wp-json\/wp\/v2\/comments?post=10713"}],"version-history":[{"count":4,"href":"https:\/\/congresogro.gob.mx\/inicio\/wp-json\/wp\/v2\/posts\/10713\/revisions"}],"predecessor-version":[{"id":10800,"href":"https:\/\/congresogro.gob.mx\/inicio\/wp-json\/wp\/v2\/posts\/10713\/revisions\/10800"}],"wp:featuredmedia":[{"embeddable":true,"href":"https:\/\/congresogro.gob.mx\/inicio\/wp-json\/wp\/v2\/media\/10711"}],"wp:attachment":[{"href":"https:\/\/congresogro.gob.mx\/inicio\/wp-json\/wp\/v2\/media?parent=10713"}],"wp:term":[{"taxonomy":"category","embeddable":true,"href":"https:\/\/congresogro.gob.mx\/inicio\/wp-json\/wp\/v2\/categories?post=10713"},{"taxonomy":"post_tag","embeddable":true,"href":"https:\/\/congresogro.gob.mx\/inicio\/wp-json\/wp\/v2\/tags?post=10713"}],"curies":[{"name":"wp","href":"https:\/\/api.w.org\/{rel}","templated":true}]}}