{"id":9873,"date":"2024-06-03T15:37:27","date_gmt":"2024-06-03T21:37:27","guid":{"rendered":"https:\/\/congresogro.gob.mx\/63\/inicio\/?p=9873"},"modified":"2024-06-04T12:02:13","modified_gmt":"2024-06-04T18:02:13","slug":"analizan-exhorto-en-el-congreso-de-guerrero-para-finalizar-la-traduccion-de-la-constitucion-a-lenguas-indigenas","status":"publish","type":"post","link":"https:\/\/congresogro.gob.mx\/63\/inicio\/2024\/06\/03\/analizan-exhorto-en-el-congreso-de-guerrero-para-finalizar-la-traduccion-de-la-constitucion-a-lenguas-indigenas\/","title":{"rendered":"ANALIZA EL CONGRESO UN EXHORTO PARA QUE CONCLUYA TRADUCCI\u00d3N DE LA CONSTITUCI\u00d3N A LAS LENGUAS IND\u00cdGENAS"},"content":{"rendered":"<p><iframe src=\"https:\/\/www.ivoox.com\/player_ej_129863896_6_1.html?c1=a4843b\" width=\"100%\" height=\"190\" frameborder=\"0\" allowfullscreen=\"\" scrolling=\"no\" loading=\"lazy\"><\/iframe><\/p>\n<h5 style=\"text-align: justify;\"><span style=\"font-family: Heebo Regular, Roboto;\"><span style=\"font-size: 18px;\"><strong>Chilpancingo, Gro., 03 de junio de 2024.-<\/strong> La <span style=\"color: #993300;\"><a style=\"color: #993300;\" href=\"https:\/\/congresogro.gob.mx\/63\/comisiones\/integrantes.php?idc=22&amp;idp=51&amp;ids=38&amp;idv1=53&amp;idv2=58&amp;idv3=56\" target=\"_blank\" rel=\"nofollow noopener\">Comisi\u00f3n de los Pueblos y Comunidades Ind\u00edgenas y Afromexicanos<\/a><\/span> del Congreso del Estado analiza un exhorto a la encargada de despacho de la Secretar\u00eda General de Gobierno, Anacleta L\u00f3pez Vega; a los secretarios de Finanzas y Administraci\u00f3n y para el Desarrollo de los Pueblos Ind\u00edgenas y Afromexicanos del Gobierno del Estado, Raymundo Segura Estrada y Abel Bruno Arriaga, a efecto de que instrumenten las acciones necesarias para la <span style=\"color: #993300;\"><a style=\"color: #993300;\" href=\"https:\/\/congresogro.com\/assets\/YCo1Nk6HOcPLakmrkIRufbI1cmKXDBiMLmEkd5Aj.pdf\" target=\"_blank\" rel=\"nofollow noopener\">conclusi\u00f3n de la traducci\u00f3n a las lenguas ind\u00edgenas de la Constituci\u00f3n Pol\u00edtica del Estado<\/a><\/span>, as\u00ed como su publicaci\u00f3n y difusi\u00f3n de manera escrita y oral.<\/span><\/span><\/h5>\n<p style=\"text-align: justify;\">Esto a propuesta de la diputada <span style=\"color: #993300;\"><a style=\"color: #993300;\" href=\"https:\/\/congresogro.gob.mx\/63\/diputados\/perfil.php?d=52\" target=\"_blank\" rel=\"nofollow noopener\">Gabriela Giles Rodr\u00edguez<\/a><\/span>, quien manifest\u00f3 que en el 2001 se aprobaron reformas a la <span style=\"color: #993300;\"><a style=\"color: #993300;\" href=\"https:\/\/www.diputados.gob.mx\/LeyesBiblio\/pdf\/CPEUM.pdf\" target=\"_blank\" rel=\"nofollow noopener\">Constituci\u00f3n Pol\u00edtica Federal<\/a><\/span> para fortalecer el reconocimiento a los derechos de los pueblos y comunidades ind\u00edgenas del pa\u00eds.<\/p>\n<p style=\"text-align: justify;\">Abund\u00f3 que con esta reforma constitucional se estableci\u00f3 tambi\u00e9n que las constituciones y leyes locales deber\u00edan realizar el reconocimiento de los pueblos y comunidades ind\u00edgenas espec\u00edficos, tomando en cuenta, adem\u00e1s de los principios generales establecidos en el art\u00edculo segundo, criterios etnoling\u00fc\u00edsticos y de asentamiento f\u00edsico.<\/p>\n<p style=\"text-align: justify;\">Agreg\u00f3 que, como parte de las acciones para garantizar los derechos de los pueblos ind\u00edgenas, se estableci\u00f3 que el Ejecutivo federal ordenar\u00eda que el texto \u00edntegro del decreto se\u00f1alado se tradujera a las lenguas del pa\u00eds, y se ordena la difusi\u00f3n en las diversas comunidades, sin que a la fecha se haya realizado.<\/p>\n<p style=\"text-align: justify;\">Expuso, asimismo, que en 2014 en Guerrero se aprobaron reformas y adiciones a la Constituci\u00f3n Pol\u00edtica local, estableciendo que el estado sustenta su identidad multi\u00e9tnica, pluriling\u00fc\u00edstica y pluricultural en sus pueblos originarios ind\u00edgenas, particularmente los nahuas, mixtecos, tlapanecos, amuzgos y sus comunidades afromexicanas, y que el Poder Ejecutivo dispondr\u00e1 que el texto \u00edntegro del decreto se traduzca y difunda en forma oral y escrita en las lenguas ind\u00edgenas del estado, en un plazo no mayor de 12 meses contados a partir de la entrada en vigor del decreto.<\/p>\n<p style=\"text-align: justify;\">Sin embargo, <span style=\"color: #993300;\"><a style=\"color: #993300;\" href=\"https:\/\/congresogro.gob.mx\/63\/diputados\/perfil.php?d=52\" target=\"_blank\" rel=\"nofollow noopener\">Giles Rodr\u00edguez<\/a><\/span> indic\u00f3 que a 10 a\u00f1os de la entrada en vigor del decreto, no se ha cumplido en lo relacionado a la traducci\u00f3n y difusi\u00f3n del texto constitucional en las lenguas originarias de la entidad, y s\u00f3lo se sabe que desde el 2015 se inici\u00f3 el trabajo interinstitucional, con un avance que est\u00e1 en proceso de validaci\u00f3n por parte del Instituto Nacional de Lenguas Ind\u00edgenas, adem\u00e1s de que a los traductores no se les ha pagado por su trabajo.<\/p>\n<p style=\"text-align: justify;\">Por lo anterior, la legisladora plante\u00f3 exhortar a la encargada citados funcionarios para que se concluya la traducci\u00f3n a las lenguas ind\u00edgenas de la <span style=\"color: #993300;\"><a style=\"color: #993300;\" href=\"https:\/\/congresogro.gob.mx\/legislacion\/CONSTITUCION-GUERRERO-15-06-2022.pdf\" target=\"_blank\" rel=\"nofollow noopener\">Constituci\u00f3n Pol\u00edtica del Estado<\/a><\/span>, y su publicaci\u00f3n y difusi\u00f3n de manera escrita y oral, como lo establece el Art\u00edculo Segundo Transitorio del Decreto 453 publicado en el Peri\u00f3dico Oficial del Gobierno del Estado el 29 de abril de 2014.<\/p>\n<p style=\"text-align: center;\"><iframe loading=\"lazy\" title=\"YouTube video player\" src=\"https:\/\/www.youtube.com\/embed\/ruD2M_oJTH4?si=_AOLCcldITG7w_Zg\" width=\"560\" height=\"315\" frameborder=\"0\" allowfullscreen=\"allowfullscreen\"><\/iframe><\/p>\n<p>#Constituci\u00f3nInd\u00edgena #LenguasInd\u00edgenas #Guerrero #DerechosInd\u00edgenas #GabrielaGiles #CongresoGuerrero #Traducci\u00f3nConstitucional #PueblosOriginarios #DiversidadLing\u00fc\u00edstica #Inclusi\u00f3nCultural<\/p>\n","protected":false},"excerpt":{"rendered":"<p>Chilpancingo, Gro., 03 de junio de 2024.- La Comisi\u00f3n de los Pueblos y Comunidades Ind\u00edgenas y Afromexicanos del Congreso del Estado analiza un exhorto a la encargada de despacho de la Secretar\u00eda General de Gobierno, Anacleta L\u00f3pez Vega; a los secretarios de Finanzas y Administraci\u00f3n y para el Desarrollo de los Pueblos Ind\u00edgenas y Afromexicanos&#8230;<\/p>\n","protected":false},"author":1,"featured_media":9874,"comment_status":"closed","ping_status":"open","sticky":false,"template":"","format":"standard","meta":{"_monsterinsights_skip_tracking":false,"_monsterinsights_sitenote_active":false,"_monsterinsights_sitenote_note":"","_monsterinsights_sitenote_category":0,"footnotes":""},"categories":[3],"tags":[],"class_list":["post-9873","post","type-post","status-publish","format-standard","has-post-thumbnail","hentry","category-boletin"],"aioseo_notices":[],"_links":{"self":[{"href":"https:\/\/congresogro.gob.mx\/63\/inicio\/wp-json\/wp\/v2\/posts\/9873","targetHints":{"allow":["GET"]}}],"collection":[{"href":"https:\/\/congresogro.gob.mx\/63\/inicio\/wp-json\/wp\/v2\/posts"}],"about":[{"href":"https:\/\/congresogro.gob.mx\/63\/inicio\/wp-json\/wp\/v2\/types\/post"}],"author":[{"embeddable":true,"href":"https:\/\/congresogro.gob.mx\/63\/inicio\/wp-json\/wp\/v2\/users\/1"}],"replies":[{"embeddable":true,"href":"https:\/\/congresogro.gob.mx\/63\/inicio\/wp-json\/wp\/v2\/comments?post=9873"}],"version-history":[{"count":2,"href":"https:\/\/congresogro.gob.mx\/63\/inicio\/wp-json\/wp\/v2\/posts\/9873\/revisions"}],"predecessor-version":[{"id":9878,"href":"https:\/\/congresogro.gob.mx\/63\/inicio\/wp-json\/wp\/v2\/posts\/9873\/revisions\/9878"}],"wp:featuredmedia":[{"embeddable":true,"href":"https:\/\/congresogro.gob.mx\/63\/inicio\/wp-json\/wp\/v2\/media\/9874"}],"wp:attachment":[{"href":"https:\/\/congresogro.gob.mx\/63\/inicio\/wp-json\/wp\/v2\/media?parent=9873"}],"wp:term":[{"taxonomy":"category","embeddable":true,"href":"https:\/\/congresogro.gob.mx\/63\/inicio\/wp-json\/wp\/v2\/categories?post=9873"},{"taxonomy":"post_tag","embeddable":true,"href":"https:\/\/congresogro.gob.mx\/63\/inicio\/wp-json\/wp\/v2\/tags?post=9873"}],"curies":[{"name":"wp","href":"https:\/\/api.w.org\/{rel}","templated":true}]}}