{"id":9815,"date":"2024-05-28T15:08:34","date_gmt":"2024-05-28T21:08:34","guid":{"rendered":"https:\/\/congresogro.gob.mx\/63\/inicio\/?p=9815"},"modified":"2024-06-03T14:07:11","modified_gmt":"2024-06-03T20:07:11","slug":"el-congreso-de-guerrero-exhorta-a-evaluar-la-reubicacion-del-cereso-de-las-cruces-en-acapulco","status":"publish","type":"post","link":"https:\/\/congresogro.gob.mx\/63\/inicio\/2024\/05\/28\/el-congreso-de-guerrero-exhorta-a-evaluar-la-reubicacion-del-cereso-de-las-cruces-en-acapulco\/","title":{"rendered":"LLAMAN DESDE EL CONGRESO A CONSIDERAR LA REUBICACI\u00d3N DEL CERESO DE LAS CRUCES, EN ACAPULCO"},"content":{"rendered":"<p><iframe loading=\"lazy\" src=\"https:\/\/www.ivoox.com\/player_ej_129785842_6_1.html?c1=a28b47\" width=\"100%\" height=\"190\" frameborder=\"0\" scrolling=\"no\" allowfullscreen=\"allowfullscreen\"><span data-mce-type=\"bookmark\" style=\"display: inline-block; width: 0px; overflow: hidden; line-height: 0;\" class=\"mce_SELRES_start\">\ufeff<\/span><\/iframe><\/p>\n<h5 style=\"text-align: justify;\"><span style=\"font-family: Heebo Regular, Roboto;\"><span style=\"font-size: 18px;\"><strong>Chilpancingo, Gro., 28 de mayo de 2024.-<\/strong> El Pleno del Congreso del Estado aprob\u00f3 un dictamen con <span style=\"color: #993300;\"><a style=\"color: #993300;\" href=\"https:\/\/congresogro.com\/assets\/v4Ml7Kqs2mBpvL3FAtDrCS6l6FiGn1ZccetFwNKG.pdf\" target=\"_blank\" rel=\"nofollow noopener\">proyecto de acuerdo por el que se exhorta al titular de la Secretar\u00eda de Seguridad P\u00fablica<\/a> <\/span>del Estado a que valore y decida la reubicaci\u00f3n del Centro de Readaptaci\u00f3n Social (Cereso) de Las Cruces, ubicado en el municipio de Acapulco de Ju\u00e1rez.<\/span><\/span><\/h5>\n<p style=\"text-align: justify;\">Al fundamentar el dictamen, el diputado <span style=\"color: #993300;\"><a style=\"color: #993300;\" href=\"https:\/\/congresogro.gob.mx\/63\/diputados\/perfil.php?d=9\" target=\"_blank\" rel=\"nofollow noopener\">Joaqu\u00edn Badillo Escamilla<\/a><\/span>, en su calidad de presidente de la <span style=\"color: #993300;\"><a style=\"color: #993300;\" href=\"https:\/\/congresogro.gob.mx\/63\/comisiones\/integrantes.php?idc=7&amp;idp=9&amp;ids=18&amp;idv1=14&amp;idv2=15&amp;idv3=6\" target=\"_blank\" rel=\"nofollow noopener\">Comisi\u00f3n de Seguridad P\u00fablica<\/a><\/span>, extern\u00f3 que una vez analizada la propuesta\u00a0 presentada por la diputada <span style=\"color: #993300;\"><a style=\"color: #993300;\" href=\"https:\/\/congresogro.gob.mx\/63\/diputados\/perfil.php?d=5\" target=\"_blank\" rel=\"nofollow noopener\">Beatriz Mojica Morga (con licencia)<\/a><\/span>, el \u00f3rgano dictaminador determin\u00f3 dar seguimiento al exhorto en menci\u00f3n porque el objetivo principal es garantizar los derechos de las personas que se encuentran ah\u00ed recluidas, as\u00ed como proteger a las familias que viven alrededor del recinto, garantiz\u00e1ndoles el derecho a la tranquilidad, a la paz, y a no ser v\u00edctimas de situaciones que pongan en riesgo su vida.<\/p>\n<p style=\"text-align: justify;\">Detall\u00f3 que el proyecto inicial de los centros de reclusi\u00f3n, tanto a nivel federal como estatal, es que se localicen lejos de las zonas urbanas, por los peligros, la inseguridad y conveniencia, aunque en el caso del Cereso de Las Cruces, ha quedado dentro de la zona urbana, con los consecuentes peligros y molestias a los vecinos cercanos.<\/p>\n<p style=\"text-align: justify;\">Frente a tal escenario, las diputadas y diputados consideran importante la solicitud al titular de la Secretar\u00eda de Seguridad P\u00fablica del Gobierno estatal presentada por la diputada promovente, para pedir la reubicaci\u00f3n del penal en comento y as\u00ed no solo garantizar la seguridad de la ciudadan\u00eda, tambi\u00e9n para poder mejorar a las colonias que se encuentran ubicadas alrededor del mismo, ya que por normatividad est\u00e1n limitadas para poder solicitar obras de infraestructura para mejorar sus servicios y sus condiciones de vida.<\/p>\n<p style=\"text-align: justify;\">Abund\u00f3 en que, por cuestiones presupuestales y financieras, dicha acci\u00f3n requiere de la participaci\u00f3n de instituciones p\u00fablicas independientes de la autoridad penitenciaria, as\u00ed como de otros actores, tales como las organizaciones civiles o la iniciativa privada, lo cual no quiere decir que el Estado se desentienda de sus responsabilidades ineludibles, ya que la seguridad, la custodia y la situaci\u00f3n jur\u00eddica de las personas privadas de la libertad, as\u00ed\u0301 como la administraci\u00f3n de los establecimientos penitenciarios, siempre deben permanecer bajo la vigilancia de las autoridades correspondientes.<\/p>\n<p style=\"text-align: justify;\">Por lo anterior, expuso, la <span style=\"color: #993300;\"><a style=\"color: #993300;\" href=\"https:\/\/congresogro.gob.mx\/63\/comisiones\/integrantes.php?idc=7&amp;idp=9&amp;ids=18&amp;idv1=14&amp;idv2=15&amp;idv3=6\" target=\"_blank\" rel=\"nofollow noopener\">Comisi\u00f3n de Seguridad P\u00fablica<\/a><\/span> se pronunci\u00f3 a favor de procurar las condiciones m\u00ednimas de internamiento compatibles con su dignidad y necesidades b\u00e1sicas de la poblaci\u00f3n interna, relacionadas con los servicios m\u00e9dicos, alimentaci\u00f3n, provisi\u00f3n de agua potable, y sobre todo de condiciones b\u00e1sicas de seguridad interna.<\/p>\n<p style=\"text-align: justify;\">Para ello, agreg\u00f3, el Estado deber\u00e1 contar necesariamente con un diagn\u00f3stico prospectivo integral de la infraestructura f\u00edsica y operativa existente, debi\u00e9ndose detallar cu\u00e1l es el estado f\u00edsico y c\u00f3mo es la operaci\u00f3n de los inmuebles de aseguramiento para la readaptaci\u00f3n social.<\/p>\n<p style=\"text-align: justify;\">Asimismo, realizar una evaluaci\u00f3n prospectiva de la informaci\u00f3n para identificar y planear las acciones necesarias, ante la posible reubicaci\u00f3n del penal antes mencionado.<\/p>\n<p style=\"text-align: center;\"><iframe loading=\"lazy\" title=\"YouTube video player\" src=\"https:\/\/www.youtube.com\/embed\/UT55Vy40JBY?si=mwiwh6b4I7CfGYhs\" width=\"560\" height=\"315\" frameborder=\"0\" allowfullscreen=\"allowfullscreen\"><\/iframe><\/p>\n<p style=\"text-align: center;\"><small><cite><em>El Congreso de Guerrero exhorta a evaluar la reubicaci\u00f3n del Cereso de Las Cruces en Acapulco para garantizar seguridad y tranquilidad a la comunidad.<\/em><\/cite><\/small><\/p>\n<p>&nbsp;<\/p>\n<p>#CeresoLasCruces #Acapulco #SeguridadP\u00fablica #Reubicaci\u00f3n #CongresoGuerrero #DerechosHumanos #Tranquilidad #JusticiaSocial #ComunidadSegura<\/p>\n","protected":false},"excerpt":{"rendered":"<p>\ufeff Chilpancingo, Gro., 28 de mayo de 2024.- El Pleno del Congreso del Estado aprob\u00f3 un dictamen con proyecto de acuerdo por el que se exhorta al titular de la Secretar\u00eda de Seguridad P\u00fablica del Estado a que valore y decida la reubicaci\u00f3n del Centro de Readaptaci\u00f3n Social (Cereso) de Las Cruces, ubicado en el&#8230;<\/p>\n","protected":false},"author":1,"featured_media":9816,"comment_status":"closed","ping_status":"open","sticky":false,"template":"","format":"standard","meta":{"_monsterinsights_skip_tracking":false,"_monsterinsights_sitenote_active":false,"_monsterinsights_sitenote_note":"","_monsterinsights_sitenote_category":0,"footnotes":""},"categories":[3],"tags":[],"class_list":["post-9815","post","type-post","status-publish","format-standard","has-post-thumbnail","hentry","category-boletin"],"aioseo_notices":[],"_links":{"self":[{"href":"https:\/\/congresogro.gob.mx\/63\/inicio\/wp-json\/wp\/v2\/posts\/9815","targetHints":{"allow":["GET"]}}],"collection":[{"href":"https:\/\/congresogro.gob.mx\/63\/inicio\/wp-json\/wp\/v2\/posts"}],"about":[{"href":"https:\/\/congresogro.gob.mx\/63\/inicio\/wp-json\/wp\/v2\/types\/post"}],"author":[{"embeddable":true,"href":"https:\/\/congresogro.gob.mx\/63\/inicio\/wp-json\/wp\/v2\/users\/1"}],"replies":[{"embeddable":true,"href":"https:\/\/congresogro.gob.mx\/63\/inicio\/wp-json\/wp\/v2\/comments?post=9815"}],"version-history":[{"count":6,"href":"https:\/\/congresogro.gob.mx\/63\/inicio\/wp-json\/wp\/v2\/posts\/9815\/revisions"}],"predecessor-version":[{"id":9863,"href":"https:\/\/congresogro.gob.mx\/63\/inicio\/wp-json\/wp\/v2\/posts\/9815\/revisions\/9863"}],"wp:featuredmedia":[{"embeddable":true,"href":"https:\/\/congresogro.gob.mx\/63\/inicio\/wp-json\/wp\/v2\/media\/9816"}],"wp:attachment":[{"href":"https:\/\/congresogro.gob.mx\/63\/inicio\/wp-json\/wp\/v2\/media?parent=9815"}],"wp:term":[{"taxonomy":"category","embeddable":true,"href":"https:\/\/congresogro.gob.mx\/63\/inicio\/wp-json\/wp\/v2\/categories?post=9815"},{"taxonomy":"post_tag","embeddable":true,"href":"https:\/\/congresogro.gob.mx\/63\/inicio\/wp-json\/wp\/v2\/tags?post=9815"}],"curies":[{"name":"wp","href":"https:\/\/api.w.org\/{rel}","templated":true}]}}