{"id":9799,"date":"2024-05-27T19:01:44","date_gmt":"2024-05-28T01:01:44","guid":{"rendered":"https:\/\/congresogro.gob.mx\/63\/inicio\/?p=9799"},"modified":"2024-05-29T13:12:42","modified_gmt":"2024-05-29T19:12:42","slug":"dia-del-orgullo-trans-guerrero","status":"publish","type":"post","link":"https:\/\/congresogro.gob.mx\/63\/inicio\/2024\/05\/27\/dia-del-orgullo-trans-guerrero\/","title":{"rendered":"EL CONGRESO DE GUERRERO APROB\u00d3 DECLARAR EL 13 DE NOVIEMBRE COMO \u201cD\u00cdA DEL ORGULLO TRANS\u201d"},"content":{"rendered":"<p style=\"text-align: center;\"><iframe loading=\"lazy\" src=\"https:\/\/www.ivoox.com\/player_ej_129615276_6_1.html?c1=cdc28e\" width=\"100%\" height=\"190\" frameborder=\"0\" scrolling=\"no\" allowfullscreen=\"allowfullscreen\"><span data-mce-type=\"bookmark\" style=\"display: inline-block; width: 0px; overflow: hidden; line-height: 0;\" class=\"mce_SELRES_start\">\ufeff<\/span><\/iframe><\/p>\n<h5 style=\"text-align: justify;\"><span style=\"font-family: Heebo Regular, Roboto;\"><span style=\"font-size: 18px;\"><strong>Chilpancingo, Gro., 27 de mayo de 2024.-<\/strong> Diputadas y diputados de la LXIII Legislatura aprobaron por unanimidad un decreto para declarar el <span style=\"color: #993300;\"><a style=\"color: #993300;\" href=\"https:\/\/congresogro.com\/assets\/hrqb7F3yC7i5BH5y7m3A6584PUz2inBmq1wzv3Pf.pdf\" target=\"_blank\" rel=\"nofollow noopener\">13 de noviembre como el \u201cD\u00eda del Orgullo Trans\u201d<\/a><\/span> en Guerrero.<\/span><\/span><\/h5>\n<p style=\"text-align: justify;\">Al fundamentar el dictamen en su calidad de presidenta de la <span style=\"color: #993300;\"><a style=\"color: #993300;\" href=\"https:\/\/congresogro.gob.mx\/63\/inicio\/junta-de-coordinacion-politica\/\" target=\"_blank\" rel=\"nofollow noopener\">Junta de Coordinaci\u00f3n Pol\u00edtica<\/a><\/span>, la diputada <span style=\"color: #993300;\"><a style=\"color: #993300;\" href=\"https:\/\/congresogro.gob.mx\/63\/diputados\/perfil.php?d=4\" target=\"_blank\" rel=\"nofollow noopener\">Gloria Citlali Calixto Jim\u00e9nez<\/a><\/span>, promovente tambi\u00e9n de la iniciativa, reconoci\u00f3 que es necesaria la implementaci\u00f3n de medidas para concientizar a la ciudadan\u00eda sobre los derechos humanos de las personas trans y erradicar cualquier forma de discriminaci\u00f3n en su contra, sobre todo la violencia.<\/p>\n<p style=\"text-align: justify;\">Se\u00f1al\u00f3, asimismo, que es de vital relevancia que los Poderes del Estado, a trav\u00e9s de las instituciones y dependencias a su cargo, realicen anualmente actividades para conmemorar el \u201cOrgullo Trans en Guerrero\u201d, que sirva para visibilizar sus necesidades, como son instituciones y \u00e1reas espec\u00edficas que les orienten, resuelvan demandas y tutelen sus derechos humanos.<\/p>\n<p style=\"text-align: justify;\">Y es que, abund\u00f3, de acuerdo con la Encuesta Nacional sobre Diversidad Sexual y de G\u00e9nero del INEGI (2021), en M\u00e9xico m\u00e1s de 908 mil personas se identifican como personas trans, de las cuales el 34.8 por ciento se asume como personas transg\u00e9nero o transexuales y el 65.2 en alguna otra categor\u00eda, como no binario, de g\u00e9nero fluido o ag\u00e9nero.<\/p>\n<p style=\"text-align: justify;\">\u201cDesafortunadamente, en la actualidad las personas trans representan uno de los sectores m\u00e1s vulnerados en M\u00e9xico, ya que en 2022 se registraron al menos 87 asesinatos de personas LGBTIQ+ por motivos relacionados presuntamente con su orientaci\u00f3n sexual o identidad\/expresi\u00f3n de g\u00e9nero\u201d, refiri\u00f3.<\/p>\n<p style=\"text-align: justify;\">Por todas estas razones, <span style=\"color: #993300;\"><a style=\"color: #993300;\" href=\"https:\/\/congresogro.gob.mx\/63\/diputados\/perfil.php?d=4\" target=\"_blank\" rel=\"nofollow noopener\">Calixto Jim\u00e9nez<\/a> <\/span>resalt\u00f3 la importancia de que el Estado promueva la creaci\u00f3n de pol\u00edticas p\u00fablicas con enfoque de derechos humanos, tendentes a visibilizar a la poblaci\u00f3n trans y lograr que la sociedad les valore y trate como personas con todos los derechos y libertades de que goza la ciudadan\u00eda mexicana.<\/p>\n<p>&nbsp;<\/p>\n<h6 style=\"text-align: justify;\"><strong>Intervenciones <\/strong><\/h6>\n<p style=\"text-align: justify;\">La diputada <span style=\"color: #993300;\"><a style=\"color: #993300;\" href=\"https:\/\/congresogro.gob.mx\/63\/diputados\/perfil.php?d=37\" target=\"_blank\" rel=\"nofollow noopener\">Jennyfer Garc\u00eda Lucena<\/a> <\/span>intervino en el marco del \u201cD\u00eda Internacional contra la Homofobia y la Transfobia\u201d, manifestando que promover los derechos de la comunidad LGBTTTIQ+ no es solo exponerlos desde la tribuna, sino que se debe legislar realmente en su favor.<\/p>\n<p style=\"text-align: justify;\">Hizo un llamado a sus hom\u00f3logos para llevar a cabo reformas legales que garanticen justicia y protecci\u00f3n a las personas de esta comunidad, procurando un estado de Guerrero respetuoso de los derechos y garant\u00edas de todos y todas, donde la vida y formas de amar no sean motivo de discriminaci\u00f3n ni odio.<\/p>\n<p style=\"text-align: justify;\">La diputada<span style=\"color: #993300;\"><a style=\"color: #993300;\" href=\"https:\/\/congresogro.gob.mx\/63\/diputados\/perfil.php?d=46\" target=\"_blank\" rel=\"nofollow noopener\"> Ang\u00e9lica Espinoza Garc\u00eda<\/a><\/span> particip\u00f3 con el tema \u201cLas y los estudiantes, el vasto presente y futuro de la educaci\u00f3n p\u00fablica en M\u00e9xico\u201d.<\/p>\n<p style=\"text-align: justify;\">Expres\u00f3 que desde este espacio legislativo es importante garantizar atenci\u00f3n prioritaria a las y los estudiantes de Guerrero, hecho por el cual en febrero del presente a\u00f1o se aprob\u00f3 la Ley de Personas J\u00f3venes del Estado de Guerrero, un nuevo ordenamiento que atiende los derechos humanos desde sus principios universales e interdependientes.<\/p>\n<p style=\"text-align: justify;\">Sobre el mismo tema, la diputada <span style=\"color: #993300;\"><a style=\"color: #993300;\" href=\"https:\/\/congresogro.gob.mx\/63\/diputados\/perfil.php?d=51\" target=\"_blank\" rel=\"nofollow noopener\">Am\u00e9rica Libertad Beltr\u00e1n<\/a><\/span> consider\u00f3 relevante reconocer a las y los j\u00f3venes por su compromiso para prepararse y formarse como profesionistas, coadyuvando con ello al desarrollo del pa\u00eds.<\/p>\n<p style=\"text-align: justify;\">El diputado <span style=\"color: #993300;\"><a style=\"color: #993300;\" href=\"https:\/\/congresogro.gob.mx\/63\/diputados\/perfil.php?d=22\" target=\"_blank\" rel=\"nofollow noopener\">Antonio Helguera Jim\u00e9nez<\/a><\/span> particip\u00f3 con el tema \u201cLa jornada electoral del 02 de junio en Guerrero, dilema del gobierno y de la autoridad electoral para garantizar el voto de las y los guerrerenses\u201d. Al respecto, indic\u00f3 que durante sus recorridos por algunas regiones del estado, ciudadanas y ciudadanos le han externado su preocupaci\u00f3n por el entorno violento con que se desarrolla el proceso electoral, en particular porque hay planillas completas que han desistido de continuar participando por temor a ser agredidos.<\/p>\n<p style=\"text-align: justify;\">En relaci\u00f3n con este tema particip\u00f3 tambi\u00e9n la diputada<a href=\"https:\/\/congresogro.gob.mx\/63\/diputados\/perfil.php?d=38\" target=\"_blank\" rel=\"nofollow noopener\"> Leticia Mosso Hern\u00e1ndez<\/a>, recalcando que el voto es un derecho que tienen las y los ciudadanos, y debe garantizarse que \u00e9ste sea libre, secreto e informado, para un mejor funcionamiento de la democracia.<\/p>\n<p style=\"text-align: justify;\">Agreg\u00f3 que, aunque la legislaci\u00f3n vigente permite la reelecci\u00f3n, y quienes aspiran a ello no son obligados a separarse del cargo, s\u00ed deben cumplir ciertos lineamientos que marcan los \u00f3rganos electorales, cumplir con las obligaciones inherentes al cargo y no disponer de recursos p\u00fablicos en actos de campa\u00f1a. En ese sentido, lament\u00f3 que muchos candidatos no se apeguen a la legalidad, como fue el caso de varios candidatos de la Monta\u00f1a que flagrantemente utilizaron recursos p\u00fablicos de los ayuntamientos para sus cierres de campa\u00f1a.<\/p>\n<p style=\"text-align: center;\"><iframe loading=\"lazy\" title=\"YouTube video player\" src=\"https:\/\/www.youtube.com\/embed\/xTNbAdqO3gc?si=NMSiRZ-HKrAlEKv6\" width=\"560\" height=\"315\" frameborder=\"0\" allowfullscreen=\"allowfullscreen\"><\/iframe><\/p>\n<p>#OrgulloTrans #D\u00edaDelOrgulloTrans #DerechosHumanos #VisibilidadTrans #CongresoGuerrero #Inclusi\u00f3n #DiversidadSexual #NoDiscriminaci\u00f3n #JusticiaParaTodos<\/p>\n","protected":false},"excerpt":{"rendered":"<p>\ufeff Chilpancingo, Gro., 27 de mayo de 2024.- Diputadas y diputados de la LXIII Legislatura aprobaron por unanimidad un decreto para declarar el 13 de noviembre como el \u201cD\u00eda del Orgullo Trans\u201d en Guerrero. Al fundamentar el dictamen en su calidad de presidenta de la Junta de Coordinaci\u00f3n Pol\u00edtica, la diputada Gloria Citlali Calixto Jim\u00e9nez,&#8230;<\/p>\n","protected":false},"author":1,"featured_media":9800,"comment_status":"closed","ping_status":"open","sticky":false,"template":"","format":"standard","meta":{"_monsterinsights_skip_tracking":false,"_monsterinsights_sitenote_active":false,"_monsterinsights_sitenote_note":"","_monsterinsights_sitenote_category":0,"footnotes":""},"categories":[3],"tags":[],"class_list":["post-9799","post","type-post","status-publish","format-standard","has-post-thumbnail","hentry","category-boletin"],"aioseo_notices":[],"_links":{"self":[{"href":"https:\/\/congresogro.gob.mx\/63\/inicio\/wp-json\/wp\/v2\/posts\/9799","targetHints":{"allow":["GET"]}}],"collection":[{"href":"https:\/\/congresogro.gob.mx\/63\/inicio\/wp-json\/wp\/v2\/posts"}],"about":[{"href":"https:\/\/congresogro.gob.mx\/63\/inicio\/wp-json\/wp\/v2\/types\/post"}],"author":[{"embeddable":true,"href":"https:\/\/congresogro.gob.mx\/63\/inicio\/wp-json\/wp\/v2\/users\/1"}],"replies":[{"embeddable":true,"href":"https:\/\/congresogro.gob.mx\/63\/inicio\/wp-json\/wp\/v2\/comments?post=9799"}],"version-history":[{"count":4,"href":"https:\/\/congresogro.gob.mx\/63\/inicio\/wp-json\/wp\/v2\/posts\/9799\/revisions"}],"predecessor-version":[{"id":9829,"href":"https:\/\/congresogro.gob.mx\/63\/inicio\/wp-json\/wp\/v2\/posts\/9799\/revisions\/9829"}],"wp:featuredmedia":[{"embeddable":true,"href":"https:\/\/congresogro.gob.mx\/63\/inicio\/wp-json\/wp\/v2\/media\/9800"}],"wp:attachment":[{"href":"https:\/\/congresogro.gob.mx\/63\/inicio\/wp-json\/wp\/v2\/media?parent=9799"}],"wp:term":[{"taxonomy":"category","embeddable":true,"href":"https:\/\/congresogro.gob.mx\/63\/inicio\/wp-json\/wp\/v2\/categories?post=9799"},{"taxonomy":"post_tag","embeddable":true,"href":"https:\/\/congresogro.gob.mx\/63\/inicio\/wp-json\/wp\/v2\/tags?post=9799"}],"curies":[{"name":"wp","href":"https:\/\/api.w.org\/{rel}","templated":true}]}}