{"id":9764,"date":"2024-05-24T14:48:20","date_gmt":"2024-05-24T20:48:20","guid":{"rendered":"https:\/\/congresogro.gob.mx\/63\/inicio\/?p=9764"},"modified":"2024-06-03T14:44:28","modified_gmt":"2024-06-03T20:44:28","slug":"plantean-reforma-para-garantizar-disponibilidad-de-recursos-ante-contingencias-de-los-pueblos-originarios","status":"publish","type":"post","link":"https:\/\/congresogro.gob.mx\/63\/inicio\/2024\/05\/24\/plantean-reforma-para-garantizar-disponibilidad-de-recursos-ante-contingencias-de-los-pueblos-originarios\/","title":{"rendered":"PLANTEAN REFORMA PARA GARANTIZAR DISPONIBILIDAD DE RECURSOS ANTE CONTINGENCIAS DE LOS PUEBLOS ORIGINARIOS"},"content":{"rendered":"<p><iframe loading=\"lazy\" src=\"https:\/\/www.ivoox.com\/player_ej_129786788_6_1.html?c1=a28b47\" width=\"100%\" height=\"190\" frameborder=\"0\" scrolling=\"no\" allowfullscreen=\"allowfullscreen\"><span data-mce-type=\"bookmark\" style=\"display: inline-block; width: 0px; overflow: hidden; line-height: 0;\" class=\"mce_SELRES_start\">\ufeff<\/span><\/iframe><\/p>\n<h5 style=\"text-align: justify;\"><span style=\"font-family: Heebo Regular, Roboto;\"><span style=\"font-size: 18px;\"><strong>Chilpancingo, Gro., 24 de mayo de 2024.- <\/strong>El diputado <span style=\"color: #993300;\"><a style=\"color: #993300;\" href=\"https:\/\/congresogro.gob.mx\/63\/diputados\/perfil.php?d=58\" target=\"_blank\" rel=\"nofollow noopener\">Hermelindo Garc\u00eda Pe\u00f1afor<\/a><\/span> propuso<span style=\"color: #993300;\"><a style=\"color: #993300;\" href=\"https:\/\/congresogro.com\/assets\/ve1S1cMzHqk27lfSrMocDYAIt0XTANAxCDBXGga4.pdf\" target=\"_blank\" rel=\"nofollow noopener\"> reformar y adicionar las Leyes Org\u00e1nica de la Administraci\u00f3n P\u00fablica y de Presupuesto y Disciplina Fiscal<\/a><\/span>, ambas del Estado de Guerrero, a efecto de que se consideren recursos para programas y acciones para el desarrollo de pueblos y comunidades ind\u00edgenas, especialmente cuando enfrenten situaciones extraordinarias derivadas de la marginaci\u00f3n, pobreza, fen\u00f3menos naturales o desplazamiento forzado.<\/span><\/span><\/h5>\n<p style=\"text-align: justify;\">En la iniciativa que analizan las Comisiones de <span style=\"color: #993300;\"><a style=\"color: #993300;\" href=\"https:\/\/congresogro.gob.mx\/63\/comisiones\/integrantes.php?idc=2&amp;idp=6&amp;ids=24&amp;idv1=52&amp;idv2=9&amp;idv3=43\" target=\"_blank\" rel=\"nofollow noopener\">Estudios Constitucionales y Jur\u00eddicos<\/a><\/span> y de <span style=\"color: #993300;\"><a style=\"color: #993300;\" href=\"https:\/\/congresogro.gob.mx\/63\/comisiones\/integrantes.php?idc=3&amp;idp=54&amp;ids=14&amp;idv1=19&amp;idv2=57&amp;idv3=38\" target=\"_blank\" rel=\"nofollow noopener\">Presupuesto y Cuenta P\u00fablica<\/a><\/span>, se menciona que con la reforma constitucional aprobada en el 2001 se reconoce la composici\u00f3n pluricultural de M\u00e9xico, sustentada por sus pueblos originarios, su derecho a la libre determinaci\u00f3n y la autonom\u00eda para decidir sus formas internas de convivencia, organizaci\u00f3n social, econ\u00f3mica y pol\u00edtica, as\u00ed como para preservar y enriquecer todos aquellos elementos que constituyen su cultura e identidad.<\/p>\n<p style=\"text-align: justify;\">Con estas modificaciones, el legislador plantea garantizar el respeto a la diversidad cultural, promover sus derechos humanos y la autodeterminaci\u00f3n de los pueblos originarios, reparar las injusticias hist\u00f3ricas y fomentar la conservaci\u00f3n ambiental y el desarrollo sostenible.<\/p>\n<p style=\"text-align: justify;\">\u201cEste reconocimiento no solo es una cuesti\u00f3n de justicia y equidad, sino tambi\u00e9n un requisito fundamental para construir una sociedad inclusiva, plural y democr\u00e1tica\u201d, subray\u00f3.<\/p>\n<p style=\"text-align: justify;\">Puntualiz\u00f3 que en Guerrero, de acuerdo con el Censo de Poblaci\u00f3n y Vivienda 2020 del Instituto Nacional de Estad\u00edstica y Geograf\u00eda, habitan 691 mil 274 personas que se autoadscriben como ind\u00edgenas y 303 mil 923 mil como afromexicanas, y en 27 municipios tienen entre el 60 y el 100 por ciento de la poblaci\u00f3n.<\/p>\n<p style=\"text-align: justify;\">Abund\u00f3 que a pesar de los logros jur\u00eddicos, las personas ind\u00edgenas y afromexicanos siguen enfrentando una cruel realidad, ya que las carencias que enfrentan en sus comunidades, en ocasiones, se vuelven cuestiones de vida o muerte, sobre todo en materia de educaci\u00f3n y salud, lo cual choca con el marco jur\u00eddico, en la medida en que en ninguna ley prev\u00e9 que existan recursos presupuestarios para atender las situaciones extraordinarias que se viven en las comunidades o que enfrentan las familias.<\/p>\n<p style=\"text-align: justify;\">Por lo anterior, <span style=\"color: #993300;\"><a style=\"color: #993300;\" href=\"https:\/\/www.youtube.com\/watch?v=YX3nkrJC5hs&amp;t=1s\" target=\"_blank\" rel=\"nofollow noopener\">Garc\u00eda Pe\u00f1afor<\/a><\/span> propone reformar las citadas leyes para establecer, de manera espec\u00edfica, la obligatoriedad de que existan recursos para atender las contingencias y necesidades m\u00e1s apremiantes que enfrentan los pueblos y comunidades ind\u00edgenas.<\/p>\n<p style=\"text-align: center;\"><iframe loading=\"lazy\" title=\"YouTube video player\" src=\"https:\/\/www.youtube.com\/embed\/YX3nkrJC5hs?si=PKqPN87RPuJH0wOA\" width=\"560\" height=\"315\" frameborder=\"0\" allowfullscreen=\"allowfullscreen\"><\/iframe><\/p>\n<p style=\"text-align: left;\">#PueblosOriginarios #ReformaLegislativa #RecursosInd\u00edgenas #Guerrero #JusticiaSocial #Inclusi\u00f3n #DesarrolloSostenible #DerechosHumanos #DiputadosGuerrero<\/p>\n","protected":false},"excerpt":{"rendered":"<p>\ufeff Chilpancingo, Gro., 24 de mayo de 2024.- El diputado Hermelindo Garc\u00eda Pe\u00f1afor propuso reformar y adicionar las Leyes Org\u00e1nica de la Administraci\u00f3n P\u00fablica y de Presupuesto y Disciplina Fiscal, ambas del Estado de Guerrero, a efecto de que se consideren recursos para programas y acciones para el desarrollo de pueblos y comunidades ind\u00edgenas, especialmente&#8230;<\/p>\n","protected":false},"author":1,"featured_media":9765,"comment_status":"closed","ping_status":"open","sticky":false,"template":"","format":"standard","meta":{"_monsterinsights_skip_tracking":false,"_monsterinsights_sitenote_active":false,"_monsterinsights_sitenote_note":"","_monsterinsights_sitenote_category":0,"footnotes":""},"categories":[3],"tags":[],"class_list":["post-9764","post","type-post","status-publish","format-standard","has-post-thumbnail","hentry","category-boletin"],"aioseo_notices":[],"_links":{"self":[{"href":"https:\/\/congresogro.gob.mx\/63\/inicio\/wp-json\/wp\/v2\/posts\/9764","targetHints":{"allow":["GET"]}}],"collection":[{"href":"https:\/\/congresogro.gob.mx\/63\/inicio\/wp-json\/wp\/v2\/posts"}],"about":[{"href":"https:\/\/congresogro.gob.mx\/63\/inicio\/wp-json\/wp\/v2\/types\/post"}],"author":[{"embeddable":true,"href":"https:\/\/congresogro.gob.mx\/63\/inicio\/wp-json\/wp\/v2\/users\/1"}],"replies":[{"embeddable":true,"href":"https:\/\/congresogro.gob.mx\/63\/inicio\/wp-json\/wp\/v2\/comments?post=9764"}],"version-history":[{"count":4,"href":"https:\/\/congresogro.gob.mx\/63\/inicio\/wp-json\/wp\/v2\/posts\/9764\/revisions"}],"predecessor-version":[{"id":9869,"href":"https:\/\/congresogro.gob.mx\/63\/inicio\/wp-json\/wp\/v2\/posts\/9764\/revisions\/9869"}],"wp:featuredmedia":[{"embeddable":true,"href":"https:\/\/congresogro.gob.mx\/63\/inicio\/wp-json\/wp\/v2\/media\/9765"}],"wp:attachment":[{"href":"https:\/\/congresogro.gob.mx\/63\/inicio\/wp-json\/wp\/v2\/media?parent=9764"}],"wp:term":[{"taxonomy":"category","embeddable":true,"href":"https:\/\/congresogro.gob.mx\/63\/inicio\/wp-json\/wp\/v2\/categories?post=9764"},{"taxonomy":"post_tag","embeddable":true,"href":"https:\/\/congresogro.gob.mx\/63\/inicio\/wp-json\/wp\/v2\/tags?post=9764"}],"curies":[{"name":"wp","href":"https:\/\/api.w.org\/{rel}","templated":true}]}}